{"id":883362,"date":"2026-03-20T15:12:17","date_gmt":"2026-03-20T15:12:17","guid":{"rendered":"https:\/\/www.europesays.com\/de\/883362\/"},"modified":"2026-03-20T15:12:17","modified_gmt":"2026-03-20T15:12:17","slug":"vorverkauf-fuer-museumsnacht-hat-begonnen","status":"publish","type":"post","link":"https:\/\/www.europesays.com\/de\/883362\/","title":{"rendered":"Vorverkauf f\u00fcr Museumsnacht hat begonnen"},"content":{"rendered":"<p>Fr\u00fchbucher sparen <\/p>\n<p>Kartenverkauf f\u00fcr Dresdner Museumsnacht hat begonnen<\/p>\n<p>20.03.2026 &#8211; 15:40 UhrLesedauer: 1 Min.<\/p>\n<p><a href=\"#focus-0\" class=\"transition-colors duration-200 block text-current relative\" data-sctrack=\"FocusGalleryImage.Reference\"><img fetchpriority=\"high\" data-testid=\"Opener.Image\" style=\"--lqipURL:url('https:\/\/images.t-online.de\/2026\/03\/0rPdbWSbNbFK\/9x556:2985x1679\/fit-in\/150x0\/filters:blur(25)\/blick-auf-die-dresdner-altstadt-bei-nacht-archivbild-fast-die-haelfte-der-orte-die-im-rahmen-der-dresdner-museumsnacht-oeffnen-liegen-in-der-altstadt.jpg')\"   loading=\"eager\" src=\"https:\/\/www.europesays.com\/de\/wp-content\/uploads\/2026\/03\/blick-auf-die-dresdner-altstadt-bei-nacht-archivbild-fast-die-haelfte-der-orte-die-im-rahmen-der-dre.jpeg\" alt=\"Blick auf die Dresdner Altstadt bei Nacht (Archivbild): Fast die H\u00e4lfte der Orte, die im Rahmen der Dresdner Museumsnacht \u00f6ffnen, liegen in der Altstadt.\" title=\"Blick auf die Dresdner Altstadt bei Nacht (Archivbild): Fast die H\u00e4lfte der Orte, die im Rahmen der Dresdner Museumsnacht \u00f6ffnen, liegen in der Altstadt.\" width=\"2985\" height=\"1679\" class=\"bg-[url:var(--lqipURL)] bg-cover bg-center flex h-full w-full max-w-full\" decoding=\"async\"\/><img style=\"--width:32;--height:32\" loading=\"lazy\" src=\"https:\/\/www.t-online.de\/s\/paper\/_next\/static\/media\/zoom-in.f7dae02f.svg\" alt=\"Vergr\u00f6\u00dfern des Bildes\" title=\"Vergr\u00f6\u00dfern des Bildes\" class=\"block h-[calc(var(--height)_\/_16_*_1rem)] w-[calc(var(--width)_\/_16_*_1rem)] max-w-none absolute bottom-8 right-8 rounded-4 bg-snow p-8\" decoding=\"async\"\/><\/a><\/p>\n<p>Blick auf die Dresdner Altstadt bei Nacht (Archivbild): Fast die H\u00e4lfte der Orte, die im Rahmen der Dresdner Museumsnacht \u00f6ffnen, liegen in der Altstadt. (Quelle: IMAGO\/Peter Widmann)<\/p>\n<p class=\"font-bold text-18 leading-17 user-text-lg:text-22 user-text-xl:text-24\">Am 20. Juni \u00f6ffnen \u00fcber 40 Museen in Dresden ihre T\u00fcren bis Mitternacht. Wer jetzt Tickets kauft, zahlt weniger.<\/p>\n<p class=\"text-18 leading-17 user-text-lg:text-22 user-text-xl:text-24\">Der Vorverkauf f\u00fcr die Dresdner Museumsnacht ist gestartet. Am Samstag, 20. Juni 2026, k\u00f6nnen Besucher von 18 bis 24 Uhr mehr als 40 Museen und Ausstellungsh\u00e4user besichtigen \u2013 darunter st\u00e4dtische Einrichtungen und die Staatlichen Kunstsammlungen.<\/p>\n<p class=\"text-18 leading-17 user-text-lg:text-22 user-text-xl:text-24\">Das Ticket gilt auch als Fahrschein: Von 14 Uhr bis 4 Uhr nachts fahren alle Busse und Bahnen im Verkehrsverbund Oberelbe f\u00fcr Karteninhaber (VVO) kostenlos.<\/p>\n<p class=\"text-18 leading-17 user-text-lg:text-22 user-text-xl:text-24\">Tickets verkaufen die Dresden Information am Neumarkt, die Konzertkassen im Florentinum und in der Schillergalerie sowie alle DDV-Lokale. Auch die Fahrausweisautomaten von Bahn und DVB im VVO-Gebiet sowie die DVB-Servicestellen f\u00fchren die Karten.<\/p>\n<p class=\"text-18 leading-17 user-text-lg:text-22 user-text-xl:text-24\">Im Umland gibt es Tickets unter anderem in der Touristeninformation Radebeul und bei allen SZ-Servicepunkten \u2013 etwa in Pirna, Mei\u00dfen, Freital oder Bautzen.<\/p>\n","protected":false},"excerpt":{"rendered":"Fr\u00fchbucher sparen Kartenverkauf f\u00fcr Dresdner Museumsnacht hat begonnen 20.03.2026 &#8211; 15:40 UhrLesedauer: 1 Min. Blick auf die Dresdner&hellip;\n","protected":false},"author":2,"featured_media":883363,"comment_status":"","ping_status":"","sticky":false,"template":"","format":"standard","meta":{"footnotes":"","_share_on_mastodon":"0"},"categories":[1835],"tags":[722,3364,29,2386,30,102639,28323,859],"class_list":["post-883362","post","type-post","status-publish","format-standard","has-post-thumbnail","category-dresden","tag-722","tag-de","tag-deutschland","tag-dresden","tag-germany","tag-kartenverkauf","tag-museumsnacht","tag-sachsen"],"share_on_mastodon":{"url":"https:\/\/pubeurope.com\/@de\/116262151661692922","error":""},"_links":{"self":[{"href":"https:\/\/www.europesays.com\/de\/wp-json\/wp\/v2\/posts\/883362","targetHints":{"allow":["GET"]}}],"collection":[{"href":"https:\/\/www.europesays.com\/de\/wp-json\/wp\/v2\/posts"}],"about":[{"href":"https:\/\/www.europesays.com\/de\/wp-json\/wp\/v2\/types\/post"}],"author":[{"embeddable":true,"href":"https:\/\/www.europesays.com\/de\/wp-json\/wp\/v2\/users\/2"}],"replies":[{"embeddable":true,"href":"https:\/\/www.europesays.com\/de\/wp-json\/wp\/v2\/comments?post=883362"}],"version-history":[{"count":0,"href":"https:\/\/www.europesays.com\/de\/wp-json\/wp\/v2\/posts\/883362\/revisions"}],"wp:featuredmedia":[{"embeddable":true,"href":"https:\/\/www.europesays.com\/de\/wp-json\/wp\/v2\/media\/883363"}],"wp:attachment":[{"href":"https:\/\/www.europesays.com\/de\/wp-json\/wp\/v2\/media?parent=883362"}],"wp:term":[{"taxonomy":"category","embeddable":true,"href":"https:\/\/www.europesays.com\/de\/wp-json\/wp\/v2\/categories?post=883362"},{"taxonomy":"post_tag","embeddable":true,"href":"https:\/\/www.europesays.com\/de\/wp-json\/wp\/v2\/tags?post=883362"}],"curies":[{"name":"wp","href":"https:\/\/api.w.org\/{rel}","templated":true}]}}