{"id":883396,"date":"2026-03-20T15:33:15","date_gmt":"2026-03-20T15:33:15","guid":{"rendered":"https:\/\/www.europesays.com\/de\/883396\/"},"modified":"2026-03-20T15:33:15","modified_gmt":"2026-03-20T15:33:15","slug":"tote-frau-in-muenchner-wohnung-aufgefunden-polizei-nennt-neue-details","status":"publish","type":"post","link":"https:\/\/www.europesays.com\/de\/883396\/","title":{"rendered":"Tote Frau in M\u00fcnchner Wohnung aufgefunden \u2013 Polizei nennt neue Details"},"content":{"rendered":"<p>Am Donnerstagabend lief im M\u00fcnchner Stadtteil Moosach ein gr\u00f6\u00dferer Polizeieinsatz. In einer Wohnung in der Karlingerstra\u00dfe ist eine tote Frau aufgefunden worden, wie die Polizei auf Nachfrage der Abendzeitung best\u00e4tigte.\u00a0<\/p>\n<p>Ersten Informationen der Polizei zufolge ging gegen 19.30 Uhr ein Notruf bei der M\u00fcnchner Polizei ein. Der Anrufer teilte mit, dass eine Frau in einer Wohnung in Moosach verletzt sei. Ob und in welcher Beziehung der Anrufer zur toten Frau steht, sei zun\u00e4chst unklar gewesen.\u00a0 Als die Polizeistreife dort eintraf, sei die Frau bereits tot gewesen, hie\u00df es von einem Polizeisprecher. Wie lange die Frau bereits tot war, war demnach zun\u00e4chst unklar.\u00a0<\/p>\n<p>Hinweise auf Fremdverschulden \u2013 eine Person festgenommen<\/p>\n<p>Wie der Polizeisprecher weiter mitteilte, gab es vor Ort Hinweise auf ein Fremdverschulden. Eine vors\u00e4tzliche Tat sei nicht auszuschlie\u00dfen. Bei einer Absuche im Nahbereich nahmen Beamte einen m\u00e4nnlichen Verd\u00e4chtigen vorl\u00e4ufig fest. &#8222;Es wird derzeit kein weiterer Tatverd\u00e4chtiger gesucht&#8220;, so der Sprecher.<\/p>\n<p>        An dieser Stelle finden Sie einen externen Inhalt (Instagram Reel). Sie k\u00f6nnen sich Inhalte dieses Anbieters mit einem Klick anzeigen lassen und wieder ausblenden.<\/p>\n<p>\n        Anzeigen\n        <\/p>\n<p>\n        Externe Inhalte ausblenden\n        <\/p>\n<p>\n        Anzeige f\u00fcr den Anbieter Instagram Reel \u00fcber den Consent-Anbieter verweigert\n    <\/p>\n<p>Tatverd\u00e4chtiger sitzt in U-Haft<\/p>\n<p>Wie die Polizei am Freitag mitteilte, handelt es sich bei dem Opfer um eine 31-j\u00e4hrige Frau, beim Tatverd\u00e4chtigen um einen 32-J\u00e4hrigen. Beide sollen eine gemeinsame Beziehung gef\u00fchrt haben, die vor der Tat allerdings schon beendet gewesen sei. \u00dcber das Motiv und den genauen Tatablauf ist weiterhin nichts bekannt.<\/p>\n<p>Der 32-J\u00e4hrige wurde am Freitag dem Ermittlungsrichter vorgef\u00fchrt. Gegen den Tatverd\u00e4chtigen ist Haftbefehl wegen Totschlags ergangen, er sitzt nun in der JVA Stadelheim in Untersuchungshaft.<\/p>\n","protected":false},"excerpt":{"rendered":"Am Donnerstagabend lief im M\u00fcnchner Stadtteil Moosach ein gr\u00f6\u00dferer Polizeieinsatz. In einer Wohnung in der Karlingerstra\u00dfe ist eine&hellip;\n","protected":false},"author":2,"featured_media":883397,"comment_status":"","ping_status":"","sticky":false,"template":"","format":"standard","meta":{"footnotes":"","_share_on_mastodon":"0"},"categories":[1827],"tags":[772,29,72307,30,6533,1268,16184,121,5089,12219],"class_list":["post-883396","post","type-post","status-publish","format-standard","has-post-thumbnail","category-muenchen","tag-bayern","tag-deutschland","tag-fremdverschulden","tag-germany","tag-moosach","tag-muenchen","tag-notruf","tag-polizei","tag-taeter","tag-tote"],"share_on_mastodon":{"url":"https:\/\/pubeurope.com\/@de\/116262234230321278","error":""},"_links":{"self":[{"href":"https:\/\/www.europesays.com\/de\/wp-json\/wp\/v2\/posts\/883396","targetHints":{"allow":["GET"]}}],"collection":[{"href":"https:\/\/www.europesays.com\/de\/wp-json\/wp\/v2\/posts"}],"about":[{"href":"https:\/\/www.europesays.com\/de\/wp-json\/wp\/v2\/types\/post"}],"author":[{"embeddable":true,"href":"https:\/\/www.europesays.com\/de\/wp-json\/wp\/v2\/users\/2"}],"replies":[{"embeddable":true,"href":"https:\/\/www.europesays.com\/de\/wp-json\/wp\/v2\/comments?post=883396"}],"version-history":[{"count":0,"href":"https:\/\/www.europesays.com\/de\/wp-json\/wp\/v2\/posts\/883396\/revisions"}],"wp:featuredmedia":[{"embeddable":true,"href":"https:\/\/www.europesays.com\/de\/wp-json\/wp\/v2\/media\/883397"}],"wp:attachment":[{"href":"https:\/\/www.europesays.com\/de\/wp-json\/wp\/v2\/media?parent=883396"}],"wp:term":[{"taxonomy":"category","embeddable":true,"href":"https:\/\/www.europesays.com\/de\/wp-json\/wp\/v2\/categories?post=883396"},{"taxonomy":"post_tag","embeddable":true,"href":"https:\/\/www.europesays.com\/de\/wp-json\/wp\/v2\/tags?post=883396"}],"curies":[{"name":"wp","href":"https:\/\/api.w.org\/{rel}","templated":true}]}}