{"id":883473,"date":"2026-03-20T16:16:15","date_gmt":"2026-03-20T16:16:15","guid":{"rendered":"https:\/\/www.europesays.com\/de\/883473\/"},"modified":"2026-03-20T16:16:15","modified_gmt":"2026-03-20T16:16:15","slug":"ukraine-krieg-aktuell-billig-drohne-zerstoert-russischen-kampfhubschrauber","status":"publish","type":"post","link":"https:\/\/www.europesays.com\/de\/883473\/","title":{"rendered":"Ukraine-Krieg aktuell: Billig-Drohne zerst\u00f6rt russischen Kampfhubschrauber"},"content":{"rendered":"<p class=\"text-18 leading-17 user-text-lg:text-22 user-text-xl:text-24\">Sollte der Krieg erst Ende Mai enden, l\u00e4gen die Mehreinnahmen bei 161,3 Milliarden und einem Plus von 97 Milliarden Dollar Steuereinnahmen. Bei einer Kriegsdauer von sechs Monaten w\u00fcrde Russland den Berechnungen zufolge sogar \u00fcber 250 Milliarden Dollar mehr einnehmen. Die Steuereinnahmen w\u00e4ren demnach um rund 151 Milliarden Dollar h\u00f6her.<\/p>\n<p class=\"text-18 leading-17 user-text-lg:text-22 user-text-xl:text-24\">Russland erw\u00e4gt laut einem hochrangigen Kreml-Berater, seine sogenannten Schattenflotten-Schiffe k\u00fcnftig mit Kriegsschiffen zu eskortieren, wie Nikolai Patruschew am Donnerstag erkl\u00e4rte.<\/p>\n<p class=\"text-18 leading-17 user-text-lg:text-22 user-text-xl:text-24\">Patruschew sagte in einem Interview mit staatlichen Medien, die russische Schifffahrt sehe sich zunehmenden Bedrohungen ausgesetzt. Bereits im Februar habe er eine m\u00f6gliche milit\u00e4rische Begleitung f\u00fcr russische Schiffe oder solche, die im Auftrag Russlands unterwegs sind, ins Gespr\u00e4ch gebracht.<\/p>\n<p class=\"text-18 leading-17 user-text-lg:text-22 user-text-xl:text-24\">Er erkl\u00e4rte, es gebe &#8222;eine beispiellose Kampagne&#8220; gegen die Flotte, die Fracht aus russischen H\u00e4fen transportiere. Einige L\u00e4nder h\u00e4tten sich &#8222;in ihrer Jagd auf Tanker, Massengutfrachter und Containerschiffe mitrei\u00dfen lassen&#8220;. Als Beispiel nannte Patruschew einen mutma\u00dflichen Angriff auf einen russischen Fl\u00fcssiggastanker im Mittelmeer. Der Vorfall mit dem Schiff &#8222;Arctic Metagas&#8220; sei &#8222;ein emp\u00f6render Vorfall&#8220; und werde als &#8222;Akt des internationalen Terrorismus&#8220; gewertet.<\/p>\n<p class=\"text-18 leading-17 user-text-lg:text-22 user-text-xl:text-24\">Die EU will Wege finden, den zugesagten Kredit von 90 Milliarden Euro an die Ukraine trotz des anhaltenden Widerstands Ungarns auszuzahlen. &#8222;Wir werden auf die eine oder andere Weise liefern&#8220;, sagt EU-Kommissionspr\u00e4sidentin Ursula von der Leyen nach dem EU-Gipfel in <a class=\"transition-colors duration-200 cursor-pointer text-inherit no-underline text-salemsfur md:hover:text-magenta md:hover:border-magenta md:focus:text-magenta border-current border-b border-solid break-words\" data-tracking=\"{&quot;action&quot;:&quot;click&quot;,&quot;category&quot;:&quot;intextLink&quot;,&quot;label&quot;:&quot;\/themen\/bruessel\/&quot;}\" href=\"https:\/\/www.t-online.de\/themen\/bruessel\/\" data-sctrack=\"BodyAnchor\" rel=\"nofollow noopener\" target=\"_blank\">Br\u00fcssel<\/a>. EU-Ratspr\u00e4sident Ant\u00f3nio Costa erkl\u00e4rt dazu, die EU-Staats- und Regierungschefs h\u00e4tten den &#8222;inakzeptablen&#8220; Widerstand Ungarns gegen die Auszahlung des Ukraine-Kredits bei ihrem Treffen verurteilt: &#8222;Eine Vereinbarung ist eine Vereinbarung, wir m\u00fcssen zu unserem Wort stehen. Und niemand kann den Europ\u00e4ischen Rat erpressen.&#8220;<\/p>\n<p class=\"text-18 leading-17 user-text-lg:text-22 user-text-xl:text-24\">Beim EU-Gipfel in Br\u00fcssel haben <a class=\"transition-colors duration-200 cursor-pointer text-inherit no-underline text-salemsfur md:hover:text-magenta md:hover:border-magenta md:focus:text-magenta border-current border-b border-solid break-words\" data-tracking=\"{&quot;action&quot;:&quot;click&quot;,&quot;category&quot;:&quot;intextLink&quot;,&quot;label&quot;:&quot;\/themen\/ungarn\/&quot;}\" href=\"https:\/\/www.t-online.de\/themen\/ungarn\/\" data-sctrack=\"BodyAnchor\" rel=\"nofollow noopener\" target=\"_blank\">Ungarn<\/a> und die <a class=\"transition-colors duration-200 cursor-pointer text-inherit no-underline text-salemsfur md:hover:text-magenta md:hover:border-magenta md:focus:text-magenta border-current border-b border-solid break-words\" data-tracking=\"{&quot;action&quot;:&quot;click&quot;,&quot;category&quot;:&quot;intextLink&quot;,&quot;label&quot;:&quot;\/themen\/slowakei\/&quot;}\" href=\"https:\/\/www.t-online.de\/themen\/slowakei\/\" data-sctrack=\"BodyAnchor\" rel=\"nofollow noopener\" target=\"_blank\">Slowakei<\/a> ungeachtet des Drucks der \u00fcbrigen Mitgliedstaaten an ihrer Blockade des 90-Milliarden-Kredits f\u00fcr die Ukraine festgehalten. Die \u00fcbrigen 25 Staats- und Regierungschefs h\u00e4tten es nicht geschafft, den ungarischen Regierungschef Viktor Orb\u00e1n umzustimmen, verlautete es am Donnerstag aus Diplomatenkreisen. Dennoch erwarten die anderen Mitgliedstaaten einer Gipfelerkl\u00e4rung zufolge den Beginn der Kredit-Auszahlung f\u00fcr &#8222;Anfang April&#8220;.<\/p>\n","protected":false},"excerpt":{"rendered":"Sollte der Krieg erst Ende Mai enden, l\u00e4gen die Mehreinnahmen bei 161,3 Milliarden und einem Plus von 97&hellip;\n","protected":false},"author":2,"featured_media":883474,"comment_status":"","ping_status":"","sticky":false,"template":"","format":"standard","meta":{"footnotes":"","_share_on_mastodon":"0"},"categories":[4013],"tags":[1217,326,331,332,937,1160,29,1478,1356,3189,548,41358,156,551,13,2954,186871,101652,5793,5020,8188,3083,153489,700,6378,14,15,3129,965,194730,913,7892,12024,4043,4044,850,307,6402,12,27230,7376,50575,317,312,501,500,672,306,107],"class_list":["post-883473","post","type-post","status-publish","format-standard","has-post-thumbnail","category-russland","tag-1217","tag-326","tag-aktuelle-nachrichten","tag-aktuelle-news","tag-bruessel","tag-daenemark","tag-deutschland","tag-drohne","tag-emmanuel-macron","tag-estland","tag-eu","tag-eu-gipfel","tag-frankreich","tag-grossbritannien","tag-headlines","tag-hubschrauber","tag-iran-krieg","tag-kampfhubschrauber","tag-kiew","tag-kreml","tag-kriegsschiff","tag-krim","tag-mehreinnahme","tag-mittelmeer","tag-murmansk","tag-nachrichten","tag-news","tag-newsblog","tag-niederlande","tag-nikolai-patruschew","tag-norwegen","tag-pokrowsk","tag-rumaenien","tag-russia","tag-russian-federation","tag-russische-foederation","tag-russland","tag-schiff","tag-schlagzeilen","tag-sewastopol","tag-slowakei","tag-toulon","tag-ukraine","tag-ukrainekrieg","tag-ungarn","tag-viktor-orban","tag-whatsapp","tag-wladimir-putin","tag-wolodymyr-selenskyj"],"share_on_mastodon":{"url":"","error":"Validation failed: Text character limit of 500 exceeded"},"_links":{"self":[{"href":"https:\/\/www.europesays.com\/de\/wp-json\/wp\/v2\/posts\/883473","targetHints":{"allow":["GET"]}}],"collection":[{"href":"https:\/\/www.europesays.com\/de\/wp-json\/wp\/v2\/posts"}],"about":[{"href":"https:\/\/www.europesays.com\/de\/wp-json\/wp\/v2\/types\/post"}],"author":[{"embeddable":true,"href":"https:\/\/www.europesays.com\/de\/wp-json\/wp\/v2\/users\/2"}],"replies":[{"embeddable":true,"href":"https:\/\/www.europesays.com\/de\/wp-json\/wp\/v2\/comments?post=883473"}],"version-history":[{"count":0,"href":"https:\/\/www.europesays.com\/de\/wp-json\/wp\/v2\/posts\/883473\/revisions"}],"wp:featuredmedia":[{"embeddable":true,"href":"https:\/\/www.europesays.com\/de\/wp-json\/wp\/v2\/media\/883474"}],"wp:attachment":[{"href":"https:\/\/www.europesays.com\/de\/wp-json\/wp\/v2\/media?parent=883473"}],"wp:term":[{"taxonomy":"category","embeddable":true,"href":"https:\/\/www.europesays.com\/de\/wp-json\/wp\/v2\/categories?post=883473"},{"taxonomy":"post_tag","embeddable":true,"href":"https:\/\/www.europesays.com\/de\/wp-json\/wp\/v2\/tags?post=883473"}],"curies":[{"name":"wp","href":"https:\/\/api.w.org\/{rel}","templated":true}]}}