{"id":883670,"date":"2026-03-20T18:12:16","date_gmt":"2026-03-20T18:12:16","guid":{"rendered":"https:\/\/www.europesays.com\/de\/883670\/"},"modified":"2026-03-20T18:12:16","modified_gmt":"2026-03-20T18:12:16","slug":"cirque-du-soleil-ab-26-maerz","status":"publish","type":"post","link":"https:\/\/www.europesays.com\/de\/883670\/","title":{"rendered":"Cirque du Soleil ab 26. M\u00e4rz"},"content":{"rendered":"<p class=\"text_ohne_einzug richtext text-em-55 !leading-serif mx-6 desktop:mx-0\">Der \u201eCirque du Soleil\u201c machte seinem Namen am Freitag alle Ehre. Die Vorbereitungen f\u00fcr die renommierte Zirkus-Show, die kommende Woche in D\u00fcsseldorf startet, laufen seit Donnerstag auf Hochtouren. Wie k\u00f6nnte das Wetter beim Aufbau des \u201eZirkus der Sonne\u201c besser sein als mit blauem Himmel und strahlendem Sonnenschein. Besonders die Crew, die acht Tage lang mit den Aufbauarbeiten besch\u00e4ftigt ist, wird sich \u00fcber diese Bedingungen freuen.<\/p>\n","protected":false},"excerpt":{"rendered":"Der \u201eCirque du Soleil\u201c machte seinem Namen am Freitag alle Ehre. Die Vorbereitungen f\u00fcr die renommierte Zirkus-Show, die&hellip;\n","protected":false},"author":2,"featured_media":883671,"comment_status":"","ping_status":"","sticky":false,"template":"","format":"standard","meta":{"footnotes":"","_share_on_mastodon":"0"},"categories":[1831],"tags":[182515,182354,3364,29,3405,30,1209,182355,3482,20542,15609],"class_list":["post-883670","post","type-post","status-publish","format-standard","has-post-thumbnail","category-duesseldorf","tag-alegria","tag-cirque","tag-de","tag-deutschland","tag-duesseldorf","tag-germany","tag-nordrhein-westfalen","tag-soleil","tag-zelt","tag-zirkuszelt","tag-zuschauer"],"share_on_mastodon":{"url":"https:\/\/pubeurope.com\/@de\/116262859315597574","error":""},"_links":{"self":[{"href":"https:\/\/www.europesays.com\/de\/wp-json\/wp\/v2\/posts\/883670","targetHints":{"allow":["GET"]}}],"collection":[{"href":"https:\/\/www.europesays.com\/de\/wp-json\/wp\/v2\/posts"}],"about":[{"href":"https:\/\/www.europesays.com\/de\/wp-json\/wp\/v2\/types\/post"}],"author":[{"embeddable":true,"href":"https:\/\/www.europesays.com\/de\/wp-json\/wp\/v2\/users\/2"}],"replies":[{"embeddable":true,"href":"https:\/\/www.europesays.com\/de\/wp-json\/wp\/v2\/comments?post=883670"}],"version-history":[{"count":0,"href":"https:\/\/www.europesays.com\/de\/wp-json\/wp\/v2\/posts\/883670\/revisions"}],"wp:featuredmedia":[{"embeddable":true,"href":"https:\/\/www.europesays.com\/de\/wp-json\/wp\/v2\/media\/883671"}],"wp:attachment":[{"href":"https:\/\/www.europesays.com\/de\/wp-json\/wp\/v2\/media?parent=883670"}],"wp:term":[{"taxonomy":"category","embeddable":true,"href":"https:\/\/www.europesays.com\/de\/wp-json\/wp\/v2\/categories?post=883670"},{"taxonomy":"post_tag","embeddable":true,"href":"https:\/\/www.europesays.com\/de\/wp-json\/wp\/v2\/tags?post=883670"}],"curies":[{"name":"wp","href":"https:\/\/api.w.org\/{rel}","templated":true}]}}