{"id":884430,"date":"2026-03-21T01:46:22","date_gmt":"2026-03-21T01:46:22","guid":{"rendered":"https:\/\/www.europesays.com\/de\/884430\/"},"modified":"2026-03-21T01:46:22","modified_gmt":"2026-03-21T01:46:22","slug":"richter-kassiert-hegseths-regeln-fuer-journalisten","status":"publish","type":"post","link":"https:\/\/www.europesays.com\/de\/884430\/","title":{"rendered":"Richter kassiert Hegseths Regeln f\u00fcr Journalisten"},"content":{"rendered":"<p class=\"text-18 leading-17 user-text-lg:text-22 user-text-xl:text-24\">Doch der Vater einer der Soldaten erkl\u00e4rt nun bei &#8222;NBC News&#8220;, dass das so nicht stimmt. &#8222;Ich kann nicht f\u00fcr die anderen Familien sprechen. Als er mit mir sprach, war das kein Thema&#8220;, erkl\u00e4rte er dem Sender. Er habe dem Verteidigungsminister gesagt, dass er inst\u00e4ndig hoffe, dass die getroffenen Entscheidungen im Rahmen des Krieges notwendig sind. \u00dcber die Notwendigkeit, den Krieg fortzusetzen, habe er weder mit Hegseth noch mit dem US-Pr\u00e4sidenten Donald Trump gesprochen.<\/p>\n<p class=\"text-18 leading-17 user-text-lg:text-22 user-text-xl:text-24\">Erneut ist ein Mensch in einem Haftlager der US-Einwanderungsbeh\u00f6rde ICE ums Leben gekommen. Ein 19-j\u00e4hriger Mexikaner habe in dem Lager in <a class=\"transition-colors duration-200 cursor-pointer text-inherit no-underline text-salemsfur md:hover:text-magenta md:hover:border-magenta md:focus:text-magenta border-current border-b border-solid break-words\" data-tracking=\"{&quot;action&quot;:&quot;click&quot;,&quot;category&quot;:&quot;intextLink&quot;,&quot;label&quot;:&quot;\/themen\/florida\/&quot;}\" href=\"https:\/\/www.t-online.de\/themen\/florida\/\" data-sctrack=\"BodyAnchor\" rel=\"nofollow noopener\" target=\"_blank\">Florida<\/a> mutma\u00dflich Suizid begangen, erkl\u00e4rte die Beh\u00f6rde. Die mexikanische Regierung sprach am Donnerstag (Ortszeit) von einem &#8222;inakzeptablen&#8220; <a class=\"transition-colors duration-200 cursor-pointer text-inherit no-underline text-salemsfur md:hover:text-magenta md:hover:border-magenta md:focus:text-magenta border-current border-b border-solid break-words\" data-tracking=\"{&quot;action&quot;:&quot;click&quot;,&quot;category&quot;:&quot;intextLink&quot;,&quot;label&quot;:&quot;\/themen\/todesfaelle\/&quot;}\" href=\"https:\/\/www.t-online.de\/themen\/todesfaelle\/\" data-sctrack=\"BodyAnchor\" rel=\"nofollow noopener\" target=\"_blank\">Todesfall<\/a> und forderte eine &#8222;gr\u00fcndliche Untersuchung&#8220;.<\/p>\n<p class=\"text-18 leading-17 user-text-lg:text-22 user-text-xl:text-24\">Es ist bereits der 44. Todesfall in einem ICE-Haftzentrum seit Amtsantritt von Pr\u00e4sident Donald Trump im Januar vergangenen Jahres. Der US-Einwanderungsbeh\u00f6rde zufolge war der 19-J\u00e4hrige im Januar festgenommen worden und sa\u00df seit Ende Februar in dem Haftlager im Landkreis Glades in Florida ein.<\/p>\n<p class=\"text-18 leading-17 user-text-lg:text-22 user-text-xl:text-24\">Ein US-Kunstgremium hat die Pr\u00e4gung einer Gedenkm\u00fcnze aus Gold mit dem Konterfei des US-Pr\u00e4sidenten Donald Trump gebilligt. Die Entscheidung der von US-Pr\u00e4sident Trump ernannten Mitglieder des Gremiums war einstimmig. Die M\u00fcnze ist Teil einer Serie, die die US-M\u00fcnzanstalt zum 250. Geburtstag der <a class=\"transition-colors duration-200 cursor-pointer text-inherit no-underline text-salemsfur md:hover:text-magenta md:hover:border-magenta md:focus:text-magenta border-current border-b border-solid break-words\" data-tracking=\"{&quot;action&quot;:&quot;click&quot;,&quot;category&quot;:&quot;intextLink&quot;,&quot;label&quot;:&quot;\/themen\/usa\/&quot;}\" href=\"https:\/\/www.t-online.de\/themen\/usa\/\" data-sctrack=\"BodyAnchor\" rel=\"nofollow noopener\" target=\"_blank\">USA<\/a> in diesem Jahr herstellen will.<\/p>\n","protected":false},"excerpt":{"rendered":"Doch der Vater einer der Soldaten erkl\u00e4rt nun bei &#8222;NBC News&#8220;, dass das so nicht stimmt. &#8222;Ich kann&hellip;\n","protected":false},"author":2,"featured_media":884431,"comment_status":"","ping_status":"","sticky":false,"template":"","format":"standard","meta":{"footnotes":"","_share_on_mastodon":"0"},"categories":[3],"tags":[1217,326,7797,106,444,6784,194878,59167,17423,13,2229,345,372,31593,14,1159,453,15,3129,194876,194877,194347,649,7895,120168,12,29839,3533,10,8,9,11,12552,5162,64,1700,320,103,104,165561],"class_list":["post-884430","post","type-post","status-publish","format-standard","has-post-thumbnail","category-welt","tag-1217","tag-326","tag-7797","tag-donald-trump","tag-elon-musk","tag-florida","tag-goldmuenze","tag-gustavo-petro","tag-harvard","tag-headlines","tag-ice","tag-iran","tag-japan","tag-militaereinsatz","tag-nachrichten","tag-nato","tag-new-york-times","tag-news","tag-newsblog","tag-pantagon","tag-paul-friedman","tag-pearl-harbor","tag-pete-hegseth","tag-san-francisco","tag-sanae-takaichi","tag-schlagzeilen","tag-strasse-von-hormus","tag-todesfall","tag-top-news","tag-top-meldungen","tag-topmeldungen","tag-topnews","tag-twitter","tag-universitaet","tag-usa","tag-venezuela","tag-washington","tag-welt","tag-world","tag-zugangsregel"],"share_on_mastodon":{"url":"","error":"Validation failed: Text character limit of 500 exceeded"},"_links":{"self":[{"href":"https:\/\/www.europesays.com\/de\/wp-json\/wp\/v2\/posts\/884430","targetHints":{"allow":["GET"]}}],"collection":[{"href":"https:\/\/www.europesays.com\/de\/wp-json\/wp\/v2\/posts"}],"about":[{"href":"https:\/\/www.europesays.com\/de\/wp-json\/wp\/v2\/types\/post"}],"author":[{"embeddable":true,"href":"https:\/\/www.europesays.com\/de\/wp-json\/wp\/v2\/users\/2"}],"replies":[{"embeddable":true,"href":"https:\/\/www.europesays.com\/de\/wp-json\/wp\/v2\/comments?post=884430"}],"version-history":[{"count":0,"href":"https:\/\/www.europesays.com\/de\/wp-json\/wp\/v2\/posts\/884430\/revisions"}],"wp:featuredmedia":[{"embeddable":true,"href":"https:\/\/www.europesays.com\/de\/wp-json\/wp\/v2\/media\/884431"}],"wp:attachment":[{"href":"https:\/\/www.europesays.com\/de\/wp-json\/wp\/v2\/media?parent=884430"}],"wp:term":[{"taxonomy":"category","embeddable":true,"href":"https:\/\/www.europesays.com\/de\/wp-json\/wp\/v2\/categories?post=884430"},{"taxonomy":"post_tag","embeddable":true,"href":"https:\/\/www.europesays.com\/de\/wp-json\/wp\/v2\/tags?post=884430"}],"curies":[{"name":"wp","href":"https:\/\/api.w.org\/{rel}","templated":true}]}}