{"id":88449,"date":"2025-05-06T08:01:10","date_gmt":"2025-05-06T08:01:10","guid":{"rendered":"https:\/\/www.europesays.com\/de\/88449\/"},"modified":"2025-05-06T08:01:10","modified_gmt":"2025-05-06T08:01:10","slug":"berlin-kuenftige-senatorin-wedl-wilson-will-weitere-einsparungen-bei-der-kultur-vermeiden","status":"publish","type":"post","link":"https:\/\/www.europesays.com\/de\/88449\/","title":{"rendered":"Berlin: K\u00fcnftige Senatorin Wedl-Wilson will weitere Einsparungen bei der Kultur vermeiden"},"content":{"rendered":"<p class=\"metatextline\">Stand: 06.05.2025 09:14 Uhr<\/p>\n<p class=\"textabsatz columns twelve  m-ten  m-offset-one l-eight l-offset-two\">\n        <strong>Die neue Berliner Kultursenatorin Sarah Wedl-Wilson will K\u00fcrzungen in der Branche \u00fcber die bereits feststehenden Einsparungen in diesem Jahr hinaus verhindern. Weitere Abstriche seien f\u00fcr die Szene nicht m\u00f6glich.<\/strong>\n    <\/p>\n<p class=\"textabsatz m-ten m-offset-one l-eight l-offset-two columns twelve\">\nBerlins k\u00fcnftige Kultursenatorin Sarah Wedl-Wilson (parteilos) wendet sich gegen weitere Einsparungen in der Kultur ab dem kommenden Jahr. Die Einsparungen von 130 Millionen Euro im aktuellen Haushalt habe man durch die Aufl\u00f6sung vieler R\u00fccklagen gerade noch so geschafft, sagte Wedl-Wilson dem rbb am Dienstag. Weitere K\u00fcrzungen seien nicht m\u00f6glich: &#8222;Das schaffen wir nicht, wir k\u00f6nnen diese hohe Summe nicht aus der Kultur in Berlin herausnehmen.&#8220;<\/p>\n<p>            <img loading=\"lazy\" decoding=\"async\" class=\"ts-image\" src=\"https:\/\/www.europesays.com\/de\/wp-content\/uploads\/2025\/05\/rbb-sarah-wedl-wilson-523175699-100.jpg\" alt=\"Berlins neue Kultursenatorin Sarah Wedl-Wilson am 05.05.2025. (Quelle: picture alliance\/dpa\/Paul Zinken)\" title=\"Audio: rbb24 Abendschau | 05.05.2025 | Petra Gute | picture alliance\/dpa\/Paul Zinken\"\/><\/p>\n<p>Neue Kultursenatorin Wedl-Wilson: Geigerin, parteilos &#8211; und schon im Stoff<\/p>\n<p>            Als Berliner Kultursenator hatte Joe Chialo manch schillernde Idee. Als das Geld knapp wurde, warf er das Handtuch. Jetzt soll es seine bisherige Staatssekret\u00e4rin richten: Sarah Wedl-Wilson. In der Kulturszene hat sie sich dialogbereit gezeigt. Von Jan Menzel und Angela Ulrich<a href=\"https:\/\/www.rbb24.de\/kultur\/beitrag\/2025\/05\/portraet-kultursenatorin-berlin-sarah-wedl-wilson.html\" title=\"mehr\" class=\"textlink--extern\" target=\"_blank\" rel=\"noopener nofollow\">mehr<\/a><\/p>\n<p>    Wedl-Wilson sieht Verbesserungspotenzial bei Logistik und Infrastruktur<\/p>\n<p class=\"textabsatz m-ten m-offset-one l-eight l-offset-two columns twelve\">\nDerzeit werde untersucht, was man anders machen k\u00f6nne, &#8222;damit wir zuletzt an der Kunst sparen&#8220;, so Wedl-Wilson. &#8222;Mein Ziel ist es, so zu stabilisieren, dass wir woanders sparen k\u00f6nnen.&#8220; M\u00f6gliche Einsparpotenziale sieht die k\u00fcnftige Kultursenatorin in der engeren Zusammenarbeit der Kultureinrichtungen &#8211; etwa in der Logistik, bei Ticketb\u00fcros oder in der Buchhaltung. &#8222;Und andererseits sagen wir: Es m\u00fcssen mehr Einnahmen her.&#8220;<br \/>\u00a0<br \/><a href=\"https:\/\/www.rbb24.de\/politik\/beitrag\/2025\/05\/berlin-neue-kultur-senatorin-sarah-wedl-wilson-chialo-nachfolge.html\" title=\"Wedl-Wilson war am Montag als neue Kultursenatorin vorgestellt worden.\" class=\"textlink--extern\" target=\"_blank\" rel=\"noopener nofollow\">Wedl-Wilson war am Montag als neue Kultursenatorin vorgestellt worden.<\/a> Die Neubesetzung an der Spitze der Kulturverwaltung war notwendig geworden, weil der bisherige Senator <a href=\"https:\/\/www.rbb24.de\/politik\/beitrag\/2025\/05\/berlin-kultur-senator-joe-chialo-ruecktritt.html\" title=\"Joe Chialo (CDU) Ende vergangener Woche um seine Entlassung gebeten\" class=\"textlink--extern\" target=\"_blank\" rel=\"noopener nofollow\">Joe Chialo (CDU) Ende vergangener Woche um seine Entlassung gebeten<\/a> hatte.<br \/>\u00a0<br \/>Chialo hatte zur Begr\u00fcndung f\u00fcr seinen R\u00fccktritt auf die Sparzw\u00e4nge in der Berliner Kultur hingewiesen. Der Berliner Senat hatte im vergangenen Jahr einschneidende K\u00fcrzungen im gesamten Haushalt 2025 beschlossen. Ein Vorwurf an Chialo lautete, sich in den Haushaltsverhandlungen nicht genug f\u00fcr die Interessen der Kultur eingesetzt zu haben.<\/p>\n<p class=\"textabsatz m-ten m-offset-one l-eight l-offset-two columns twelve\">\nSendung: Radio3, 06.05.2025, 7:15 Uhr<\/p>\n<p>                                        <a class=\"backlink__link\" href=\"https:\/\/www.rbb24.de\/kultur\/beitrag\/2025\/05\/berlin-senatorin-wedl-wilson-amtsantritt-kuerzungen-einsparungen.html\" rel=\"nofollow noopener\" target=\"_blank\"><\/p>\n<p>                                                <img loading=\"lazy\" decoding=\"async\" alt=\"Rundfunk Berlin-Brandenburg\" src=\"https:\/\/www.europesays.com\/de\/wp-content\/uploads\/2025\/04\/1745108282_195_lra-rbb-logo-100.svg.svg+xml\" height=\"40\" width=\"40\"\/><\/p>\n<p>                                        <\/a><\/p>\n","protected":false},"excerpt":{"rendered":"Stand: 06.05.2025 09:14 Uhr Die neue Berliner Kultursenatorin Sarah Wedl-Wilson will K\u00fcrzungen in der Branche \u00fcber die bereits&hellip;\n","protected":false},"author":2,"featured_media":88450,"comment_status":"","ping_status":"","sticky":false,"template":"","format":"standard","meta":{"footnotes":""},"categories":[1825],"tags":[296,29,30,2239],"class_list":{"0":"post-88449","1":"post","2":"type-post","3":"status-publish","4":"format-standard","5":"has-post-thumbnail","7":"category-berlin","8":"tag-berlin","9":"tag-deutschland","10":"tag-germany","11":"tag-rbb"},"share_on_mastodon":{"url":"https:\/\/pubeurope.com\/@de\/114459842003745654","error":""},"_links":{"self":[{"href":"https:\/\/www.europesays.com\/de\/wp-json\/wp\/v2\/posts\/88449","targetHints":{"allow":["GET"]}}],"collection":[{"href":"https:\/\/www.europesays.com\/de\/wp-json\/wp\/v2\/posts"}],"about":[{"href":"https:\/\/www.europesays.com\/de\/wp-json\/wp\/v2\/types\/post"}],"author":[{"embeddable":true,"href":"https:\/\/www.europesays.com\/de\/wp-json\/wp\/v2\/users\/2"}],"replies":[{"embeddable":true,"href":"https:\/\/www.europesays.com\/de\/wp-json\/wp\/v2\/comments?post=88449"}],"version-history":[{"count":0,"href":"https:\/\/www.europesays.com\/de\/wp-json\/wp\/v2\/posts\/88449\/revisions"}],"wp:featuredmedia":[{"embeddable":true,"href":"https:\/\/www.europesays.com\/de\/wp-json\/wp\/v2\/media\/88450"}],"wp:attachment":[{"href":"https:\/\/www.europesays.com\/de\/wp-json\/wp\/v2\/media?parent=88449"}],"wp:term":[{"taxonomy":"category","embeddable":true,"href":"https:\/\/www.europesays.com\/de\/wp-json\/wp\/v2\/categories?post=88449"},{"taxonomy":"post_tag","embeddable":true,"href":"https:\/\/www.europesays.com\/de\/wp-json\/wp\/v2\/tags?post=88449"}],"curies":[{"name":"wp","href":"https:\/\/api.w.org\/{rel}","templated":true}]}}