{"id":884571,"date":"2026-03-21T03:22:17","date_gmt":"2026-03-21T03:22:17","guid":{"rendered":"https:\/\/www.europesays.com\/de\/884571\/"},"modified":"2026-03-21T03:22:17","modified_gmt":"2026-03-21T03:22:17","slug":"lamour-toujours-rassistische-gesaenge-auf-teenager-party-in-brandenburg","status":"publish","type":"post","link":"https:\/\/www.europesays.com\/de\/884571\/","title":{"rendered":"&#8222;L&#8217;Amour toujours&#8220;: Rassistische Ges\u00e4nge auf Teenager-Party in Brandenburg"},"content":{"rendered":"<p class=\"paragraph article__item\">In einem Club im brandenburgischen Falkenberg ist es auf einer Teenager-Party zu rassistischen Parolen zum <a href=\"https:\/\/www.zeit.de\/entdecken\/2024-06\/l-amour-toujours-em-rassismus-sorge-sylt\" target=\"_blank\" rel=\"nofollow noopener\">Partyhit L&#8217;Amour toujours<\/a> gekommen. Ein auf <a class=\"rtr-entity\" href=\"https:\/\/www.zeit.de\/thema\/instagram\" rel=\"nofollow noopener\" target=\"_blank\">Instagram<\/a> ver\u00f6ffentlichtes Video der Veranstaltung sorgte f\u00fcr Emp\u00f6rung.\n<\/p>\n<p class=\"paragraph article__item\">Nach Angaben des Clubbetreibers Tino Veit feierten auf der Party am vergangenen Samstag etwa 100 bis 150 Kinder und Jugendliche ab elf Jahren. Er bedaure, was aus dem Lied gemacht wurde, &#8222;gerade bei einer Kinderveranstaltung&#8220;, sagte Veit. K\u00fcnftig wolle er DJs besser auf solche Situationen vorbereiten, um schneller reagieren zu k\u00f6nnen. Er sei offen und gegen jede radikale Haltung.\n<\/p>\n<p class=\"paragraph article__item\">Das Lied wurde dem Betreiber zufolge zweimal<br \/>\nabgespielt. Er verwies auf eine &#8222;schwierige Situation&#8220; am vergangenen<br \/>\nSamstag, da der geplante DJ nicht erschienen sei und er auf der Suche nach<br \/>\nErsatz zun\u00e4chst eine Playlist abgespielt habe. Dort ert\u00f6nte dann das<br \/>\nLied L&#8217;Amour toujours \u2013 und dazu die rassistischen Parolen. In dieser Zeit sei er<br \/>\nmit der Suche nach einem Ersatz-DJ besch\u00e4ftigt gewesen.\n<\/p>\n<p>Mehr zum Thema<\/p>\n<p>            Rassismus        <\/p>\n<p>                <a href=\"https:\/\/www.zeit.de\/entdecken\/2024-06\/l-amour-toujours-em-rassismus-sorge-sylt\" data-ct-label=\"&quot;L&#039;amour toujours&quot;: Ist Sylt \u00fcberall? Ja, wirklich \u00fcberall\" data-uuid=\"69248790-c70e-4d41-b299-d6734ffceba4\" rel=\"nofollow noopener\" target=\"_blank\"><\/p>\n<p>        Z+ (abopflichtiger Inhalt);<\/p>\n<p>    &#8222;L&#8217;amour toujours&#8220;:<br \/>\n                        Ist Sylt \u00fcberall? Ja, wirklich \u00fcberall<\/p>\n<p>                <\/a><\/p>\n<p>                <a href=\"https:\/\/www.zeit.de\/zeit-magazin\/leben\/2024-05\/gigi-d-agostino-song-sylt-rassismus-rechtsradikal\" data-ct-label=\"Gigi D&#039;Agostino: Ist das jetzt ein Nazisong?\" data-uuid=\"892a022a-ea2b-4095-8d69-d028826970d1\" rel=\"nofollow noopener\" target=\"_blank\"><\/p>\n<p>        Z+ (abopflichtiger Inhalt);<\/p>\n<p>    Gigi D&#8217;Agostino:<br \/>\n                        Ist das jetzt ein Nazisong?<\/p>\n<p>                <\/a><\/p>\n<p class=\"paragraph article__item\">Dieser habe das<br \/>\nLied sp\u00e4ter ein weiteres Mal abgespielt und sei von der Reaktion der<br \/>\nJugendlichen \u00fcberrascht gewesen. Als der Clubbetreiber merkte, dass die<br \/>\nSituation eskaliere, sei er auf die B\u00fchne gegangen und habe die Musik<br \/>\nleiser gedreht und darauf hingewiesen, dass der Text nicht in das Lied<br \/>\ngeh\u00f6re.\n<\/p>\n<p>        Woidke: &#8222;Jugendliche gr\u00f6len Naziparolen und keiner greift ein&#8220;        <\/p>\n<p class=\"paragraph article__item\"><a href=\"https:\/\/www.zeit.de\/politik\/deutschland\/2026-03\/brandenburg-kabinett-vereidigt-spd-cdu-dietmar-woidke-jan-redmann-gxe\" target=\"_blank\" rel=\"nofollow noopener\">Ministerpr\u00e4sident Dietmar Woidke<\/a> kritisierte auf Instagram, dass es zwei<br \/>\nLiedschleifen gedauert habe, bis jemand eingeschritten sei. &#8222;Jugendliche<br \/>\n gr\u00f6len Naziparolen und keiner greift ein. Ich bin fassungslos. Wir<br \/>\nd\u00fcrfen dazu niemals schweigen!&#8220;, schrieb der SPD-Politiker.\n<\/p>\n<p class=\"paragraph article__item\">Der Partyhit L&#8217;Amour toujours ist mehr als 20 Jahre alt, sein Refrain<br \/>\nhat keinen Text. Der Song wird <a href=\"https:\/\/www.zeit.de\/zeit-magazin\/leben\/2024-05\/gigi-d-agostino-song-sylt-rassismus-rechtsradikal\" target=\"_blank\" rel=\"nofollow noopener\">immer wieder f\u00fcr rassistische Parolen<br \/>\nmissbraucht<\/a>. F\u00fcr gro\u00dfe Emp\u00f6rung sorgte 2024 ein Video, das Besucher<br \/>\neiner Bar auf der Nordsee-Insel Sylt zeigt, die zu der Melodie rassistische Parolen sangen.<\/p>\n","protected":false},"excerpt":{"rendered":"In einem Club im brandenburgischen Falkenberg ist es auf einer Teenager-Party zu rassistischen Parolen zum Partyhit L&#8217;Amour toujours&hellip;\n","protected":false},"author":2,"featured_media":884572,"comment_status":"","ping_status":"","sticky":false,"template":"","format":"standard","meta":{"footnotes":"","_share_on_mastodon":"0"},"categories":[2],"tags":[194889,63470,1890,29,7996,30,35119,1724,13,152,14,15,2450,12,16173,194890,10,8,9,11],"class_list":["post-884571","post","type-post","status-publish","format-standard","has-post-thumbnail","category-deutschland","tag-lamour-toujours","tag-falkenberg","tag-brandenburg","tag-deutschland","tag-dietmar-woidke","tag-germany","tag-gesang","tag-gesellschaft","tag-headlines","tag-instagram","tag-nachrichten","tag-news","tag-party","tag-schlagzeilen","tag-teenager","tag-tino-veit","tag-top-news","tag-top-meldungen","tag-topmeldungen","tag-topnews"],"share_on_mastodon":{"url":"https:\/\/pubeurope.com\/@de\/116265021957899764","error":""},"_links":{"self":[{"href":"https:\/\/www.europesays.com\/de\/wp-json\/wp\/v2\/posts\/884571","targetHints":{"allow":["GET"]}}],"collection":[{"href":"https:\/\/www.europesays.com\/de\/wp-json\/wp\/v2\/posts"}],"about":[{"href":"https:\/\/www.europesays.com\/de\/wp-json\/wp\/v2\/types\/post"}],"author":[{"embeddable":true,"href":"https:\/\/www.europesays.com\/de\/wp-json\/wp\/v2\/users\/2"}],"replies":[{"embeddable":true,"href":"https:\/\/www.europesays.com\/de\/wp-json\/wp\/v2\/comments?post=884571"}],"version-history":[{"count":0,"href":"https:\/\/www.europesays.com\/de\/wp-json\/wp\/v2\/posts\/884571\/revisions"}],"wp:featuredmedia":[{"embeddable":true,"href":"https:\/\/www.europesays.com\/de\/wp-json\/wp\/v2\/media\/884572"}],"wp:attachment":[{"href":"https:\/\/www.europesays.com\/de\/wp-json\/wp\/v2\/media?parent=884571"}],"wp:term":[{"taxonomy":"category","embeddable":true,"href":"https:\/\/www.europesays.com\/de\/wp-json\/wp\/v2\/categories?post=884571"},{"taxonomy":"post_tag","embeddable":true,"href":"https:\/\/www.europesays.com\/de\/wp-json\/wp\/v2\/tags?post=884571"}],"curies":[{"name":"wp","href":"https:\/\/api.w.org\/{rel}","templated":true}]}}