{"id":884718,"date":"2026-03-21T05:08:15","date_gmt":"2026-03-21T05:08:15","guid":{"rendered":"https:\/\/www.europesays.com\/de\/884718\/"},"modified":"2026-03-21T05:08:15","modified_gmt":"2026-03-21T05:08:15","slug":"borussia-moenchengladbach-bild-service-zum-derby-beim-1-fc-koeln-sport","status":"publish","type":"post","link":"https:\/\/www.europesays.com\/de\/884718\/","title":{"rendered":"Borussia M\u00f6nchengladbach: BILD-Service zum Derby beim 1. FC K\u00f6ln | Sport"},"content":{"rendered":"<p><a class=\"skip-content skip-content--link\" href=\"#in-content-skip-link-target-v-0-0\">TTS-Player \u00fcberspringen\u21b5<\/a><a id=\"in-content-skip-link-target-v-0-0\" class=\"skip-content--target-link-hidden skip-content skip-content--target-link\" href=\"#in-content-skip-link-target-v-0-0\">Artikel weiterlesen<\/a><\/p>\n<p><b>Samstag (15.30 Uhr) steigt in K\u00f6ln das 100. Bundesliga-Derby zwischen dem 1. FC K\u00f6ln und Borussia M\u00f6nchengladbach. Der Bild-Service zum Spiel!<\/b><\/p>\n<p>ZUSCHAUER<\/p>\n<p>Das Spiel im Rhein-Energie-Stadion (50\u00a0000 Pl\u00e4tze) ist ausverkauft. Die Fohlen werden von knapp 5000 Ausw\u00e4rtsfans begleitet.<\/p>\n<p>BILANZ<\/p>\n<p>Borussia verlor nur eines der letzten 5 Bundesliga-Spiele gegen K\u00f6ln. Die Fohlen siegten in ihrer Bundesliga-Historie am h\u00e4ufigsten gegen K\u00f6ln (53 Mal), auch die 195 Tore sind Rekord. Von den bisher 99 Duellen konnte der FC nur 28 Begegnungen gewinnen. Borussia ging gegen keinen anderen Klub \u00f6fter mit 1:0 in F\u00fchrung (58 Mal wie gegen Werder). Bei Nachbar K\u00f6ln feierte Borussia 25 Siege (bei keinem anderen Team mehr als 14). In K\u00f6ln gelangen Gladbach schon 97 Tore, bei keinem anderen Team mehr als 68. Drei Treffer Samstag in K\u00f6ln, dann knackt Borussia im 100.\u00a0Derby auch die historische 100-Tore-Marke. Das Hinspiel war eine von zwei Partien in dieser Bundesliga-Saison, in denen es drei Strafst\u00f6\u00dfe gab.<\/p>\n<p>DUELL-EXPERTEN<\/p>\n<p>Nico Elvedi erzielte gegen K\u00f6ln sein erstes Bundesliga-Tor (am 20. August 2017 zum 1:0-Heimsieg). Marvin Friedrich traf in der Bundesliga nur gegen den FC 2 Mal. Von 2015 bis 2022 spielte Jens Castrop im FC-Nachwuchs. Der K\u00f6lner Said El Mala kickte einst in der Jugend der <a href=\"https:\/\/www.bild.de\/sport\/fussball\/borussia-moenchengladbach\/startseite-borussia-moenchengladbach-31074418.bild.html\" class=\"text-link\" rel=\"nofollow noopener\" target=\"_blank\">Borussia<\/a> (wie sein Bruder Malek). 2020 war das Derby (wegen Corona) das erste Geisterspiel der<a href=\"https:\/\/www.bild.de\/sport\/fussball\/bundesliga\/bundesliga-startseite-52368768.bild.html\" class=\"text-link\" rel=\"nofollow noopener\" target=\"_blank\"> Bundesliga<\/a>-Historie.<\/p>\n<p>SCHIEDSRICHTER<\/p>\n<p>S\u00f6ren Storks pfeift das Derby. An den Seitenlinien assistieren ihm Thorben Siewer und Christian Bandurski. Der 4. Offizielle wird Timo Gerach sein, als Video-Schiri fungiert Christian Dingert.<\/p>\n<p>WETTER<\/p>\n<p>Tolles, trockenes Derby-Wetter: In K\u00f6ln werden 15 Grad und Sonnenschein erwartet \u2013 lediglich ein paar vereinzelte Wolken werden erwartet.<\/p>\n<p>TV-\u00dcBERTRAGUNG<\/p>\n<p>Sky \u00fcbertr\u00e4gt die Partie als Einzelspiel, Kommentar ist Kai Dittmann. DAZN zeigt die Begegnung in der Konferenz, dort kommentiert Mario Rieker. Moderiert wird die DAZN-Sendung von Freddy Harder, Experte wird Nils Petersen sein.<\/p>\n","protected":false},"excerpt":{"rendered":"TTS-Player \u00fcberspringen\u21b5Artikel weiterlesen Samstag (15.30 Uhr) steigt in K\u00f6ln das 100. Bundesliga-Derby zwischen dem 1. FC K\u00f6ln und&hellip;\n","protected":false},"author":2,"featured_media":884719,"comment_status":"","ping_status":"","sticky":false,"template":"","format":"standard","meta":{"footnotes":"","_share_on_mastodon":"0"},"categories":[1849],"tags":[623,815,3364,29,69832,538,548,663,3934,30,13,4455,14,15,1209,18894,12,819,45],"class_list":["post-884718","post","type-post","status-publish","format-standard","has-post-thumbnail","category-moenchengladbach","tag-1-fc-koeln","tag-borussia-moenchengladbach","tag-de","tag-deutschland","tag-elvedi-nico","tag-erste-bundesliga","tag-eu","tag-europa","tag-europe","tag-germany","tag-headlines","tag-moenchengladbach","tag-nachrichten","tag-news","tag-nordrhein-westfalen","tag-sander-philipp","tag-schlagzeilen","tag-sport-leuchtturm-essen","tag-texttospeech"],"share_on_mastodon":{"url":"https:\/\/pubeurope.com\/@de\/116265438956189540","error":""},"_links":{"self":[{"href":"https:\/\/www.europesays.com\/de\/wp-json\/wp\/v2\/posts\/884718","targetHints":{"allow":["GET"]}}],"collection":[{"href":"https:\/\/www.europesays.com\/de\/wp-json\/wp\/v2\/posts"}],"about":[{"href":"https:\/\/www.europesays.com\/de\/wp-json\/wp\/v2\/types\/post"}],"author":[{"embeddable":true,"href":"https:\/\/www.europesays.com\/de\/wp-json\/wp\/v2\/users\/2"}],"replies":[{"embeddable":true,"href":"https:\/\/www.europesays.com\/de\/wp-json\/wp\/v2\/comments?post=884718"}],"version-history":[{"count":0,"href":"https:\/\/www.europesays.com\/de\/wp-json\/wp\/v2\/posts\/884718\/revisions"}],"wp:featuredmedia":[{"embeddable":true,"href":"https:\/\/www.europesays.com\/de\/wp-json\/wp\/v2\/media\/884719"}],"wp:attachment":[{"href":"https:\/\/www.europesays.com\/de\/wp-json\/wp\/v2\/media?parent=884718"}],"wp:term":[{"taxonomy":"category","embeddable":true,"href":"https:\/\/www.europesays.com\/de\/wp-json\/wp\/v2\/categories?post=884718"},{"taxonomy":"post_tag","embeddable":true,"href":"https:\/\/www.europesays.com\/de\/wp-json\/wp\/v2\/tags?post=884718"}],"curies":[{"name":"wp","href":"https:\/\/api.w.org\/{rel}","templated":true}]}}