{"id":884970,"date":"2026-03-21T07:41:29","date_gmt":"2026-03-21T07:41:29","guid":{"rendered":"https:\/\/www.europesays.com\/de\/884970\/"},"modified":"2026-03-21T07:41:29","modified_gmt":"2026-03-21T07:41:29","slug":"newcastle-virus-trifft-zoo-in-berlin-vogelbereich-gesperrt","status":"publish","type":"post","link":"https:\/\/www.europesays.com\/de\/884970\/","title":{"rendered":"Newcastle-Virus trifft Zoo in Berlin \u2013 Vogelbereich gesperrt"},"content":{"rendered":"<p>Kompletter Bereich geschlossen <\/p>\n<p>Newcastle-Virus in gr\u00f6\u00dftem Zoo Deutschlands nachgewiesen<\/p>\n<p>21.03.2026 &#8211; 08:14 UhrLesedauer: 1 Min.<\/p>\n<p><a href=\"#focus-0\" class=\"transition-colors duration-200 block text-current relative\" data-sctrack=\"FocusGalleryImage.Reference\"><img fetchpriority=\"high\" data-testid=\"Opener.Image\" style=\"--lqipURL:url('https:\/\/images.t-online.de\/2026\/03\/CNhMx7lkD2o0\/0x69:2048x1152\/fit-in\/150x0\/filters:blur(25)\/im-berliner-zoo-wurde-die-newcastle-krankheit-nachgewiesen-archivbild.jpg')\"   loading=\"eager\" src=\"https:\/\/www.europesays.com\/de\/wp-content\/uploads\/2026\/03\/im-berliner-zoo-wurde-die-newcastle-krankheit-nachgewiesen-archivbild.jpg\" alt=\"Berliner Zoo (Archivbild)\" title=\"Berliner Zoo (Archivbild)\" width=\"2048\" height=\"1152\" class=\"bg-[url:var(--lqipURL)] bg-cover bg-center flex h-full w-full max-w-full\" decoding=\"async\"\/><img style=\"--width:32;--height:32\" loading=\"lazy\" src=\"https:\/\/www.t-online.de\/s\/paper\/_next\/static\/media\/zoom-in.f7dae02f.svg\" alt=\"Vergr\u00f6\u00dfern des Bildes\" title=\"Vergr\u00f6\u00dfern des Bildes\" class=\"block h-[calc(var(--height)_\/_16_*_1rem)] w-[calc(var(--width)_\/_16_*_1rem)] max-w-none absolute bottom-8 right-8 rounded-4 bg-snow p-8\" decoding=\"async\"\/><\/a><\/p>\n<p>Eingang des Berliner Zoos (Archivbild): Die Krankheit wurde bei einem Wallichfasan nachgewiesen. (Quelle: Monika Skolimowska\/dpa\/dpa-bilder)<\/p>\n<p class=\"font-bold text-18 leading-17 user-text-lg:text-22 user-text-xl:text-24\">Ein Fasan verendet, ein Test schl\u00e4gt an. Im Zoo Berlin wird die Newcastle-Krankheit nachgewiesen. Viele V\u00f6gel sind nun gef\u00e4hrdet.<\/p>\n<p class=\"text-18 leading-17 user-text-lg:text-22 user-text-xl:text-24\">Im Berliner Zoo ist bei einem verendeten Wallichfasan die Newcastle-Krankheit nachgewiesen worden. Der Zoo schloss daraufhin nach eigenen Angaben den gesamten Vogelbereich f\u00fcr Besucher, wie am Freitag mitgeteilt wurde.<\/p>\n<p class=\"text-18 leading-17 user-text-lg:text-22 user-text-xl:text-24\">Betroffen sind die Fasanerie und das Vogelhaus. Der Rest des Zoos bleibt ge\u00f6ffnet. In Abstimmung mit den zust\u00e4ndigen Beh\u00f6rden leitete der Zoo Ma\u00dfnahmen ein: Die V\u00f6gel werden regelm\u00e4\u00dfig auf die Krankheit getestet, zudem wurden Hygieneschleusen eingerichtet.<\/p>\n<p class=\"text-18 leading-17 user-text-lg:text-22 user-text-xl:text-24\">Die Newcastle-Krankheit wird auch &#8222;atypische Gefl\u00fcgelpest&#8220; genannt, weil sie \u00e4hnliche Symptome wie die <a class=\"transition-colors duration-200 cursor-pointer text-inherit no-underline text-salemsfur md:hover:text-magenta md:hover:border-magenta md:focus:text-magenta border-current border-b border-solid break-words\" data-tracking=\"{&quot;action&quot;:&quot;click&quot;,&quot;category&quot;:&quot;intextLink&quot;,&quot;label&quot;:&quot;\/themen\/gefluegelpest-vogelgrippe\/&quot;}\" href=\"https:\/\/www.t-online.de\/themen\/gefluegelpest-vogelgrippe\/\" data-sctrack=\"BodyAnchor\" rel=\"nofollow noopener\" target=\"_blank\">Gefl\u00fcgelpest<\/a> hervorruft. F\u00fcr Menschen ist sie in der Regel ungef\u00e4hrlich \u2013 bei sehr engem Kontakt mit erkrankten Tieren kann es jedoch zu Bindehautentz\u00fcndungen kommen.<\/p>\n<p class=\"text-18 leading-17 user-text-lg:text-22 user-text-xl:text-24\">Nahezu alle Vogelarten k\u00f6nnen sich infizieren. In Deutschland taucht das Virus vor allem bei wild lebenden Tauben auf. Es \u00fcbertr\u00e4gt sich etwa \u00fcber die Luft, verunreinigte Materialien oder Anhaftungen an Schuhen, Kleidung und Maschinen. Zuletzt waren in mehreren Brandenburger Landkreisen immer wieder F\u00e4lle bekannt geworden.<\/p>\n","protected":false},"excerpt":{"rendered":"Kompletter Bereich geschlossen Newcastle-Virus in gr\u00f6\u00dftem Zoo Deutschlands nachgewiesen 21.03.2026 &#8211; 08:14 UhrLesedauer: 1 Min. Eingang des Berliner&hellip;\n","protected":false},"author":2,"featured_media":884971,"comment_status":"","ping_status":"","sticky":false,"template":"","format":"standard","meta":{"footnotes":"","_share_on_mastodon":"0"},"categories":[1825],"tags":[722,1434,17161,296,40024,29,30,637,194955,47512],"class_list":["post-884970","post","type-post","status-publish","format-standard","has-post-thumbnail","category-berlin","tag-722","tag-1434","tag-17161","tag-berlin","tag-berliner-zoo","tag-deutschland","tag-germany","tag-virus","tag-wallichfasan","tag-zoologischer-garten-berlin"],"share_on_mastodon":{"url":"https:\/\/pubeurope.com\/@de\/116266040688522072","error":""},"_links":{"self":[{"href":"https:\/\/www.europesays.com\/de\/wp-json\/wp\/v2\/posts\/884970","targetHints":{"allow":["GET"]}}],"collection":[{"href":"https:\/\/www.europesays.com\/de\/wp-json\/wp\/v2\/posts"}],"about":[{"href":"https:\/\/www.europesays.com\/de\/wp-json\/wp\/v2\/types\/post"}],"author":[{"embeddable":true,"href":"https:\/\/www.europesays.com\/de\/wp-json\/wp\/v2\/users\/2"}],"replies":[{"embeddable":true,"href":"https:\/\/www.europesays.com\/de\/wp-json\/wp\/v2\/comments?post=884970"}],"version-history":[{"count":0,"href":"https:\/\/www.europesays.com\/de\/wp-json\/wp\/v2\/posts\/884970\/revisions"}],"wp:featuredmedia":[{"embeddable":true,"href":"https:\/\/www.europesays.com\/de\/wp-json\/wp\/v2\/media\/884971"}],"wp:attachment":[{"href":"https:\/\/www.europesays.com\/de\/wp-json\/wp\/v2\/media?parent=884970"}],"wp:term":[{"taxonomy":"category","embeddable":true,"href":"https:\/\/www.europesays.com\/de\/wp-json\/wp\/v2\/categories?post=884970"},{"taxonomy":"post_tag","embeddable":true,"href":"https:\/\/www.europesays.com\/de\/wp-json\/wp\/v2\/tags?post=884970"}],"curies":[{"name":"wp","href":"https:\/\/api.w.org\/{rel}","templated":true}]}}