{"id":885244,"date":"2026-03-21T10:14:23","date_gmt":"2026-03-21T10:14:23","guid":{"rendered":"https:\/\/www.europesays.com\/de\/885244\/"},"modified":"2026-03-21T10:14:23","modified_gmt":"2026-03-21T10:14:23","slug":"lukas-kwasniok-vor-endspiel-gegen-borussia-moenchengladbach","status":"publish","type":"post","link":"https:\/\/www.europesays.com\/de\/885244\/","title":{"rendered":"Lukas Kwasniok vor Endspiel gegen Borussia M\u00f6nchengladbach"},"content":{"rendered":"<p>Endspiel f\u00fcr Bundesliga-Trainer <\/p>\n<p>Das wichtigste Derby seiner Karriere<\/p>\n<p>21.03.2026 &#8211; 10:46 UhrLesedauer: 4 Min.<\/p>\n<p><a href=\"#focus-0\" class=\"transition-colors duration-200 block text-current relative\" data-sctrack=\"FocusGalleryImage.Reference\"><img fetchpriority=\"high\" data-testid=\"Opener.Image\" style=\"--lqipURL:url('https:\/\/images.t-online.de\/2026\/03\/8HdmpDGvuFb3\/0x209:4000x2250\/fit-in\/150x0\/filters:blur(25)\/lukas-kwasniok-1-fc-koeln-trainer-ger-hamburger-sv-vs-1-fc-koeln-fussball-1-bundesliga-spieltag-26-saison-2025-2026-14-032026-dfl-regulations-prohibit-any-use-of-photographs-as-image-sequences-and-or-quasi-video-ger-hamburger-sv-vs-1-fc-koeln-fussball-1-bundesliga-spieltag-26-saison-2025-2026-14-032026-hamburg-lukas-kwasniok-1-fc-koeln-coach-ger-hamburger-sv-vs-1-fc-koeln-football-1-bundesliga-matchday-26-season-2025-2026-14-03-2026-dfl-regulations-prohibit-any-use-of-photog.jpg')\"   loading=\"eager\" src=\"https:\/\/www.europesays.com\/de\/wp-content\/uploads\/2026\/03\/lukas-kwasniok-1-fc-koeln-trainer-ger-hamburger-sv-vs-1-fc-koeln-fussball-1-bundesliga-spieltag-26-s.jpeg\" alt=\"imago images 1074329676\" title=\"imago images 1074329676\" width=\"4000\" height=\"2250\" class=\"bg-[url:var(--lqipURL)] bg-cover bg-center flex h-full w-full max-w-full\" decoding=\"async\"\/><img style=\"--width:32;--height:32\" loading=\"lazy\" src=\"https:\/\/www.t-online.de\/s\/paper\/_next\/static\/media\/zoom-in.f7dae02f.svg\" alt=\"Vergr\u00f6\u00dfern des Bildes\" title=\"Vergr\u00f6\u00dfern des Bildes\" class=\"block h-[calc(var(--height)_\/_16_*_1rem)] w-[calc(var(--width)_\/_16_*_1rem)] max-w-none absolute bottom-8 right-8 rounded-4 bg-snow p-8\" decoding=\"async\"\/><\/a><\/p>\n<p>Lukas Kwasniok ist seit Sommer 2025 Trainer des 1. FC K\u00f6ln. (Quelle: IMAGO\/Eibner-Pressefoto\/Marcel von Fehrn\/imago)<\/p>\n<p class=\"font-bold text-18 leading-17 user-text-lg:text-22 user-text-xl:text-24\">Auf den 1. FC K\u00f6ln wartet das wohl wichtigste Spiel des Jahres: Am Samstag geht es im Derby gegen Borussia M\u00f6nchengladbach nicht nur um wichtige Punkte, sondern auch um die Zukunft von Trainer Lukas Kwasniok.<\/p>\n<p class=\"text-18 leading-17 user-text-lg:text-22 user-text-xl:text-24\">Der Kampf um den Bundesliga-Klassenerhalt bietet neutralen Fans derzeit gro\u00dfe Spannung. Bis zum neunten Platz ist noch h\u00f6chste Vorsicht geboten, vor allem ab dem zw\u00f6lften Rang wird es bei nur vier Punkten Vorsprung auf den Relegationsplatz eng. Der <a class=\"transition-colors duration-200 cursor-pointer text-inherit no-underline text-salemsfur md:hover:text-magenta md:hover:border-magenta md:focus:text-magenta border-current border-b border-solid break-words\" data-tracking=\"{&quot;action&quot;:&quot;click&quot;,&quot;category&quot;:&quot;intextLink&quot;,&quot;label&quot;:&quot;\/themen\/1-fc-koeln\/&quot;}\" href=\"https:\/\/www.t-online.de\/themen\/1-fc-koeln\/\" data-sctrack=\"BodyAnchor\" rel=\"nofollow noopener\" target=\"_blank\">1. FC K\u00f6ln<\/a> ist dabei mittendrin, liegt auf dem 14. Rang. Am Samstag (15.30 Uhr, im <a class=\"transition-colors duration-200 cursor-pointer text-inherit no-underline text-salemsfur md:hover:text-magenta md:hover:border-magenta md:focus:text-magenta border-current border-b border-solid break-words\" data-tracking=\"{&quot;action&quot;:&quot;click&quot;,&quot;category&quot;:&quot;intextLink&quot;,&quot;label&quot;:&quot;\/sport\/live-ticker\/heute\/&quot;}\" href=\"https:\/\/www.t-online.de\/sport\/live-ticker\/heute\/\" data-sctrack=\"BodyAnchor\" rel=\"nofollow noopener\" target=\"_blank\">Liveticker<\/a> bei t-online) wartet ein in vielerlei Hinsicht richtungsweisendes Spiel: Es geht im Derby gegen <a class=\"transition-colors duration-200 cursor-pointer text-inherit no-underline text-salemsfur md:hover:text-magenta md:hover:border-magenta md:focus:text-magenta border-current border-b border-solid break-words\" data-tracking=\"{&quot;action&quot;:&quot;click&quot;,&quot;category&quot;:&quot;intextLink&quot;,&quot;label&quot;:&quot;\/themen\/borussia-moenchengladbach\/&quot;}\" href=\"https:\/\/www.t-online.de\/themen\/borussia-moenchengladbach\/\" data-sctrack=\"BodyAnchor\" rel=\"nofollow noopener\" target=\"_blank\">Borussia M\u00f6nchengladbach<\/a>.<\/p>\n<p class=\"text-18 leading-17 user-text-lg:text-22 user-text-xl:text-24\">Die Paarung verspricht allein schon aufgrund der jahrzehntelangen Rivalit\u00e4t reichlich Z\u00fcndstoff. Die Bedeutung f\u00fcr beide Fanlager ist gewaltig, kurzfristig f\u00fcr die Tabelle, mittelfristig aber auch f\u00fcr den m\u00f6glichen Ligaverbleib. Die &#8222;Fohlen&#8220; liegen als Zw\u00f6lfter derzeit zwei Pl\u00e4tze und drei Punkte vor dem FC. Zus\u00e4tzliches Explosionspotenzial birgt der Umstand, dass dieses Derby f\u00fcr <a class=\"transition-colors duration-200 cursor-pointer text-inherit no-underline text-salemsfur md:hover:text-magenta md:hover:border-magenta md:focus:text-magenta border-current border-b border-solid break-words\" data-tracking=\"{&quot;action&quot;:&quot;click&quot;,&quot;category&quot;:&quot;intextLink&quot;,&quot;label&quot;:&quot;\/themen\/lukas-kwasniok\/&quot;}\" href=\"https:\/\/www.t-online.de\/themen\/lukas-kwasniok\/\" data-sctrack=\"BodyAnchor\" rel=\"nofollow noopener\" target=\"_blank\">Lukas Kwasniok<\/a> das letzte als K\u00f6ln-Trainer sein k\u00f6nnte. So schreibt etwa die &#8222;Sport Bild&#8220; von einem &#8222;Endspiel&#8220;.<\/p>\n<p class=\"text-18 leading-17 user-text-lg:text-22 user-text-xl:text-24\">Ein n\u00fcchterner Blick auf die Zahlen liefert eine erste, wenngleich auch nur oberfl\u00e4chliche Erkl\u00e4rung: Der Aufsteiger hat lediglich zwei seiner j\u00fcngsten 17 Spiele gewonnen, dabei ganze zehnmal verloren. Vor allem in der Defensive hapert es, K\u00f6ln spielte in dieser Saison erst dreimal zu Null und kassierte in der Liga durchschnittlich 1,69 Gegentore pro Spiel.<\/p>\n<p class=\"text-18 leading-17 user-text-lg:text-22 user-text-xl:text-24\">Ein Teil der Wahrheit ist aber auch, dass der FC in vielen Spielen gut mitgehalten hat. Gegen den <a class=\"transition-colors duration-200 cursor-pointer text-inherit no-underline text-salemsfur md:hover:text-magenta md:hover:border-magenta md:focus:text-magenta border-current border-b border-solid break-words\" data-tracking=\"{&quot;action&quot;:&quot;click&quot;,&quot;category&quot;:&quot;intextLink&quot;,&quot;label&quot;:&quot;\/themen\/hsv\/&quot;}\" href=\"https:\/\/www.t-online.de\/themen\/hsv\/\" data-sctrack=\"BodyAnchor\" rel=\"nofollow noopener\" target=\"_blank\">HSV<\/a> stand trotz ansprechender Leistung am Ende nur ein 1:1, gegen Hoffenheim ein 2:2. Und dem <a class=\"transition-colors duration-200 cursor-pointer text-inherit no-underline text-salemsfur md:hover:text-magenta md:hover:border-magenta md:focus:text-magenta border-current border-b border-solid break-words\" data-tracking=\"{&quot;action&quot;:&quot;click&quot;,&quot;category&quot;:&quot;intextLink&quot;,&quot;label&quot;:&quot;\/themen\/borussia-dortmund\/&quot;}\" href=\"https:\/\/www.t-online.de\/themen\/borussia-dortmund\/\" data-sctrack=\"BodyAnchor\" rel=\"nofollow noopener\" target=\"_blank\">BVB<\/a> unterlagen die K\u00f6lner ungl\u00fccklich mit 1:2, eine umstrittene Elfmeterentscheidung inklusive. Dass Sportboss Thomas Kessler bei dem j\u00fcngsten Remis in Hamburg &#8222;einen kleinen Schritt nach vorne&#8220; erkannt hat, darf als Best\u00e4tigung von Kwasnioks Arbeit gewertet werden. Gleichwohl entspricht Kesslers Nachsatz einer deutlichen Forderung an den Coach: &#8222;Jetzt geht es darum, einen gro\u00dfen Schritt zu machen. Es liegt in der Natur der Sache, dass wir auch mal wieder ein Fu\u00dfballspiel gewinnen m\u00fcssen.&#8220;<\/p>\n","protected":false},"excerpt":{"rendered":"Endspiel f\u00fcr Bundesliga-Trainer Das wichtigste Derby seiner Karriere 21.03.2026 &#8211; 10:46 UhrLesedauer: 4 Min. Lukas Kwasniok ist seit&hellip;\n","protected":false},"author":2,"featured_media":885245,"comment_status":"","ping_status":"","sticky":false,"template":"","format":"standard","meta":{"footnotes":"","_share_on_mastodon":"0"},"categories":[1828],"tags":[623,2294,815,299,29,15184,2362,36001,485,30,27963,1420,16069,1209,7249],"class_list":["post-885244","post","type-post","status-publish","format-standard","has-post-thumbnail","category-koeln","tag-1-fc-koeln","tag-bank","tag-borussia-moenchengladbach","tag-bundesliga","tag-deutschland","tag-el-mala","tag-endspiel","tag-friedhelm-funkel","tag-fussball-bundesliga","tag-germany","tag-heidenheim","tag-koeln","tag-lukas-kwasniok","tag-nordrhein-westfalen","tag-thomas-kessler"],"share_on_mastodon":{"url":"https:\/\/pubeurope.com\/@de\/116266642274339770","error":""},"_links":{"self":[{"href":"https:\/\/www.europesays.com\/de\/wp-json\/wp\/v2\/posts\/885244","targetHints":{"allow":["GET"]}}],"collection":[{"href":"https:\/\/www.europesays.com\/de\/wp-json\/wp\/v2\/posts"}],"about":[{"href":"https:\/\/www.europesays.com\/de\/wp-json\/wp\/v2\/types\/post"}],"author":[{"embeddable":true,"href":"https:\/\/www.europesays.com\/de\/wp-json\/wp\/v2\/users\/2"}],"replies":[{"embeddable":true,"href":"https:\/\/www.europesays.com\/de\/wp-json\/wp\/v2\/comments?post=885244"}],"version-history":[{"count":0,"href":"https:\/\/www.europesays.com\/de\/wp-json\/wp\/v2\/posts\/885244\/revisions"}],"wp:featuredmedia":[{"embeddable":true,"href":"https:\/\/www.europesays.com\/de\/wp-json\/wp\/v2\/media\/885245"}],"wp:attachment":[{"href":"https:\/\/www.europesays.com\/de\/wp-json\/wp\/v2\/media?parent=885244"}],"wp:term":[{"taxonomy":"category","embeddable":true,"href":"https:\/\/www.europesays.com\/de\/wp-json\/wp\/v2\/categories?post=885244"},{"taxonomy":"post_tag","embeddable":true,"href":"https:\/\/www.europesays.com\/de\/wp-json\/wp\/v2\/tags?post=885244"}],"curies":[{"name":"wp","href":"https:\/\/api.w.org\/{rel}","templated":true}]}}