{"id":885293,"date":"2026-03-21T10:41:15","date_gmt":"2026-03-21T10:41:15","guid":{"rendered":"https:\/\/www.europesays.com\/de\/885293\/"},"modified":"2026-03-21T10:41:15","modified_gmt":"2026-03-21T10:41:15","slug":"ex-hsv-coach-tim-walter-in-kiel-autowaschen-fuer-die-rettung-fussball","status":"publish","type":"post","link":"https:\/\/www.europesays.com\/de\/885293\/","title":{"rendered":"Ex-HSV-Coach Tim Walter in Kiel: Autowaschen f\u00fcr die Rettung | Fu\u00dfball"},"content":{"rendered":"<p><a class=\"skip-content skip-content--link\" href=\"#in-content-skip-link-target-v-0-0\">TTS-Player \u00fcberspringen\u21b5<\/a><a id=\"in-content-skip-link-target-v-0-0\" class=\"skip-content--target-link-hidden skip-content skip-content--target-link\" href=\"#in-content-skip-link-target-v-0-0\">Artikel weiterlesen<\/a><\/p>\n<p><b>Beim Gang durch den VIP-Bereich im Holstein-Stadion erinnern Bilder an Kieler Erfolgszeiten. Eines dokumentiert den ersten Bundesliga-Aufstieg aus dem Jahr 2024. Darauf ist <\/b><a href=\"https:\/\/sportbild.bild.de\/fussball\/holstein-kiel\/holstein-kiel-ex-hsv-trainer-walter-uebernimmt-den-abstiegskandidaten-699da72476d16623d4e8b21c\" class=\"text-link\" rel=\"nofollow noopener\" target=\"_blank\"><b>Holstein<\/b><\/a><b> stolz. Nicht aber, wie sich der Erstliga-Absteiger in dieser Saison pr\u00e4sentiert. Die St\u00f6rche stehen vor dem Absturz in die 3. Liga. <\/b><\/p>\n<p>Um das zu verhindern, wurde Tim Walter (50) zur\u00fcckgeholt. Der Ex-Trainer des <a href=\"https:\/\/sportbild.bild.de\/fussball\/hamburger-sv\/hsv-star-vieira-im-interview-in-hamburg-habe-ich-wieder-spass-am-fussball-69bbda24d225a75f4a234b1c\" class=\"text-link\" rel=\"nofollow noopener\" target=\"_blank\">HSV<\/a> war bereits in der Saison 2018\/19 bei den Kielern. Walter glaubt fest an die Rettung. Auch wenn seine Zwischen\u00adbilanz nach seiner Verpflichtung am 25. Februar (ein Punkt aus drei Partien) und der Absturz vom 14. auf den 17. Rang schlecht ist. Zu SPORT BILD sagte er nach der j\u00fcngsten 2:3-Heimniederlage gegen N\u00fcrnberg: \u201eDie Jungs sind einsatzwillig, haben einen guten Charakter und wieder das Vertrauen, Tore zu schie\u00dfen. Das macht gro\u00dfe Hoffnung.\u201c<\/p>\n<p>Mehr zum Thema<\/p>\n<p>Ein gro\u00dfes Defizit der Kieler: Mit 31 Treffern hat Holstein die viertschw\u00e4chste Offensive. Doch das N\u00fcrnberg-Spiel gibt Walter Zuversicht. 22:9 Torsch\u00fcsse hatte Kiel, der xGoals-Wert von 3,72 (N\u00fcrnberg kam nur auf 1,22) war nur einmal in dieser Saison h\u00f6her: am 3. Spieltag in F\u00fcrth (2:0). <\/p>\n<p>Aber es gibt weitere Probleme. Gegen den \u201eClub\u201c kassierte Kiel alle drei Gegentreffer nach Umschaltsituationen. Darum lag der Fokus am Sonntag bei der Aufarbeitung der Niederlage im Detail. Walter zeigte seinen Spielern in der Videoanalyse alle Gegentore und sprach deutlich das Fehlverhalten an \u2013 ohne den Stab \u00fcber seine Profis zu brechen. <\/p>\n<p>Das kommt im Team gut an. Wie auch Walters F\u00fchrungsstil. Die Spieler haben gro\u00dfes Vertrauen. Jeder Profi f\u00fchlt sich gebraucht. Auch seine Trainingsgestaltung sorgt f\u00fcr positive Stimmung. In jeder Einheit steht der Aspekt Siegermentalit\u00e4t noch mehr im Mittelpunkt: durch Strafen. So m\u00fcssen die Spieler der Verlierermannschaft Kuchen f\u00fcr die Kollegen aus dem Gewinnerteam backen oder deren Autos waschen.<\/p>\n<p>Bei Abstieg: Spieler-Etat sinkt auf etwa 5 Millionen Euro<\/p>\n<p>Walter sagt zum Thema Klassenerhalt: \u201eNach dem N\u00fcrnberg-Spiel bin ich noch optimistischer als vorher. Wir m\u00fcssen arbeiten. Keiner hat gesagt, dass es leicht wird. Die K\u00f6pfe m\u00fcssen oben bleiben, das wird uns retten.\u201c<\/p>\n<p>Und wenn nicht? Dann h\u00e4tte das Folgen \u2013 auch wirtschaftlich. In der 3. Liga w\u00fcrde Kiel rund 2,5 statt aktuell 18 Millionen Euro TV-Geld bekommen. Der Spieler-Etat m\u00fcsste von etwa 13,5 auf etwa f\u00fcnf Millionen Euro gesenkt werden. Doch einen finanziellen Kollaps w\u00fcrde es bei Holstein nicht geben. Wolfgang Schwenke (57), kaufm\u00e4nnischer Gesch\u00e4ftsf\u00fchrer der Kieler, zu SPORT BILD: \u201eWir sind f\u00fcr die Zukunft gut aufgestellt, weil wir in den vergangenen Jahren vern\u00fcnftig gewirtschaftet haben.\u201c<\/p>\n","protected":false},"excerpt":{"rendered":"TTS-Player \u00fcberspringen\u21b5Artikel weiterlesen Beim Gang durch den VIP-Bereich im Holstein-Stadion erinnern Bilder an Kieler Erfolgszeiten. Eines dokumentiert den&hellip;\n","protected":false},"author":2,"featured_media":885294,"comment_status":"","ping_status":"","sticky":false,"template":"","format":"standard","meta":{"footnotes":"","_share_on_mastodon":"0"},"categories":[1852],"tags":[3364,29,548,663,3934,30,3150,13,4949,21431,14,15,12,1971,45,154189,784],"class_list":["post-885293","post","type-post","status-publish","format-standard","has-post-thumbnail","category-kiel","tag-de","tag-deutschland","tag-eu","tag-europa","tag-europe","tag-germany","tag-hamburger-sv","tag-headlines","tag-kiel","tag-kieler-sv-holstein","tag-nachrichten","tag-news","tag-schlagzeilen","tag-schleswig-holstein","tag-texttospeech","tag-walter-tim","tag-zweite-bundesliga"],"share_on_mastodon":{"url":"https:\/\/pubeurope.com\/@de\/116266748328617469","error":""},"_links":{"self":[{"href":"https:\/\/www.europesays.com\/de\/wp-json\/wp\/v2\/posts\/885293","targetHints":{"allow":["GET"]}}],"collection":[{"href":"https:\/\/www.europesays.com\/de\/wp-json\/wp\/v2\/posts"}],"about":[{"href":"https:\/\/www.europesays.com\/de\/wp-json\/wp\/v2\/types\/post"}],"author":[{"embeddable":true,"href":"https:\/\/www.europesays.com\/de\/wp-json\/wp\/v2\/users\/2"}],"replies":[{"embeddable":true,"href":"https:\/\/www.europesays.com\/de\/wp-json\/wp\/v2\/comments?post=885293"}],"version-history":[{"count":0,"href":"https:\/\/www.europesays.com\/de\/wp-json\/wp\/v2\/posts\/885293\/revisions"}],"wp:featuredmedia":[{"embeddable":true,"href":"https:\/\/www.europesays.com\/de\/wp-json\/wp\/v2\/media\/885294"}],"wp:attachment":[{"href":"https:\/\/www.europesays.com\/de\/wp-json\/wp\/v2\/media?parent=885293"}],"wp:term":[{"taxonomy":"category","embeddable":true,"href":"https:\/\/www.europesays.com\/de\/wp-json\/wp\/v2\/categories?post=885293"},{"taxonomy":"post_tag","embeddable":true,"href":"https:\/\/www.europesays.com\/de\/wp-json\/wp\/v2\/tags?post=885293"}],"curies":[{"name":"wp","href":"https:\/\/api.w.org\/{rel}","templated":true}]}}