{"id":885336,"date":"2026-03-21T11:04:15","date_gmt":"2026-03-21T11:04:15","guid":{"rendered":"https:\/\/www.europesays.com\/de\/885336\/"},"modified":"2026-03-21T11:04:15","modified_gmt":"2026-03-21T11:04:15","slug":"urteil-in-paris-is-dschihadist-schuldig-am-voelkermord-an-jesiden","status":"publish","type":"post","link":"https:\/\/www.europesays.com\/de\/885336\/","title":{"rendered":"Urteil in Paris: IS-Dschihadist schuldig am V\u00f6lkermord an Jesiden"},"content":{"rendered":"<p>  Von&amp;nbsp<a href=\"https:\/\/de.euronews.com\/profile\/2448\" rel=\"nofollow noopener\" target=\"_blank\">Etienne Paponaud<\/a>&amp;nbspmit&amp;nbsp<b>AFP<\/b><\/p>\n<p>\n         Zuerst ver\u00f6ffentlicht am<br \/>\n            21\/03\/2026 &#8211; 11:18 MEZ\n            <\/p>\n<p>Ein franz\u00f6sischer Dschihadist ist wegen seiner Beteiligung an den Gr\u00e4ueltaten der Gruppe &#8222;Islamischer Staat&#8220; (IS) gegen die Minderheit der <a href=\"https:\/\/de.euronews.com\/search?query=Jesiden\" rel=\"nofollow noopener\" target=\"_blank\">Jesiden<\/a> in Irak zu einer lebenslangen Haftstrafe verurteilt worden. Es handelt sich um den ersten Fall dieser Art, der in Frankreich verhandelt wurde.<\/p>\n<p>          <img decoding=\"async\" class=\"c-ad__placeholder__logo\" src=\"https:\/\/static.euronews.com\/website\/images\/logos\/logo-euronews-stacked-outlined-72x72-grey-9.svg\" width=\"72\" height=\"72\" alt=\"\" loading=\"lazy\"\/><br \/>\n          WERBUNG<\/p>\n<p>          <img decoding=\"async\" class=\"c-ad__placeholder__logo\" src=\"https:\/\/static.euronews.com\/website\/images\/logos\/logo-euronews-stacked-outlined-72x72-grey-9.svg\" width=\"72\" height=\"72\" alt=\"\" loading=\"lazy\"\/><br \/>\n          WERBUNG<\/p>\n<p>Das Pariser Schwurgericht befand <a href=\"https:\/\/de.euronews.com\/2015\/03\/13\/halbbruder-von-mohamed-merah-taucht-offenbar-in-is-propagandavideo-auf\" rel=\"nofollow noopener\" target=\"_blank\">Sabri Essid<\/a> in Abwesenheit des V\u00f6lkermords, der Verbrechen gegen die Menschlichkeit und der Beihilfe zu diesen Verbrechen f\u00fcr schuldig, die zwischen 2014 und 2016 begangen wurden. Damals hatten die IS-Dschihadisten gro\u00dfe Gebiete im Norden Syriens und des Iraks besetzt.<\/p>\n<p>Das Gericht stellte fest, dass der IS die jesidische Minderheit aufgrund ihrer religi\u00f6sen \u00dcberzeugungen gezielt ins Visier genommen hatte. Die Miliz Islamischer Staat verfolgte diese Minderheit, die eine vorislamische Religion praktiziert, als Ungl\u00e4ubige.<\/p>\n<p>Wer ist der verurteilte Sabri Essid?<\/p>\n<p>Sabri Essid, ein 1984 in Toulouse geborener Franzose, schloss sich 2014 dem IS in Syrien an. Seine Frau, ihre drei gemeinsamen Kinder und ein Sohn aus einer fr\u00fcheren Verbindung der Ehefrau folgten ihm sp\u00e4ter dorthin.<\/p>\n<p>In einem 2015 verbreiteten <a href=\"https:\/\/de.euronews.com\/2015\/03\/13\/halbbruder-von-mohamed-merah-taucht-offenbar-in-is-propagandavideo-auf\" rel=\"nofollow noopener\" target=\"_blank\">Propagandavideo des IS<\/a> ist offenbar zu sehen, wie Sabri Essid seinen 12-j\u00e4hrigen Stiefsohn dazu bringt, einer pal\u00e4stinensischen Geisel eine Kugel in den Kopf zu schie\u00dfen.<\/p>\n<p>Ihm wurde auch vorgeworfen, mehrere jesidische Frauen auf M\u00e4rkten gekauft und anschlie\u00dfend mehrfach vergewaltigt zu haben sowie ihnen Wasser und Nahrung vorenthalten zu haben.<\/p>\n<p>2023 wurde auch eine IS-Heimkehrerin in M\u00fcnchen verurteilt, weil sie dabei zugesehen hatte, <a href=\"https:\/\/de.euronews.com\/2023\/08\/29\/jesidisches-madchen-5-im-irak-verdurstet-urteil-gegen-32-jahrige-in-munchen\" rel=\"nofollow noopener\" target=\"_blank\">wie ein jesidisches M\u00e4dchen verdurstete<\/a>.<\/p>\n<p>Der in Syrien unter dem Namen Abu Dojanah al-Faransi bekannte Sabri Essid war der Sohn eines Lebensgef\u00e4hrten der Mutter von Mohammed Merah, dem Attent\u00e4ter von Toulouse, der 2012 sieben Menschen get\u00f6tet hatte.<\/p>\n<p>Essid stand den <a href=\"https:\/\/de.euronews.com\/2019\/02\/22\/wer-ist-fabien-clain-41-is-propaganda-stimme-in-syrien-getotet\" rel=\"nofollow noopener\" target=\"_blank\">Br\u00fcdern Fabien und Jean-Michel Clain nahe<\/a>, die sich zu den Anschl\u00e4gen von Paris und Saint Denis im November 2015 bekannt hatten. <\/p>\n<p>Wahrscheinlich wurde der jetzt Verurteilte Sabri Essid 2018 in Syrien get\u00f6tet. Sein Tod wurde jedoch nie offiziell best\u00e4tigt. Seine Frau ist seit ihrer R\u00fcckkehr nach Frankreich inhaftiert.<\/p>\n<p>Der V\u00f6lkermord an den Jesiden durch den IS<\/p>\n<p>Im Jahr 2014 eroberte der IS gro\u00dfe Gebiete in Syrien und im Irak und rief dort ein sogenanntes Kalifat aus.<\/p>\n<p>Im August desselben Jahres ermordeten ihre Mitglieder Tausende jesidische M\u00e4nner in der Provinz Sinjar (oder Sindschar) im Nordirak und verschleppten Tausende Frauen und M\u00e4dchen nach Syrien, um sie auf M\u00e4rkten als Sexsklavinnen zu verkaufen.<\/p>\n<p>Die Ermittler der Vereinten Nationen und <a href=\"https:\/\/de.euronews.com\/2023\/01\/20\/jesiden-genozid-bundestag\" rel=\"nofollow noopener\" target=\"_blank\">2023 auch der Bundestag<\/a> stuften diese Taten als V\u00f6lkermord ein. <\/p>\n<p>W\u00e4hrend des Prozesses gegen Sabri Essid beschrieben zwei jesidische Frauen, die nach ihrer Gefangennahme durch den IS als Sexsklavinnen verkauft worden waren, vor dem Gericht in Paris mit grausamer Genauigkeit die Schrecken, die sie in der Gefangenschaft der Dschihadisten in Syrien erlitten hatten.<\/p>\n<p>Eine der beiden Frauen sagte aus, dass sie von ihren ersten beiden &#8222;Besitzern&#8220; &#8211; einem verheirateten Saudi und sp\u00e4ter Sabri Essid &#8211; fast t\u00e4glich vergewaltigt worden sei. Anschlie\u00dfend wurde sie an sechs andere M\u00e4nner weiterverkauft. Nach mehr als zwei Jahren des Missbrauchs konnte sie mit ihrer Tochter fliehen und erreichte einen von kurdischen Streitkr\u00e4ften gehaltenen Posten.<\/p>\n<p>Gerichtsverfahren in ganz Europa<\/p>\n<p>Es ist das erste Mal, dass einer der mutma\u00dflichen T\u00e4ter des V\u00f6lkermords an den Jesiden in Abwesenheit in Frankreich vor Gericht gestellt wurde.<\/p>\n<p>Im Jahr <a href=\"https:\/\/de.euronews.com\/2021\/11\/30\/weltweit-erster-prozess-wegen-volkermord-an-jesiden-geht-in-frankfurt-zu-ende\" rel=\"nofollow noopener\" target=\"_blank\">2021 f\u00e4llte ein Gericht in Frankfurt das weltweit erste Urteil<\/a>, das die Verbrechen gegen die jesidische Gemeinschaft als V\u00f6lkermord anerkannte.<\/p>\n<p>Es verurteilte einen Iraker zu lebenslanger Haft, weil er ein f\u00fcnfj\u00e4hriges jesidisches M\u00e4dchen, das er als Sklavin betrachtete, im Freien bei bis zu 50 \u00b0C Hitze als Strafe angekettet hatte und das dadurch verdurstete. <\/p>\n<p>2023 wurde auch dessen Ehefrau, eine IS-Heimkehrerin, in M\u00fcnchen verurteilt, weil sie dabei zugesehen hatte, <a href=\"https:\/\/de.euronews.com\/2023\/08\/29\/jesidisches-madchen-5-im-irak-verdurstet-urteil-gegen-32-jahrige-in-munchen\" rel=\"nofollow noopener\" target=\"_blank\">wie das jesidisches M\u00e4dchen verdurstete<\/a>.<\/p>\n<p>Im vergangenen Monat verurteilte ein schwedisches Gericht eine 52-j\u00e4hrige Frau wegen V\u00f6lkermords, weil sie 2015 in Syrien jesidische Frauen und Kinder versklavt hatte.<\/p>\n<p>Seit 2019 gilt der IS als weitgehend zerschlagen, doch im Norden des Irak und in Syrien leben weiterhin auch Dschihadisten aus Europa in kurdischen Straflagern.<\/p>\n","protected":false},"excerpt":{"rendered":"Von&amp;nbspEtienne Paponaud&amp;nbspmit&amp;nbspAFP Zuerst ver\u00f6ffentlicht am 21\/03\/2026 &#8211; 11:18 MEZ Ein franz\u00f6sischer Dschihadist ist wegen seiner Beteiligung an den&hellip;\n","protected":false},"author":2,"featured_media":885337,"comment_status":"","ping_status":"","sticky":false,"template":"","format":"standard","meta":{"footnotes":"","_share_on_mastodon":"0"},"categories":[3974],"tags":[331,332,548,663,3934,3980,156,7047,13,195012,163501,32275,1015,137119,14,15,12],"class_list":["post-885336","post","type-post","status-publish","format-standard","has-post-thumbnail","category-frankreich","tag-aktuelle-nachrichten","tag-aktuelle-news","tag-eu","tag-europa","tag-europe","tag-france","tag-frankreich","tag-genozid","tag-headlines","tag-isil","tag-islamischer-extremismus","tag-jesiden","tag-justiz","tag-krieg-in-syrien","tag-nachrichten","tag-news","tag-schlagzeilen"],"share_on_mastodon":{"url":"https:\/\/pubeurope.com\/@de\/116266838859452186","error":""},"_links":{"self":[{"href":"https:\/\/www.europesays.com\/de\/wp-json\/wp\/v2\/posts\/885336","targetHints":{"allow":["GET"]}}],"collection":[{"href":"https:\/\/www.europesays.com\/de\/wp-json\/wp\/v2\/posts"}],"about":[{"href":"https:\/\/www.europesays.com\/de\/wp-json\/wp\/v2\/types\/post"}],"author":[{"embeddable":true,"href":"https:\/\/www.europesays.com\/de\/wp-json\/wp\/v2\/users\/2"}],"replies":[{"embeddable":true,"href":"https:\/\/www.europesays.com\/de\/wp-json\/wp\/v2\/comments?post=885336"}],"version-history":[{"count":0,"href":"https:\/\/www.europesays.com\/de\/wp-json\/wp\/v2\/posts\/885336\/revisions"}],"wp:featuredmedia":[{"embeddable":true,"href":"https:\/\/www.europesays.com\/de\/wp-json\/wp\/v2\/media\/885337"}],"wp:attachment":[{"href":"https:\/\/www.europesays.com\/de\/wp-json\/wp\/v2\/media?parent=885336"}],"wp:term":[{"taxonomy":"category","embeddable":true,"href":"https:\/\/www.europesays.com\/de\/wp-json\/wp\/v2\/categories?post=885336"},{"taxonomy":"post_tag","embeddable":true,"href":"https:\/\/www.europesays.com\/de\/wp-json\/wp\/v2\/tags?post=885336"}],"curies":[{"name":"wp","href":"https:\/\/api.w.org\/{rel}","templated":true}]}}