{"id":885433,"date":"2026-03-21T11:56:15","date_gmt":"2026-03-21T11:56:15","guid":{"rendered":"https:\/\/www.europesays.com\/de\/885433\/"},"modified":"2026-03-21T11:56:15","modified_gmt":"2026-03-21T11:56:15","slug":"die-reichsten-unter-30-deutscher-nur-noch-zweitjuengster-milliardaer-der-welt","status":"publish","type":"post","link":"https:\/\/www.europesays.com\/de\/885433\/","title":{"rendered":"Die Reichsten unter 30: Deutscher nur noch zweitj\u00fcngster Milliard\u00e4r der Welt"},"content":{"rendered":"<p>Die Reichsten unter 30Deutscher nur noch zweitj\u00fcngster Milliard\u00e4r der Welt21.03.2026, 10:15 Uhr <img decoding=\"async\" class=\"Image_img__fQCi0\" loading=\"eager\" fetchpriority=\"high\" src=\"https:\/\/www.n-tv.de\/autor-fallback.svg\" alt=\"image\"\/>Von Frederik Thrien<\/p>\n<p>Artikel anh\u00f6ren(07:47 min)<\/p>\n<p><img decoding=\"async\" class=\"Image_img__fQCi0 Image_Img_16_9__4BLfH widget-picture-inline_maximizable__t_E7h\" loading=\"eager\" fetchpriority=\"high\" src=\"https:\/\/www.europesays.com\/de\/wp-content\/uploads\/2026\/03\/An-incredibly-opulent-party-yacht-has-hit-the-high-seas-but-itll-cost-you-the-best-part-of-400-000-t.webp\" alt=\"An-incredibly-opulent-party-yacht-has-hit-the-high-seas-but-itll-cost-you-the-best-part-of-400-000-to-charter-it-for-a-week-The-Eternal-Spark-departed-from-West-Istanbul-Marina-in-late-June-beginning-a-summer-voyage-across-the-Mediterranean-before-debuting-at-the-2024-Monaco-Yacht-Show-in-September-The-Eternal-Spark-is-a-masterpiece-of-design-and-engineering-featuring-exterior-design-and-naval-architecture-by-Unique-Yacht-Design-and-the-interior-expertise-of-Hot-Lab-Designed-for-entertaining-as-a-yacht-that-can-be-chartered-for-374-500-a-week-it-features-five-bars-and-seven-distinct-areas-for-entertaining-including-a-vast-beach-club-with-a-jacuzzi-the-size-of-a-small-swimming-pool-and-sauna-Matija-Longin-the-manager-of-Eternal-Spark-says-Eternal-Spark-was-designed-to-provide-unparalleled-comfort-and-relaxation-for-all-guests-whether-they-are-from-Turkiye-the-United-States-Europe-Asia-or-China-Emrecan-Oezguen-CEO-of-Unique-Yacht-Design-highlights-the-yacht-s-innovative-features-stating-Our-design-focus-centers-on-creating-expansive-sheltered-open-decks-These-yachts-offer-an-outstanding-layout-with-ample-spaces-to-enjoy-daily-activities-With-a-sleek-sporty-and-elegant-exterior-Bilgin-163-series-yachts-boast-extensive-exterior-areas-including-a-vast-beach-club-complemented-by-a-sauna-The-yachts-design-integrates-both-aesthetic-beauty-and-functional-space-ensuring-every-guest-experiences-luxury-at-its-finest-The-499-GT-platforms-expansive-21-meter-sundeck-12-metre-bridge-deck-aft-and-spacious-main-deck-aft-create-generous-areas-for-relaxation-and-socialising-The-yacht-is-built-with-over-200-different-materials-featuring-top-notch-amenities-and-the-latest-entertainment-technology\"\/>Yachten, Privatjets und Luxusautos geh\u00f6ren zum Klischee \u00fcber die \u00f6ffentlichkeitsscheue Welt der Milliard\u00e4re. (Foto: picture alliance \/ Cover Images)TeilenFolgen auf:<a href=\"https:\/\/www.whatsapp.com\/channel\/0029Va5cdVJD8SDp5YZgYF01\" title=\"Auf WhatsApp folgen\" target=\"_blank\" rel=\"nofollow noopener\"><img decoding=\"async\" src=\"https:\/\/www.n-tv.de\/socialIcons\/whatsapp.svg\" alt=\"whatsapp\" class=\"ArticleShare_icon__FsrC2\"\/><\/a><a href=\"https:\/\/news.google.com\/publications\/CAAiEPMdif5mpRNxiLOeUpHCwwsqFAgKIhDzHYn-ZqUTcYiznlKRwsML?hl=de&amp;gl=DE&amp;ceid=DE%3Ade\" title=\"Auf Google News folgen\" target=\"_blank\" rel=\"nofollow noopener\"><img decoding=\"async\" src=\"https:\/\/www.n-tv.de\/socialIcons\/google.svg\" alt=\"whatsapp\" class=\"ArticleShare_icon__FsrC2\"\/><\/a><\/p>\n<p class=\"Typography_text-m__XI0da Typography_weight-bold__uT6mq storyline_lead_text_leadtext__q_wg8\">Das &#8222;Forbes&#8220;-Magazin k\u00fcrt Johannes von Baumbach vor einem Jahr zum j\u00fcngsten Superreichen der Welt. Im aktuellen Ranking verdr\u00e4ngt eine 20-j\u00e4hrige Brasilianerin den Deutschen. Trostpflaster: Sein Verm\u00f6gen betr\u00e4gt das Sechsfache. <\/p>\n<p class=\"Typography_text-default__P3otY Typography_weight-normal__pqUbH storyline_paragraph_p__qSR5N\">Seit 1987 listet das US-Wirtschaftsmagazin &#8222;Forbes&#8220; die reichsten Menschen der Welt. Dauerg\u00e4ste wie Elon Musk und Jeff Bezos machen das Rennen Jahr f\u00fcr Jahr unter sich aus. Bedeutend mehr Bewegung gibt es im <a class=\"inline_link\" href=\"https:\/\/www.forbes.com\/sites\/simonemelvin\/2026\/03\/10\/the-worlds-youngest-billionaires-2026\/\" target=\"_blank\" rel=\"nofollow noopener\">Ranking der j\u00fcngsten Superreichen<\/a>. Die Regeln sind einfach: Der J\u00fcngste gewinnt, Hauptsache j\u00fcnger als 30 Jahre und Milliard\u00e4r. <\/p>\n<p class=\"Typography_text-default__P3otY Typography_weight-normal__pqUbH storyline_paragraph_p__qSR5N\">Platz eins belegt in diesem Jahr die 20-j\u00e4hrige Amelie Voigt Trejes. Die Brasilianerin schaffte es mit 1,1 Milliarden US-Dollar zum ersten Mal auf die Liste &#8211; und das gleich als j\u00fcngste Milliard\u00e4rin der Welt. Voigt Trejes ist eine der gr\u00f6\u00dften Einzelaktion\u00e4rinnen des Elektromotoren-Herstellers WEG. Ihr Gro\u00dfvater Werner Ricardo Voigt geh\u00f6rte zu den Gr\u00fcndern des Weltkonzerns und hinterlie\u00df ihr ein Verm\u00f6gen in Aktien.<\/p>\n<p class=\"Typography_text-default__P3otY Typography_weight-normal__pqUbH storyline_paragraph_p__qSR5N\">Damit ist Amelie Voigt Trejes bei weitem nicht die Einzige, der Name Voigt zieht sich durch das gesamte Ranking des Wirtschaftsmagazins. Amelies Br\u00fcder Jose und Filipe Voigt Trejes sind Zwillinge, 23 Jahre alt und verf\u00fcgen wie ihre Schwester \u00fcber ein Aktien-Verm\u00f6gen von jeweils rund 1,1 Milliarden US-Dollar. Auch die 21-j\u00e4hrige L\u00edvia Voigt de Assis und ihre 28-j\u00e4hrige Schwester Dora verdanken ihr Milliarden-Verm\u00f6gen dem gemeinsamen Gro\u00dfvater. Laut &#8222;Forbes&#8220; bekleidet allerdings keiner der f\u00fcnf Enkel eine leitende Position in der Firma des Gro\u00dfvaters. <\/p>\n<p>Sieben Deutsche unter den j\u00fcngsten Superreichen<\/p>\n<p class=\"Typography_text-default__P3otY Typography_weight-normal__pqUbH storyline_paragraph_p__qSR5N\">In der Milliard\u00e4rsliste tauchen auch einige Deutsche auf, als erster der 20-j\u00e4hrige Johannes von Baumbach. <a class=\"inline_link\" href=\"https:\/\/www.n-tv.de\/wirtschaft\/Forbes-Liste-Juengster-Milliardaer-der-Welt-ist-Deutscher-article25677226.html\" target=\"_blank\" rel=\"nofollow noopener\">Im vergangenen Jahr hatte er das Ranking der j\u00fcngsten Superreichen noch angef\u00fchrt.<\/a> Er ist gerade einmal drei Wochen \u00e4lter als die aktuelle Nummer Eins, daf\u00fcr aber sechsmal so reich. Sein Verm\u00f6gen von rund umgerechnet 6,6 Milliarden US-Dollar geht auf seinen Urururgro\u00dfvater zur\u00fcck, der vor mehr als 200 Jahren den Grundstein des Pharmariesen Boehringer Ingelheim gelegt hat. <\/p>\n<p class=\"Typography_text-default__P3otY Typography_weight-normal__pqUbH storyline_paragraph_p__qSR5N\">Der Konzern mit Sitz im rheinland-pf\u00e4lzischen Ingelheim am Rhein ist das umsatzst\u00e4rkste nicht b\u00f6rsennotierte Pharmaunternehmen der Welt. Die Firma in Familienbesitz wird mittlerweile in vierter Generation von Hubertus von Baumbach gef\u00fchrt. Der Onkel des Jung-Milliard\u00e4rs ist bekannt f\u00fcr seine Verschwiegenheit. Die Familie hat sich erfolgreich aus dem Ranking der reichsten Deutschen des &#8222;Manager Magazins&#8220; geklagt. Ihre j\u00fcngste Generation ist bei &#8222;Forbes&#8220; allerdings gut vertreten: Johannes&#8216; Geschwister Franz (24), Katharina (26) und Maximilian (28) stehen ebenfalls mit einem Verm\u00f6gen von jeweils 6,6 Milliarden US-Dollar auf der Liste. <\/p>\n<p class=\"Typography_text-default__P3otY Typography_weight-normal__pqUbH storyline_paragraph_p__qSR5N\">Altersm\u00e4\u00dfig auf Platz neun folgt mit Kevin David Lehmann ein weiterer Deutscher unter den 35 j\u00fcngsten Superreichen: Mit 23 Jahren darf er sich sogar noch \u00fcber einen Platz in den Top Ten freuen &#8211; und \u00fcber ein Verm\u00f6gen von umgerechnet rund 4,9 Milliarden US-Dollar aus 50 Prozent der Anteile an der Drogeriemarktkette dm. <\/p>\n<p class=\"Typography_text-default__P3otY Typography_weight-normal__pqUbH storyline_paragraph_p__qSR5N\">Ebenfalls zu den j\u00fcngsten Milliard\u00e4ren der Welt z\u00e4hlen der 25-j\u00e4hrige Maxim Tebar, Erbe des schw\u00e4bischen Kettens\u00e4gen-Herstellers Stihl mit einem Verm\u00f6gen von umgerechnet rund 1,2 Milliarden US-Dollar, sowie der 27-j\u00e4hrige Carl-Anton Kunz, der von seinem Gro\u00dfvater Anteile im Wert von etwa 1,1 Milliarden US-Dollar am Sanit\u00e4rgro\u00dfh\u00e4ndler GC aus Bremen geerbt hat. <\/p>\n<p class=\"Typography_text-default__P3otY Typography_weight-normal__pqUbH storyline_paragraph_p__qSR5N\">\u00dcberhaupt f\u00e4llt das Wort &#8222;geerbt&#8220; sehr h\u00e4ufig auf der Liste. Aber: Immerhin 12 der 35 Superreichen d\u00fcrfen sich Selfmade-Milliard\u00e4re nennen. Auff\u00e4lligerweise z\u00e4hlen dazu alle 8 US-Amerikaner auf der Liste, w\u00e4hrend 11 der 13 Europ\u00e4er ihr Verm\u00f6gen geerbt haben. <\/p>\n<p>Der amerikanische KI-Traum <\/p>\n<p class=\"Typography_text-default__P3otY Typography_weight-normal__pqUbH storyline_paragraph_p__qSR5N\">Die drei j\u00fcngsten Milliard\u00e4re, die ihr Verm\u00f6gen selbst aufgebaut haben, haben es zum ersten Mal auf die Liste geschafft: Die US-Amerikaner Surya Midha, Brendan Foody und Adarsh Hiremath sind alle 22 Jahre alt und haben es mit ihrem gemeinsamen KI-Startup Mercor zu einem Verm\u00f6gen von jeweils rund 2,2 Milliarden US-Dollar gebracht. Damit l\u00f6sen sie den bisher j\u00fcngsten Selfmade-Milliard\u00e4r aller Zeiten ab: Vor zwei Jahrzehnten deb\u00fctierte hier ein 23-J\u00e4hriger namens Mark Zuckerberg. Zugegeben, die drei hatten kr\u00e4ftigen R\u00fcckenwind durch den umstrittenen Milliard\u00e4r <a class=\"inline_link\" href=\"https:\/\/www.n-tv.de\/wirtschaft\/Wie-Trump-seine-Tech-Bros-noch-reicher-macht-id30277088.html\" target=\"_blank\" rel=\"nofollow noopener\">Peter Thiel<\/a>, der sie im Rahmen seines Fellowship-Programms f\u00f6rdert. <\/p>\n<p class=\"Typography_text-default__P3otY Typography_weight-normal__pqUbH storyline_paragraph_p__qSR5N\">Ganz ohne Thiels Unterst\u00fctzung folgt als n\u00e4chster Selfmade-Milliard\u00e4r der 25-j\u00e4hrige Michael Truell auf Platz 17. Er ist Mitgr\u00fcnder und Gesch\u00e4ftsf\u00fchrer von Cursor, einem beliebten KI-Programmierassistenten, den laut eigenen Angaben auch zahlreiche Tech-Riesen im Silicon Valley nutzen. Gemeinsam mit seinen Mitgr\u00fcndern Aman Sanger (25), Saleh Asif (26) und Arvid Lunnemark (26) erreichte Truell k\u00fcrzlich eine Unternehmensbewertung von 30 Milliarden US-Dollar. Die vier lernten sich als Studenten am MIT im US-amerikanischen Cambridge kennen und finden sich keine vier Jahre nach Gr\u00fcndung ihres ersten Unternehmens mit einem Verm\u00f6gen von jeweils rund 1,3 Milliarden US-Dollar auf der Milliard\u00e4rsliste wieder. <\/p>\n<p>&#8222;Steve Jobs&#8220; in Spitzenschuhen<\/p>\n<p class=\"Typography_text-default__P3otY Typography_weight-normal__pqUbH storyline_paragraph_p__qSR5N\">Die j\u00fcngste Selfmade-Milliard\u00e4rin hei\u00dft Luana Lopes Lara. Die Brasilianerin steht mit 29 Jahren am Ende der &#8222;Forbes&#8220;-Liste, gefolgt nur von ihrem Mitgr\u00fcnder Tarek Mansour. Kennengelernt haben sich die beiden ebenfalls am MIT, wo sie den Wettanbieter Kalshi gr\u00fcndeten. Dort k\u00f6nnen Nutzer auf alle erdenklichen Ereignisse ihr Geld setzen: Von Sportwetten \u00fcber gesellschaftliche Events und politische Wahlen bis hin zu Naturkatastrophen wird hier alles zur Quote gemacht. Kalshi stand zuletzt bei Gl\u00fcckspielbeh\u00f6rden in der Kritik, in Deutschland ist das Gesch\u00e4ftsmodell sogar illegal. Bewertet wird das Unternehmen mit elf Milliarden US-Dollar. <\/p>\n<p class=\"Typography_text-default__P3otY Typography_weight-normal__pqUbH storyline_paragraph_p__qSR5N\">Mit zw\u00f6lf Prozent der Anteile h\u00e4lt Luana Lopes Lara etwa 1,3 Milliarden US-Dollar in Privatbesitz. Sie ist weiterhin in der Gesch\u00e4ftsf\u00fchrung aktiv, obwohl ihr Karriereweg ganz anders vorgezeichnet war: Den gr\u00f6\u00dften Teil ihrer Kindheit und Jugend verbrachte sie an Elite-Ballettschulen, tanzte am brasilianischen Ableger des legend\u00e4ren Moskauer Bolshoi-Theaters und den Schwanensee in Salzburg. Mit 18 Jahren beendete sie ihre Ballett-Karriere, durchlief innerhalb von drei Jahren das MIT und hat seitdem nur ein Ziel, wie sie &#8222;Forbes&#8220; verriet: &#8222;Ich will die n\u00e4chste Steve Jobs werden.&#8220; <\/p>\n<p class=\"Typography_text-s__wu_cm Typography_weight-normal__pqUbH Typography_color-darkgrey__sZEnP article-detail-footer_source__KslPc\">Quelle: ntv.de<\/p>\n","protected":false},"excerpt":{"rendered":"Die Reichsten unter 30Deutscher nur noch zweitj\u00fcngster Milliard\u00e4r der Welt21.03.2026, 10:15 Uhr Von Frederik Thrien Artikel anh\u00f6ren(07:47 min)&hellip;\n","protected":false},"author":2,"featured_media":885434,"comment_status":"","ping_status":"","sticky":false,"template":"","format":"standard","meta":{"footnotes":"","_share_on_mastodon":"0"},"categories":[134],"tags":[175,170,169,29,14924,30,1093,171,174,11807,9974,173,172,55],"class_list":["post-885433","post","type-post","status-publish","format-standard","has-post-thumbnail","category-unternehmen-maerkte","tag-business","tag-companies","tag-companies-markets","tag-deutschland","tag-gen-z","tag-germany","tag-luxus","tag-markets","tag-maerkte","tag-milliardaere","tag-reichtum","tag-unternehmen","tag-unternehmen-maerkte","tag-wirtschaft"],"share_on_mastodon":{"url":"https:\/\/pubeurope.com\/@de\/116267043510429573","error":""},"_links":{"self":[{"href":"https:\/\/www.europesays.com\/de\/wp-json\/wp\/v2\/posts\/885433","targetHints":{"allow":["GET"]}}],"collection":[{"href":"https:\/\/www.europesays.com\/de\/wp-json\/wp\/v2\/posts"}],"about":[{"href":"https:\/\/www.europesays.com\/de\/wp-json\/wp\/v2\/types\/post"}],"author":[{"embeddable":true,"href":"https:\/\/www.europesays.com\/de\/wp-json\/wp\/v2\/users\/2"}],"replies":[{"embeddable":true,"href":"https:\/\/www.europesays.com\/de\/wp-json\/wp\/v2\/comments?post=885433"}],"version-history":[{"count":0,"href":"https:\/\/www.europesays.com\/de\/wp-json\/wp\/v2\/posts\/885433\/revisions"}],"wp:featuredmedia":[{"embeddable":true,"href":"https:\/\/www.europesays.com\/de\/wp-json\/wp\/v2\/media\/885434"}],"wp:attachment":[{"href":"https:\/\/www.europesays.com\/de\/wp-json\/wp\/v2\/media?parent=885433"}],"wp:term":[{"taxonomy":"category","embeddable":true,"href":"https:\/\/www.europesays.com\/de\/wp-json\/wp\/v2\/categories?post=885433"},{"taxonomy":"post_tag","embeddable":true,"href":"https:\/\/www.europesays.com\/de\/wp-json\/wp\/v2\/tags?post=885433"}],"curies":[{"name":"wp","href":"https:\/\/api.w.org\/{rel}","templated":true}]}}