{"id":885454,"date":"2026-03-21T12:08:14","date_gmt":"2026-03-21T12:08:14","guid":{"rendered":"https:\/\/www.europesays.com\/de\/885454\/"},"modified":"2026-03-21T12:08:14","modified_gmt":"2026-03-21T12:08:14","slug":"wenn-die-ganze-schule-zum-papst-faehrt","status":"publish","type":"post","link":"https:\/\/www.europesays.com\/de\/885454\/","title":{"rendered":"Wenn die ganze Schule zum Papst f\u00e4hrt"},"content":{"rendered":"<p class=\"mb-6 text-xs md:text-m lg:text-l font-serif group-[.font-sans]:font-sans \">\n    2000 Kilometer und ein straffes Programm sind geschafft. Tobias Frei\u00dfler ist wieder angekommen im Schulalltag, die Riesen-Klassenfahrt mit 400 Sch\u00fclerinnen und Sch\u00fclern sowie Lehrerkollegen ist zu Ende. Das Anliegen war ein gro\u00dfes: Die ganze Schule sollte nach Rom, inklusive Papstbesuch &#8211; f\u00fcr eine katholische Einrichtung nat\u00fcrlich Ehrensache. Eine Mammutaufgabe<a href=\"https:\/\/www.augsburger-allgemeine.de\/donauwoerth\/realschulen-in-donauwoerth-wachsen-feierliche-einweihung-des-neuen-stockwerks-109009517\" target=\"_self\" class=\"underline \" rel=\"nofollow noopener\"> f\u00fcr die Donauw\u00f6rther Realschule St. Ursula.<\/a>\n  <\/p>\n<ul data-module-id=\"DragDropModule\" class=\"flex flex-wrap justify-start group-[.no-bookmarks]:hidden\">\n<li class=\"mb-3 mr-3\">\n    Thomas Hilgendorf<\/p>\n<p>      Icon Haken im Kreis gesetzt<\/p>\n<p>      Icon Plus im Kreis<\/p>\n<\/li>\n<li class=\"mb-3 mr-3\">\n    Schule<\/p>\n<p>      Icon Haken im Kreis gesetzt<\/p>\n<p>      Icon Plus im Kreis<\/p>\n<\/li>\n<li class=\"mb-3 mr-3\">\n    Rom<\/p>\n<p>      Icon Haken im Kreis gesetzt<\/p>\n<p>      Icon Plus im Kreis<\/p>\n<\/li>\n<\/ul>\n","protected":false},"excerpt":{"rendered":"2000 Kilometer und ein straffes Programm sind geschafft. Tobias Frei\u00dfler ist wieder angekommen im Schulalltag, die Riesen-Klassenfahrt mit&hellip;\n","protected":false},"author":2,"featured_media":885455,"comment_status":"","ping_status":"","sticky":false,"template":"","format":"standard","meta":{"footnotes":"","_share_on_mastodon":"0"},"categories":[1846],"tags":[6041,680,772,156169,3364,29,548,663,3934,30,13,355,2776,14,15,4562,22582,21058,12,966,155076],"class_list":["post-885454","post","type-post","status-publish","format-standard","has-post-thumbnail","category-augsburg","tag-abenteuer","tag-augsburg","tag-bayern","tag-bischof-bertram-meier","tag-de","tag-deutschland","tag-eu","tag-europa","tag-europe","tag-germany","tag-headlines","tag-italien","tag-logistik","tag-nachrichten","tag-news","tag-reise","tag-reiseveranstalter","tag-rom","tag-schlagzeilen","tag-schule","tag-st-ursula"],"share_on_mastodon":{"url":"https:\/\/pubeurope.com\/@de\/116267090394376082","error":""},"_links":{"self":[{"href":"https:\/\/www.europesays.com\/de\/wp-json\/wp\/v2\/posts\/885454","targetHints":{"allow":["GET"]}}],"collection":[{"href":"https:\/\/www.europesays.com\/de\/wp-json\/wp\/v2\/posts"}],"about":[{"href":"https:\/\/www.europesays.com\/de\/wp-json\/wp\/v2\/types\/post"}],"author":[{"embeddable":true,"href":"https:\/\/www.europesays.com\/de\/wp-json\/wp\/v2\/users\/2"}],"replies":[{"embeddable":true,"href":"https:\/\/www.europesays.com\/de\/wp-json\/wp\/v2\/comments?post=885454"}],"version-history":[{"count":0,"href":"https:\/\/www.europesays.com\/de\/wp-json\/wp\/v2\/posts\/885454\/revisions"}],"wp:featuredmedia":[{"embeddable":true,"href":"https:\/\/www.europesays.com\/de\/wp-json\/wp\/v2\/media\/885455"}],"wp:attachment":[{"href":"https:\/\/www.europesays.com\/de\/wp-json\/wp\/v2\/media?parent=885454"}],"wp:term":[{"taxonomy":"category","embeddable":true,"href":"https:\/\/www.europesays.com\/de\/wp-json\/wp\/v2\/categories?post=885454"},{"taxonomy":"post_tag","embeddable":true,"href":"https:\/\/www.europesays.com\/de\/wp-json\/wp\/v2\/tags?post=885454"}],"curies":[{"name":"wp","href":"https:\/\/api.w.org\/{rel}","templated":true}]}}