{"id":886003,"date":"2026-03-21T17:08:18","date_gmt":"2026-03-21T17:08:18","guid":{"rendered":"https:\/\/www.europesays.com\/de\/886003\/"},"modified":"2026-03-21T17:08:18","modified_gmt":"2026-03-21T17:08:18","slug":"diskutieren-sie-mit-beim-tagesspiegel-high-noon-expertentalk","status":"publish","type":"post","link":"https:\/\/www.europesays.com\/de\/886003\/","title":{"rendered":"Diskutieren Sie mit beim Tagesspiegel \u201eHigh Noon\u201c-Expertentalk"},"content":{"rendered":"<p class=\"tspCBnp tspCBnq\">Die <a href=\"https:\/\/www.tagesspiegel.de\/berlin\/bezirke\/pankow\/zu-tisch-mit-den-letzten-gasten-der-oderquelle-in-prenzlauer-berg-wir-lagen-uns-in-den-armen-manche-haben-geweint-15177531.html?icid=in-text-link_15382444\" class=\"link link--internal\" data-gtm-class=\"article-text-link\" data-gtm-val=\"internal\" rel=\"nofollow noopener\" target=\"_blank\">Bar<\/a> an der Ecke, <a href=\"https:\/\/www.tagesspiegel.de\/berlin\/bezirke\/pankow\/berliner-cafe-sowohlalsauch-ist-pleite-die-nachste-nachwende-institution-in-prenzlauer-berg-verschwindet-15374282.html?icid=in-text-link_15382444\" class=\"link link--internal\" data-gtm-class=\"article-text-link\" data-gtm-val=\"internal\" rel=\"nofollow noopener\" target=\"_blank\">das Stammcaf\u00e9<\/a>, der <a href=\"https:\/\/www.tagesspiegel.de\/berlin\/bezirke\/friedrichshain-kreuzberg\/weniger-kinder-hohere-kosten-online-handel-beliebter-berliner-spielwarenladen-schliesst-nach-20-jahren-15042815.html?icid=in-text-link_15382444\" class=\"link link--internal\" data-gtm-class=\"article-text-link\" data-gtm-val=\"internal\" rel=\"nofollow noopener\" target=\"_blank\">Spielzeugladen<\/a> nebenan. Viele Berlinerinnen und Berliner haben das Gef\u00fchl, dass die vertrauten L\u00e4den und Lokale in ihrem Kiez verschwinden und von immer denselben anonymen Filialen und Ketten ersetzt werden.<\/p>\n<p>High Noon: Der Tagesspiegel-Expertentalk<\/p>\n<p class=\"tspCBnp\">Sie wollen den Expertinnen und Experten des Tagesspiegels Ihre Fragen stellen? F\u00fcr unsere Leserinnen und Leser organisieren wir <a href=\"https:\/\/www.tagesspiegel.de\/meinung\/themen\/high-noon\" target=\"_blank\" rel=\"noopener nofollow\" class=\"link link--external\" data-gtm-class=\"article-text-link\" data-gtm-val=\"external\" aria-describedby=\"message-target-blank\">regelm\u00e4\u00dfig Online-Events<\/a> zu aktuellen Themen. <strong>Seien Sie live mit dabei!<\/strong><\/p>\n<p class=\"tspCBnp\">Bei unserem n\u00e4chsten Expertentalk diskutieren wir dar\u00fcber, wie steigende Gewerbemieten Berlins Kieze und deutsche Innenst\u00e4dte ver\u00e4ndern. Die Veranstaltung findet am <strong>Dienstag, den 24. M\u00e4rz 2026<\/strong>, von 12 bis 13 Uhr online statt.<\/p>\n<p class=\"tspCBnp\">\ud83d\udc49 Melden Sie sich <a href=\"https:\/\/luma.com\/mtelqz9z\" target=\"_blank\" rel=\"noopener nofollow\" class=\"link link--external\" data-gtm-class=\"article-text-link\" data-gtm-val=\"external\" aria-describedby=\"message-target-blank\">hier<\/a> an, um <strong>live mitzudiskutieren<\/strong>.<\/p>\n<p class=\"tspCBnp\">Ein Grund: steigende Mieten f\u00fcr Einzelhandel und Gastronomie. Anders als beim Wohnen gibt es f\u00fcr Gewerbemieten keine Mietpreisbremse, keine Kappungsgrenzen. <\/p>\n<p class=\"tspCBnp\">Neue Daten, die das <a href=\"https:\/\/www.tagesspiegel.de\/interaktiv\/\" target=\"_blank\" rel=\"noopener nofollow\" class=\"link link--external\" data-gtm-class=\"article-text-link\" data-gtm-val=\"external\" aria-describedby=\"message-target-blank\">Tagesspiegel Innovation Lab<\/a> ausgewertet hat, zeigen, wie sich Gewerbemieten in Berlin und ganz Deutschland entwickelt haben. Bei unserem n\u00e4chsten \u201eHigh Noon\u201c-Talk erhalten Sie am Erscheinungstag der Recherche exklusive Einblicke und k\u00f6nnen den Tagesspiegel-Experten Ihre Fragen stellen.<\/p>\n<ul data-qa-hook=\"story-list-ul\" class=\"tspCQox\">\n<li class=\"tspCQhz tspCQhz\">Welche Trends lassen sich aus den neuen Daten ablesen?<\/li>\n<li class=\"tspCQhz tspCQhz\">Verdr\u00e4ngen steigende Mieten den Einzelhandel zugunsten von Ketten?<\/li>\n<li class=\"tspCQhz tspCQhz\">Welchen Einfluss haben politische Entscheidungen \u00fcber Stadtplanung und Fl\u00e4chen?<\/li>\n<li class=\"tspCQhz tspCQhz\">Wer soll das regeln: der Markt, die Politik \u2013 oder die Vermieter?<\/li>\n<\/ul>\n<p class=\"tspCBnp\">Wir laden Sie herzlich ein, \u00fcber diese und weitere Fragen mit den Tagesspiegel-Experten beim n\u00e4chsten \u201eHigh Noon\u201c-Talk am Dienstag, 24. M\u00e4rz von 12 bis 13 Uhr zu diskutieren!<\/p>\n<p class=\"tspCBnp\">Die G\u00e4ste sind:<\/p>\n<ul data-qa-hook=\"story-list-ul\" class=\"tspCQox\">\n<li class=\"tspCQhz tspCQhz\"><strong>Gabriel Ahlfeldt<\/strong>, Stadt\u00f6konom und Professor f\u00fcr \u00d6konometrie an der Humboldt-Universit\u00e4t zu Berlin<\/li>\n<li class=\"tspCQhz tspCQhz\"><strong>Nina Breher<\/strong>, Ressortleiterin Tagesspiegel Innovation Lab\/Datenjournalismus<\/li>\n<\/ul>\n<p class=\"tspCBnp\">Es moderiert <strong>Anke Myrrhe<\/strong>, stellvertretende Chefredakteurin des Tagesspiegels.<\/p>\n<p class=\"tspCBnp\">\ud83d\udc49 <a href=\"https:\/\/luma.com\/mtelqz9z\" target=\"_blank\" rel=\"noopener nofollow\" class=\"link link--external\" data-gtm-class=\"article-text-link\" data-gtm-val=\"external\" aria-describedby=\"message-target-blank\">Hier<\/a> k\u00f6nnen Sie sich anmelden, um <strong>live mitzudiskutieren<\/strong>. <\/p>\n","protected":false},"excerpt":{"rendered":"Die Bar an der Ecke, das Stammcaf\u00e9, der Spielzeugladen nebenan. Viele Berlinerinnen und Berliner haben das Gef\u00fchl, dass&hellip;\n","protected":false},"author":2,"featured_media":886004,"comment_status":"","ping_status":"","sticky":false,"template":"","format":"standard","meta":{"footnotes":"","_share_on_mastodon":"0"},"categories":[1825],"tags":[296,29,30,62283,3295,7134,12385],"class_list":["post-886003","post","type-post","status-publish","format-standard","has-post-thumbnail","category-berlin","tag-berlin","tag-deutschland","tag-germany","tag-high-noon-der-tagesspiegel-talk","tag-hochschulen","tag-mieten","tag-wohnen-in-berlin"],"share_on_mastodon":{"url":"https:\/\/pubeurope.com\/@de\/116268269976994588","error":""},"_links":{"self":[{"href":"https:\/\/www.europesays.com\/de\/wp-json\/wp\/v2\/posts\/886003","targetHints":{"allow":["GET"]}}],"collection":[{"href":"https:\/\/www.europesays.com\/de\/wp-json\/wp\/v2\/posts"}],"about":[{"href":"https:\/\/www.europesays.com\/de\/wp-json\/wp\/v2\/types\/post"}],"author":[{"embeddable":true,"href":"https:\/\/www.europesays.com\/de\/wp-json\/wp\/v2\/users\/2"}],"replies":[{"embeddable":true,"href":"https:\/\/www.europesays.com\/de\/wp-json\/wp\/v2\/comments?post=886003"}],"version-history":[{"count":0,"href":"https:\/\/www.europesays.com\/de\/wp-json\/wp\/v2\/posts\/886003\/revisions"}],"wp:featuredmedia":[{"embeddable":true,"href":"https:\/\/www.europesays.com\/de\/wp-json\/wp\/v2\/media\/886004"}],"wp:attachment":[{"href":"https:\/\/www.europesays.com\/de\/wp-json\/wp\/v2\/media?parent=886003"}],"wp:term":[{"taxonomy":"category","embeddable":true,"href":"https:\/\/www.europesays.com\/de\/wp-json\/wp\/v2\/categories?post=886003"},{"taxonomy":"post_tag","embeddable":true,"href":"https:\/\/www.europesays.com\/de\/wp-json\/wp\/v2\/tags?post=886003"}],"curies":[{"name":"wp","href":"https:\/\/api.w.org\/{rel}","templated":true}]}}