{"id":886404,"date":"2026-03-21T21:18:15","date_gmt":"2026-03-21T21:18:15","guid":{"rendered":"https:\/\/www.europesays.com\/de\/886404\/"},"modified":"2026-03-21T21:18:15","modified_gmt":"2026-03-21T21:18:15","slug":"brand-in-mehrfamilienhaus-in-loerick","status":"publish","type":"post","link":"https:\/\/www.europesays.com\/de\/886404\/","title":{"rendered":"Brand in Mehrfamilienhaus in L\u00f6rick"},"content":{"rendered":"<p class=\"text_ohne_einzug richtext text-em-55 !leading-serif mx-6 desktop:mx-0\">  Die D\u00fcsseldorfer <a href=\"https:\/\/rp-online.de\/thema\/feuerwehr\/\" rel=\"nofollow noopener\" target=\"_blank\">Feuerwehr<\/a> musste am Samstagnachmittag zu einem gr\u00f6\u00dferen Einsatz nach L\u00f6rick ausr\u00fccken. Hintergrund war ein Zimmerbrand in einem Mehrfamilienhaus, wie die Feuerwehr mitteilte.<\/p>\n<p class=\"richtext text-em-55 !leading-serif mx-6 desktop:mx-0\">Demnach erreichten die Leitstelle der Feuerwehr gegen 14.30 Uhr mehrere Notrufe. Anwohner meldeten einen m\u00f6glichen Brand im Dachbereich eines Mehrfamilienhauses an der Niederdonker Stra\u00dfe. Bereits kurz nach der Alarmierung trafen die ersten Einsatzkr\u00e4fte ein und stellten eine deutliche Rauchentwicklung aus einem Fenster im sechsten Obergeschoss fest. Der Einsatzleiter entsandte laut Feuerwehr umgehend mehrere L\u00f6schtrupps zur Menschenrettung und Brandbek\u00e4mpfung \u00fcber den rauchfreien Treppenraum in die betroffene Wohnung. Dort habe sich schnell gezeigt, dass nur ein einzelnes Zimmer brannte und sich in der Wohnung ansonsten kein Mensch aufhielt.<\/p>\n<p class=\"richtext text-em-55 !leading-serif mx-6 desktop:mx-0\">Der Brand habe von den rund 40 Einsatzkr\u00e4ften dann schnell unter Kontrolle gebracht werden k\u00f6nnen und eine halbe Stunde nach der Alarmierung habe \u201eFeuer aus\u201c gemeldet werden k\u00f6nnen. Durch den Brand wurde niemand verletzt, teilte die Feuerwehr au\u00dferdem mit. Zurzeit sei die Wohnung aber nicht bewohnbar. Die Mieter k\u00fcmmerten sich eigenst\u00e4ndig um eine Ersatzunterkunft. Die Kriminalpolizei hat die Brandursachenermittlung \u00fcbernommen.<\/p>\n","protected":false},"excerpt":{"rendered":"Die D\u00fcsseldorfer Feuerwehr musste am Samstagnachmittag zu einem gr\u00f6\u00dferen Einsatz nach L\u00f6rick ausr\u00fccken. Hintergrund war ein Zimmerbrand in&hellip;\n","protected":false},"author":2,"featured_media":886405,"comment_status":"","ping_status":"","sticky":false,"template":"","format":"standard","meta":{"footnotes":"","_share_on_mastodon":"0"},"categories":[1831],"tags":[2919,10015,65768,3364,29,3405,588,9032,33026,36216,987,985,30,11532,30536,12182,2295,1209,626,22358,6582],"class_list":["post-886404","post","type-post","status-publish","format-standard","has-post-thumbnail","category-duesseldorf","tag-brand","tag-brandbekaempfung","tag-brandursachenermittlung","tag-de","tag-deutschland","tag-duesseldorf","tag-einsatz","tag-einsatzkraefte","tag-einsatzkraeften","tag-einsatzleiter","tag-feuer","tag-feuerwehr","tag-germany","tag-kontrolle","tag-loerick","tag-mehrfamilienhaus","tag-mieter","tag-nordrhein-westfalen","tag-wohnung","tag-zimmer","tag-zimmerbrand"],"share_on_mastodon":{"url":"https:\/\/pubeurope.com\/@de\/116269253057627767","error":""},"_links":{"self":[{"href":"https:\/\/www.europesays.com\/de\/wp-json\/wp\/v2\/posts\/886404","targetHints":{"allow":["GET"]}}],"collection":[{"href":"https:\/\/www.europesays.com\/de\/wp-json\/wp\/v2\/posts"}],"about":[{"href":"https:\/\/www.europesays.com\/de\/wp-json\/wp\/v2\/types\/post"}],"author":[{"embeddable":true,"href":"https:\/\/www.europesays.com\/de\/wp-json\/wp\/v2\/users\/2"}],"replies":[{"embeddable":true,"href":"https:\/\/www.europesays.com\/de\/wp-json\/wp\/v2\/comments?post=886404"}],"version-history":[{"count":0,"href":"https:\/\/www.europesays.com\/de\/wp-json\/wp\/v2\/posts\/886404\/revisions"}],"wp:featuredmedia":[{"embeddable":true,"href":"https:\/\/www.europesays.com\/de\/wp-json\/wp\/v2\/media\/886405"}],"wp:attachment":[{"href":"https:\/\/www.europesays.com\/de\/wp-json\/wp\/v2\/media?parent=886404"}],"wp:term":[{"taxonomy":"category","embeddable":true,"href":"https:\/\/www.europesays.com\/de\/wp-json\/wp\/v2\/categories?post=886404"},{"taxonomy":"post_tag","embeddable":true,"href":"https:\/\/www.europesays.com\/de\/wp-json\/wp\/v2\/tags?post=886404"}],"curies":[{"name":"wp","href":"https:\/\/api.w.org\/{rel}","templated":true}]}}