{"id":886650,"date":"2026-03-21T23:40:24","date_gmt":"2026-03-21T23:40:24","guid":{"rendered":"https:\/\/www.europesays.com\/de\/886650\/"},"modified":"2026-03-21T23:40:24","modified_gmt":"2026-03-21T23:40:24","slug":"donald-trump-bin-froh-ex-fbi-chef-robert-mueller-ist-tot","status":"publish","type":"post","link":"https:\/\/www.europesays.com\/de\/886650\/","title":{"rendered":"Donald Trump: &#8222;Bin froh&#8220;: Ex-FBI-Chef Robert Mueller ist tot"},"content":{"rendered":"<p>Donald Trump: &#8222;Bin froh&#8220;Ex-FBI-Chef Robert Mueller ist tot<\/p>\n<p>21.03.2026, 19:32 Uhr <\/p>\n<p>Artikel anh\u00f6ren(01:53 min)<\/p>\n<p><img decoding=\"async\" class=\"Image_img__fQCi0 Image_Img_16_9__4BLfH widget-picture-inline_maximizable__t_E7h\" loading=\"eager\" fetchpriority=\"high\" src=\"https:\/\/www.europesays.com\/de\/wp-content\/uploads\/2026\/03\/FILE-Special-counsel-Robert-S-Mueller-III-testifies-on-Capitol-Hill-in-Washington-before-the-House-J.webp\" alt=\"FILE-Special-counsel-Robert-S-Mueller-III-testifies-on-Capitol-Hill-in-Washington-before-the-House-Judiciary-Committee-in-Washington-July-24-2019-Mueller-a-former-FBI-director-died-on-Friday-March-20-2026-He-was-81\"\/>Mueller machte eine Parkinson-Erkrankung \u00f6ffentlich. (Foto: AP Photo\/Susan Walsh)TeilenFolgen auf:<a href=\"https:\/\/www.whatsapp.com\/channel\/0029Va5cdVJD8SDp5YZgYF01\" title=\"Auf WhatsApp folgen\" target=\"_blank\" rel=\"nofollow noopener\"><img decoding=\"async\" src=\"https:\/\/www.n-tv.de\/socialIcons\/whatsapp.svg\" alt=\"whatsapp\" class=\"ArticleShare_icon__FsrC2\"\/><\/a><a href=\"https:\/\/news.google.com\/publications\/CAAiEPMdif5mpRNxiLOeUpHCwwsqFAgKIhDzHYn-ZqUTcYiznlKRwsML?hl=de&amp;gl=DE&amp;ceid=DE%3Ade\" title=\"Auf Google News folgen\" target=\"_blank\" rel=\"nofollow noopener\"><img decoding=\"async\" src=\"https:\/\/www.n-tv.de\/socialIcons\/google.svg\" alt=\"whatsapp\" class=\"ArticleShare_icon__FsrC2\"\/><\/a><\/p>\n<p class=\"Typography_text-m__XI0da Typography_weight-bold__uT6mq storyline_lead_text_leadtext__q_wg8\">Viele Jahre steht Robert Mueller an der Spitze der US-Bundespolizei FBI. Mehrere Jahre ermittelt er, ob sich Russland in die Pr\u00e4sidentschaftswahl von 2016 eingemischt hat. Jetzt ist er tot. Donald Trump zeigt sich erleichtert.<\/p>\n<p class=\"Typography_text-default__P3otY Typography_weight-normal__pqUbH storyline_paragraph_p__qSR5N\">Der Leiter der Sonderermittlungen in der Russland-Aff\u00e4re um US-Pr\u00e4sident Donald Trump, Robert Mueller, ist Medienberichten zufolge tot. Der fr\u00fchere langj\u00e4hrige FBI-Direktor sei im Alter von 81 Jahren gestorben, berichteten der US-Sender <a class=\"inline_link\" href=\"https:\/\/www.ms.now\/news\/former-special-counsel-robert-mueller-has-died\" target=\"_blank\" rel=\"nofollow noopener\">MS Now<\/a> und die &#8222;<a class=\"inline_link\" href=\"https:\/\/www.nytimes.com\/2026\/03\/21\/us\/politics\/robert-s-mueller-dead.html\" target=\"_blank\" rel=\"nofollow noopener\">New York Times<\/a>&#8220; unter Berufung auf seine Familie. Vergangenes Jahr war bekannt geworden, dass Mueller an Parkinson erkrankt war. <\/p>\n<p class=\"Typography_text-default__P3otY Typography_weight-normal__pqUbH storyline_paragraph_p__qSR5N\">Trump schrieb in einer ersten Reaktion nach Muellers Tod <a class=\"inline_link\" href=\"https:\/\/truthsocial.com\/@realDonaldTrump\/posts\/116268334535345382\" target=\"_blank\" rel=\"nofollow noopener\">auf Truth Social<\/a>: &#8222;Gut, ich bin froh, dass er tot ist. Er kann unschuldigen Menschen nicht mehr schaden!&#8220; <\/p>\n<p class=\"Typography_text-default__P3otY Typography_weight-normal__pqUbH storyline_paragraph_p__qSR5N\">Mueller war kurz vor den Anschl\u00e4gen des 11. September 2001 an die Spitze des FBI ger\u00fcckt. W\u00e4hrend seiner zw\u00f6lfj\u00e4hrigen Amtszeit widmete er sich der Aufgabe, die Beh\u00f6rde mittels einer grundlegenden Reform f\u00fcr die neue Schwerpunktaufgabe des Anti-Terror-Kampfs zu wappnen. Als Sonderermittler hatte Mueller zudem von 2017 bis 2019 eine m\u00f6gliche Einmischung Russlands bei der US-Wahl 2016 zugunsten Trumps untersucht &#8211; zum \u00c4rger des Pr\u00e4sidenten.<\/p>\n<p class=\"Typography_text-default__P3otY Typography_weight-normal__pqUbH storyline_paragraph_p__qSR5N\">In seinem 2019 ver\u00f6ffentlichten Bericht kam er zu dem Schluss, dass sich Russland systematisch in die Wahl eingemischt habe. Beweise f\u00fcr eine Verschw\u00f6rung von Trumps Team mit Moskau fand er jedoch nicht. Er betonte vor dem US-Kongress jedoch ausdr\u00fccklich, dass Trump durch den Bericht nicht entlastet sei.<\/p>\n<p class=\"Typography_text-default__P3otY Typography_weight-normal__pqUbH storyline_paragraph_p__qSR5N\">Die 22-monatige Untersuchung f\u00fchrte zu Anklagen gegen 34 Personen. Darunter befanden sich russische Geheimdienstmitarbeiter sowie mehrere Vertraute Trumps, wie sein ehemaliger Wahlkampfleiter Paul Manafort und sein Berater Roger Stone. Trump begnadigte diese sp\u00e4ter. Eine Behinderung der Ermittlungen der Justiz durch Trump schloss Mueller nicht aus. Dennoch wertete Trump den Bericht als Entlastung &#8211; die Ermittlungen bezeichnete er immer wieder als &#8222;Hexenjagd&#8220;.<\/p>\n<p class=\"Typography_text-default__P3otY Typography_weight-normal__pqUbH storyline_paragraph_p__qSR5N\">Die langsam fortschreitende Erkrankung Parkinson l\u00e4sst Zellen im Gehirn sterben, die den Botenstoff Dopamin produzieren, mit dessen Hilfe der K\u00f6rper Bewegungen steuert. Bei Betroffenen ist Zittern eine typische Folge.<\/p>\n<p class=\"Typography_text-s__wu_cm Typography_weight-normal__pqUbH Typography_color-darkgrey__sZEnP article-detail-footer_source__KslPc\">Quelle: ntv.de, mpa\/dpa\/rts\/AFP<\/p>\n","protected":false},"excerpt":{"rendered":"Donald Trump: &#8222;Bin froh&#8220;Ex-FBI-Chef Robert Mueller ist tot 21.03.2026, 19:32 Uhr Artikel anh\u00f6ren(01:53 min) Mueller machte eine Parkinson-Erkrankung&hellip;\n","protected":false},"author":2,"featured_media":886651,"comment_status":"","ping_status":"","sticky":false,"template":"","format":"standard","meta":{"footnotes":"","_share_on_mastodon":"0"},"categories":[5],"tags":[331,332,3364,29,106,22720,30,13,14,15,13029,16,60584,12,64],"class_list":["post-886650","post","type-post","status-publish","format-standard","has-post-thumbnail","category-nachrichten","tag-aktuelle-nachrichten","tag-aktuelle-news","tag-de","tag-deutschland","tag-donald-trump","tag-fbi","tag-germany","tag-headlines","tag-nachrichten","tag-news","tag-parkinson","tag-politik","tag-robert-mueller","tag-schlagzeilen","tag-usa"],"share_on_mastodon":{"url":"https:\/\/pubeurope.com\/@de\/116269811727967314","error":""},"_links":{"self":[{"href":"https:\/\/www.europesays.com\/de\/wp-json\/wp\/v2\/posts\/886650","targetHints":{"allow":["GET"]}}],"collection":[{"href":"https:\/\/www.europesays.com\/de\/wp-json\/wp\/v2\/posts"}],"about":[{"href":"https:\/\/www.europesays.com\/de\/wp-json\/wp\/v2\/types\/post"}],"author":[{"embeddable":true,"href":"https:\/\/www.europesays.com\/de\/wp-json\/wp\/v2\/users\/2"}],"replies":[{"embeddable":true,"href":"https:\/\/www.europesays.com\/de\/wp-json\/wp\/v2\/comments?post=886650"}],"version-history":[{"count":0,"href":"https:\/\/www.europesays.com\/de\/wp-json\/wp\/v2\/posts\/886650\/revisions"}],"wp:featuredmedia":[{"embeddable":true,"href":"https:\/\/www.europesays.com\/de\/wp-json\/wp\/v2\/media\/886651"}],"wp:attachment":[{"href":"https:\/\/www.europesays.com\/de\/wp-json\/wp\/v2\/media?parent=886650"}],"wp:term":[{"taxonomy":"category","embeddable":true,"href":"https:\/\/www.europesays.com\/de\/wp-json\/wp\/v2\/categories?post=886650"},{"taxonomy":"post_tag","embeddable":true,"href":"https:\/\/www.europesays.com\/de\/wp-json\/wp\/v2\/tags?post=886650"}],"curies":[{"name":"wp","href":"https:\/\/api.w.org\/{rel}","templated":true}]}}