{"id":886871,"date":"2026-03-22T01:45:21","date_gmt":"2026-03-22T01:45:21","guid":{"rendered":"https:\/\/www.europesays.com\/de\/886871\/"},"modified":"2026-03-22T01:45:21","modified_gmt":"2026-03-22T01:45:21","slug":"stefan-raab-als-ken-in-wer-weiss-wie-wann-was-war-habe-ein-bisschen-was-von-donald-trump-unterhaltung","status":"publish","type":"post","link":"https:\/\/www.europesays.com\/de\/886871\/","title":{"rendered":"Stefan Raab als Ken in \u201eWer wei\u00df wie wann was war\u201c: \u201eHabe ein bisschen was von Donald Trump\u201c | Unterhaltung"},"content":{"rendered":"<p><a class=\"skip-content skip-content--link\" href=\"#in-content-skip-link-target-v-0-0\">TTS-Player \u00fcberspringen\u21b5<\/a><a id=\"in-content-skip-link-target-v-0-0\" class=\"skip-content--target-link-hidden skip-content skip-content--target-link\" href=\"#in-content-skip-link-target-v-0-0\">Artikel weiterlesen<\/a><\/p>\n<p>K\u00f6ln (NRW) \u2013 <b>Zweite Runde in der neuen Show von Barbara Sch\u00f6neberger (52) und Stefan Raab (59): In \u201eWer wei\u00df wie wann was war\u201c lieferten die beiden unterhaltsame Einblicke in die Vergangenheit. W\u00e4hrend Promi-G\u00e4ste ums gro\u00dfe Geld f\u00fcr ihre Publikumsgruppe zockten, lieferten die Moderatoren von \u201eDirty Dancing\u201c \u00fcber \u201eMaschendrahtzaun\u201c bis zu \u201eBarbie und Ken\u201c viele Parodien.<\/b><\/p>\n<p>Die Comedy-Ikonen Hella von Sinnen (67) und Hugo Egon Balder (75) spielten an diesem Abend f\u00fcr die Senioren, also die Publikumsgruppe \u00fcber 60. F\u00fcr die \u00fcber 40-J\u00e4hrigen waren Schauspieler Hans Sigl (56) und Radrennfahrer Jan Ullrich (52) am Start, \u00dc20 wurde von Moderatorin <a href=\"https:\/\/www.bild.de\/unterhaltung\/leute\/sophia-thomalla\/sophia-thomalla-alle-infos-78083008.bild.html\" class=\"text-link\" rel=\"nofollow noopener\" target=\"_blank\">Sophia Thomalla<\/a> (36) und Schauspieler Edin Hasanovi\u0107 (33) vertreten.<\/p>\n<p><img decoding=\"async\" width=\"992\" height=\"661\" alt=\"Hugo Egon Balder (75) und Hella von Sinnen (67) finden die Performance von Raab uns Sch\u00f6neberger super\" src=\"https:\/\/www.europesays.com\/de\/wp-content\/uploads\/2026\/03\/11efcf931a7db8ae2c409525bea0c9c2,35aaf969.jpeg\"   class=\"dynamic\" loading=\"lazy\"\/><\/p>\n<p class=\"fig__caption__text\">Hugo Egon Balder (75) und Hella von Sinnen (67) finden die Performance von Raab uns Sch\u00f6neberger super<\/p>\n<p>Foto: RTL\/Raab Entertainment\/Willi Weber<\/p>\n<p><img decoding=\"async\" width=\"992\" height=\"661\" alt=\"Sophia Thomalla (36) und Edin Hasanovi (33) vertreten die Generation \u00dc20\" src=\"https:\/\/www.europesays.com\/de\/wp-content\/uploads\/2026\/03\/80f5204fff92cffc9f0cf61fd4d277de,ea267b59.jpeg\"   class=\"dynamic\" loading=\"lazy\"\/><\/p>\n<p class=\"fig__caption__text\">Sophia Thomalla (36) und Edin Hasanovi\u0107 (33) vertreten hier die Generation \u00dc20<\/p>\n<p>Foto: RTL\/Raab Entertainment\/Willi Weber<\/p>\n<p>Sophia Thomalla sieht Horst Schl\u00e4mmer in Raab wieder<\/p>\n<p>Beim Thema \u201eTrends\u201c schmei\u00dfen sich Sch\u00f6neberger und <a href=\"https:\/\/www.bild.de\/themen\/personen\/stefan-raab\/moderator-entertainer-alleskoenner-15816586.bild.html\" class=\"text-link\" rel=\"nofollow noopener\" target=\"_blank\">Stefan Raab<\/a> in pinke Outfits und schmettern \u201eBarbie Girl\u201c. Thomalla am\u00fcsiert sich k\u00f6stlich \u00fcber Stefan: \u201eIch finde, er hat ein bisschen was von Horst Schl\u00e4mmer. Aber geliftet.\u201c Sch\u00f6neberger spricht lachend von der \u201ePorno-Edition\u201c, Raab findet jedoch einen ganz anderen Vergleich: \u201eIch finde, ich habe ein bisschen was von Donald Trump.\u201c<\/p>\n<p><img decoding=\"async\" width=\"992\" height=\"661\" alt=\"Sch\u00f6neberger und Raab in ihrer eigenen \u201eBarbie\u201c-Welt\" src=\"https:\/\/www.europesays.com\/de\/wp-content\/uploads\/2026\/03\/85002b25b7825a0cc0322c16a180a447,7184563.jpeg\"   class=\"dynamic\" loading=\"lazy\"\/><\/p>\n<p class=\"fig__caption__text\">Sch\u00f6neberger und Raab in ihrer eigenen \u201eBarbie\u201c-Welt<\/p>\n<p>Foto: RTL\/Raab Entertainment\/Willi Weber<\/p>\n<p><img decoding=\"async\" width=\"992\" height=\"558\" alt=\"Raab vergleicht seine Ken-Optik mit US-Pr\u00e4sident Donald Trump (79)\" src=\"https:\/\/www.europesays.com\/de\/wp-content\/uploads\/2026\/03\/070ff6f35ac4e89659aaebba92457d4b,70e6ba74.jpeg\"   class=\"landscape\" loading=\"lazy\"\/><\/p>\n<p class=\"fig__caption__text\">Raab vergleicht seine Ken-Optik mit US-Pr\u00e4sident Donald Trump (79)<\/p>\n<p>Foto: ANDREW CABALLERO-REYNOLDS\/AFP<\/p>\n<p>Die k\u00fcnstlichen Z\u00e4hne machen ihm die Aussprache schwer, sodass Barbara erkl\u00e4rt: \u201eIhr m\u00fcsst den Stefan entschuldigen. Beim Reden bleibt manchmal die Lippe \u00fcber den Z\u00e4hnen h\u00e4ngen. Der Speichelfluss \u2026\u201c<\/p>\n<p>Kurz darauf die \u201eBarbie-Frage\u201c: 1994 kam eine ganz besondere Barbie auf den Markt. Die konnte A) ein Baby geb\u00e4ren, B) auf Knopfdruck laufen, C) unter Wasser leuchten, D) mehr als 200.000 S\u00e4tze sprechen? 94 Prozent der \u00dc40-Gruppe entscheidet sich f\u00fcr A \u2013 inklusive Sigl und Ullrich. Sch\u00f6neberger ist entsetzt: \u201eIhr habt wohl noch nie einer Barbie unter den Rock geguckt. Da ist nichts!\u201c Antwort D ist richtig.<\/p>\n<p>Mehr zum ThemaStefan Raab st\u00fcrzt vom Rad<\/p>\n<p>Kurz darauf st\u00fcrzt Raab dann auch noch vom Bonanza-Rad, mit dem er l\u00e4ssig herumkurven will. Der Moderator motzt: \u201eIch habe gesagt, dass ich in dem Schei\u00dfanzug nichts machen kann!\u201c Sch\u00f6neberger trocken: \u201eMein Gott. Du h\u00e4ttest tot sein k\u00f6nnen!\u201c <\/p>\n<p><img decoding=\"async\" width=\"992\" height=\"661\" alt=\"Es wird sportlich: Stefan Raab d\u00fcst mit dem Fahrrad im Studio herum\" src=\"https:\/\/www.europesays.com\/de\/wp-content\/uploads\/2026\/03\/60f9673677369bc9809709ed1e79bd53,892153df.jpeg\"   class=\"dynamic\" loading=\"lazy\"\/><\/p>\n<p class=\"fig__caption__text\">Es wird sportlich: Stefan Raab d\u00fcst mit dem Fahrrad im Studio herum<\/p>\n<p>Foto: RTL\/Raab Entertainment\/Willi Weber<\/p>\n<p>Sie bekommt daf\u00fcr kurz darauf ihr Fett weg: Beim Performen des Songs \u201eMaschendrahtzaun\u201c tr\u00e4gt sie einen Buzzer auf dem Kopf, auf den Raab immer wieder haut. Sch\u00f6neberger klagt: \u201eWie du da draufgedonnert hast. Sch\u00e4delbasisbruch!\u201c<\/p>\n<p>Am Ende haben an diesem Abend die Senioren die Nase vorn. Die \u00dc60-Gruppe erspielt eine Gesamtsumme von 58.700 Euro und somit 587 Euro f\u00fcr jeden Teilnehmer der Publikumsgruppe.<\/p>\n","protected":false},"excerpt":{"rendered":"TTS-Player \u00fcberspringen\u21b5Artikel weiterlesen K\u00f6ln (NRW) \u2013 Zweite Runde in der neuen Show von Barbara Sch\u00f6neberger (52) und Stefan&hellip;\n","protected":false},"author":2,"featured_media":886872,"comment_status":"","ping_status":"","sticky":false,"template":"","format":"standard","meta":{"footnotes":"","_share_on_mastodon":"0"},"categories":[1776],"tags":[1801,29,214,30,1802,1307,41077,640,40130,138370,45,17499,215],"class_list":["post-886871","post","type-post","status-publish","format-standard","has-post-thumbnail","category-prominente","tag-celebrities","tag-deutschland","tag-entertainment","tag-germany","tag-prominente","tag-prosieben","tag-raab-stefan","tag-rtl","tag-schoeneberger-barbara","tag-team-first","tag-texttospeech","tag-thomalla-sophia","tag-unterhaltung"],"share_on_mastodon":{"url":"https:\/\/pubeurope.com\/@de\/116270303186623605","error":""},"_links":{"self":[{"href":"https:\/\/www.europesays.com\/de\/wp-json\/wp\/v2\/posts\/886871","targetHints":{"allow":["GET"]}}],"collection":[{"href":"https:\/\/www.europesays.com\/de\/wp-json\/wp\/v2\/posts"}],"about":[{"href":"https:\/\/www.europesays.com\/de\/wp-json\/wp\/v2\/types\/post"}],"author":[{"embeddable":true,"href":"https:\/\/www.europesays.com\/de\/wp-json\/wp\/v2\/users\/2"}],"replies":[{"embeddable":true,"href":"https:\/\/www.europesays.com\/de\/wp-json\/wp\/v2\/comments?post=886871"}],"version-history":[{"count":0,"href":"https:\/\/www.europesays.com\/de\/wp-json\/wp\/v2\/posts\/886871\/revisions"}],"wp:featuredmedia":[{"embeddable":true,"href":"https:\/\/www.europesays.com\/de\/wp-json\/wp\/v2\/media\/886872"}],"wp:attachment":[{"href":"https:\/\/www.europesays.com\/de\/wp-json\/wp\/v2\/media?parent=886871"}],"wp:term":[{"taxonomy":"category","embeddable":true,"href":"https:\/\/www.europesays.com\/de\/wp-json\/wp\/v2\/categories?post=886871"},{"taxonomy":"post_tag","embeddable":true,"href":"https:\/\/www.europesays.com\/de\/wp-json\/wp\/v2\/tags?post=886871"}],"curies":[{"name":"wp","href":"https:\/\/api.w.org\/{rel}","templated":true}]}}