{"id":886979,"date":"2026-03-22T02:48:35","date_gmt":"2026-03-22T02:48:35","guid":{"rendered":"https:\/\/www.europesays.com\/de\/886979\/"},"modified":"2026-03-22T02:48:35","modified_gmt":"2026-03-22T02:48:35","slug":"manga-comic-con-zeichnet-erstmals-deutsche-zeichnerinnen-aus","status":"publish","type":"post","link":"https:\/\/www.europesays.com\/de\/886979\/","title":{"rendered":"Manga Comic Con zeichnet erstmals deutsche Zeichnerinnen aus"},"content":{"rendered":"<p class=\"tspCBnp tspCBnq\">Er soll der deutschsprachigen Manga-Szene mehr Aufmerksamkeit verschaffen: Am Freitag wurde erstmals der neue <a href=\"https:\/\/www.manga-comic-con.de\/de\/erleben\/tancho-award\/\" target=\"_blank\" rel=\"noopener nofollow\" class=\"link link--external\" data-gtm-class=\"article-text-link\" data-gtm-val=\"external\" aria-describedby=\"message-target-blank\">Tancho Award<\/a>\u00a0der Manga Comic Con verliehen. Die Veranstaltung fand im Rahmen der noch bis diesen Sonntag ge\u00f6ffneten Leipziger Buchmesse statt. Zur Manga Comic Con sind <a href=\"https:\/\/www.tagesspiegel.de\/kultur\/comics\/namhafte-gaste-aus-japan-und-deutschland-diese-manga-und-comic-stars-kommen-zur-leipziger-buchmesse-15256557.html?icid=in-text-link_15384602\" class=\"link link--internal\" data-gtm-class=\"article-text-link\" data-gtm-val=\"internal\" rel=\"nofollow noopener\" target=\"_blank\">auch in diesem Jahr mehrere prominente Zeichnerinnen und Zeichner aus Japan und Taiwan als Ehreng\u00e4ste angereist<\/a>. <\/p>\n<blockquote class=\"tspCFnx\">\n<p>Mit der neuen Auszeichnung wollen wir den deutschsprachigen Mangaka-Nachwuchs sichtbarer machen und das gro\u00dfe Potenzial ehren, das diese Szene hat.<\/p>\n<\/blockquote>\n<p class=\"tspCFny\">Aus der <strong>Begr\u00fcndung<\/strong> zur Einrichtung des Tancho Award der Manga Comic Con<\/p>\n<p class=\"tspCBnp\">Der Preis soll heimische Manga-K\u00fcnstlerinnen und -K\u00fcnstler \u201eauf einer der gr\u00f6\u00dften Buchmessen Europas ins Rampenlicht\u201c r\u00fccken, wie es in der Ausschreibung der von der Deutsch-Japanischen Gesellschaft Leipzig unterst\u00fctzten Auszeichnung hei\u00dft. \u201eMit der neuen Auszeichnung wollen wir vor allem den deutschsprachigen Mangaka-Nachwuchs zuk\u00fcnftig sichtbarer machen und das gro\u00dfe Potenzial ehren, das diese Szene hat.\u201c<\/p>\n<p class=\"tspCBnp\">Manga \u2013 also Comics vorwiegend aus Japan, aber zunehmend auch aus anderen asiatischen L\u00e4ndern \u2013 sind im deutschsprachigen Raum <a href=\"https:\/\/www.tagesspiegel.de\/kultur\/comics\/wie-der-manga-nach-deutschland-kam-3750361.html?icid=in-text-link_15384602\" class=\"link link--internal\" data-gtm-class=\"article-text-link\" data-gtm-val=\"internal\" rel=\"nofollow noopener\" target=\"_blank\">schon l\u00e4nger popul\u00e4r<\/a>. Sie haben in den vergangenen Jahrzehnten zahlreiche deutschsprachige K\u00fcnstlerinnen und K\u00fcnstler zu Comics inspiriert, die zeichnerisch und erz\u00e4hlerisch von fern\u00f6stlichen Vorbildern inspiriert sind. In den <a href=\"https:\/\/www.tagesspiegel.de\/kultur\/ist-der-manga-boom-vorbei-15285107.html?icid=in-text-link_15384602\" class=\"link link--internal\" data-gtm-class=\"article-text-link\" data-gtm-val=\"internal\" rel=\"nofollow noopener\" target=\"_blank\">Bestseller-Listen der Buch- und Mangal\u00e4den<\/a> f\u00fchren allerdings nach wie vor die ins Deutsche \u00fcbertragenen ausl\u00e4ndischen Titel.<\/p>\n<p><img decoding=\"async\" src=\"https:\/\/www.europesays.com\/de\/wp-content\/uploads\/2026\/03\/kiela-und-das-letzte-geleit-fixed-width-flexible-height-l-1.jpeg\" alt=\"Das Titelbild des dritten Bandes von Sozan Coskuns Manga \u201eKiela und das letzte Geleit\u201c.\" aria-labelledby=\"caption-15384590\" width=\"620\" height=\"879\" loading=\"lazy\" class=\"tspAYip\"\/> Das Titelbild des dritten Bandes von Sozan Coskuns Manga \u201eKiela und das letzte Geleit\u201c <\/p>\n<p class=\"tspACfv\"> \u00a9 Altraverse <\/p>\n<p class=\"tspCBnp\">Die mit jeweils 1000 Euro dotierte neue Auszeichnung wird in zwei Kategorien verliehen: Verlagspublikation und Selfpublishing. Die ersten beiden Preistr\u00e4gerinnen des Tancho Awards wurden am Freitag auf der Gro\u00dfen B\u00fchne in Halle 5 der Messeanlage geehrt: <strong>Sozan Coskun<\/strong>, Jahrgang 1996, und <strong>Lisa Santrau<\/strong>, Jahrgang 1987, besser bekannt unter ihrem K\u00fcnstlernamen <strong>Lian<\/strong>.<\/p>\n<p><img decoding=\"async\" src=\"https:\/\/www.europesays.com\/de\/wp-content\/uploads\/2026\/03\/santrau-lisa-rabenfluch-3-fixed-width-flexible-height-l.jpeg\" alt=\"Das Titelbild des dritten Bandes von Lians selbstverlegter Erz\u00e4hlung \u201eRabenfluch\u201c.\" aria-labelledby=\"caption-15384588\" width=\"620\" height=\"876\" loading=\"lazy\" class=\"tspAYip\"\/> Das Titelbild des dritten Bandes von Lians selbstverlegter Erz\u00e4hlung \u201eRabenfluch\u201c <\/p>\n<p class=\"tspACfv\"> \u00a9 Lisa Santrau <\/p>\n<p class=\"tspCBnp\">Sozan Coskun widmet sich in ihrem im Hamburger Altraverse-Verlag ver\u00f6ffentlichten Manga\u00a0<a href=\"https:\/\/altraverse.de\/manga\/kiela-und-das-letzte-geleit\/\" target=\"_blank\" rel=\"noopener nofollow\" class=\"link link--external\" data-gtm-class=\"article-text-link\" data-gtm-val=\"external\" aria-describedby=\"message-target-blank\">\u201eKiela und das letzte Geleit\u201c<\/a>\u00a0dem Tabuthema Tod. Die Hauptfigur ist eine junge Frau, die versucht, mit ihrem gestorbenen Bruder im Jenseits Kontakt aufzunehmen. Die K\u00f6lner Zeichnerin wurde in Leipzig f\u00fcr den k\u00fcrzlich erschienenen dritten Band ihrer Erz\u00e4hlung ausgezeichnet.<\/p>\n<p class=\"tspCBnp\">Die studierte Kommunikationsdesignerin hat zuvor unter anderem 2011 den Manga-Talente-Wettbewerb der Leipziger Buchmesse gewonnen und 2013 den dritten Platz des Manga-Wettbewerbs der Deutsch-Japanischen-Gesellschaft in Berlin belegt.<\/p>\n<p>Mehr zur Leipziger Buchmesse und zur Manga Comic Con 2026:<a href=\"https:\/\/www.tagesspiegel.de\/kultur\/comics\/namhafte-gaste-aus-japan-und-deutschland-diese-manga-und-comic-stars-kommen-zur-leipziger-buchmesse-15256557.html?icid=topic-list_15384602___\" data-gtm-class=\"article-mzt-link\" data-hydrate-fingerprint=\"09740a54944caac75fd2c0c63fd5c5df\" data-hydrate-props=\"{&amp;escapedquot;element&amp;escapedquot;:{&amp;escapedquot;type&amp;escapedquot;:&amp;escapedquot;relatedContent&amp;escapedquot;,&amp;escapedquot;fieldMap&amp;escapedquot;:{},&amp;escapedquot;relation&amp;escapedquot;:{&amp;escapedquot;fields&amp;escapedquot;:{&amp;escapedquot;isPaid&amp;escapedquot;:null},&amp;escapedquot;href&amp;escapedquot;:&amp;escapedquot;\/kultur\/comics\/namhafte-gaste-aus-japan-und-deutschland-diese-manga-und-comic-stars-kommen-zur-leipziger-buchmesse-15256557.html&amp;escapedquot;,&amp;escapedquot;teaserTitle&amp;escapedquot;:{&amp;escapedquot;kicker&amp;escapedquot;:&amp;escapedquot;Namhafte G\u00e4ste aus Japan und Deutschland&amp;escapedquot;,&amp;escapedquot;headline&amp;escapedquot;:&amp;escapedquot;Diese Manga- und Comic-Stars kommen zur Leipziger Buchmesse &amp;escapedquot;},&amp;escapedquot;id&amp;escapedquot;:&amp;escapedquot;15256557&amp;escapedquot;,&amp;escapedquot;type&amp;escapedquot;:&amp;escapedquot;story&amp;escapedquot;},&amp;escapedquot;isPartOfList&amp;escapedquot;:true,&amp;escapedquot;topicListType&amp;escapedquot;:&amp;escapedquot;topic-list&amp;escapedquot;},&amp;escapedquot;showArrow&amp;escapedquot;:true}\" data-hydrate-slots=\"{&#039;default&#039;:[]}\" class=\"tspCRo0 tspCVo8\" rel=\"nofollow noopener\" target=\"_blank\">Namhafte G\u00e4ste aus Japan und Deutschland Diese Manga- und Comic-Stars kommen zur Leipziger Buchmesse  <\/a><a href=\"https:\/\/www.tagesspiegel.de\/kultur\/ist-der-manga-boom-vorbei-15285107.html?icid=topic-list_15384602___\" data-gtm-class=\"article-mzt-link\" data-hydrate-fingerprint=\"09740a54944caac75fd2c0c63fd5c5df\" data-hydrate-props=\"{&amp;escapedquot;element&amp;escapedquot;:{&amp;escapedquot;type&amp;escapedquot;:&amp;escapedquot;relatedContent&amp;escapedquot;,&amp;escapedquot;fieldMap&amp;escapedquot;:{},&amp;escapedquot;relation&amp;escapedquot;:{&amp;escapedquot;fields&amp;escapedquot;:{&amp;escapedquot;isPaid&amp;escapedquot;:null},&amp;escapedquot;href&amp;escapedquot;:&amp;escapedquot;\/kultur\/ist-der-manga-boom-vorbei-15285107.html&amp;escapedquot;,&amp;escapedquot;teaserTitle&amp;escapedquot;:{&amp;escapedquot;kicker&amp;escapedquot;:&amp;escapedquot;Der deutsche Comicmarkt vor der Leipziger Buchmesse&amp;escapedquot;,&amp;escapedquot;headline&amp;escapedquot;:&amp;escapedquot;Ist der Manga-Boom vorbei?&amp;escapedquot;},&amp;escapedquot;id&amp;escapedquot;:&amp;escapedquot;15285107&amp;escapedquot;,&amp;escapedquot;type&amp;escapedquot;:&amp;escapedquot;story&amp;escapedquot;},&amp;escapedquot;isPartOfList&amp;escapedquot;:true,&amp;escapedquot;topicListType&amp;escapedquot;:&amp;escapedquot;topic-list&amp;escapedquot;},&amp;escapedquot;showArrow&amp;escapedquot;:true}\" data-hydrate-slots=\"{&#039;default&#039;:[]}\" class=\"tspCRo0 tspCVo8\" rel=\"nofollow noopener\" target=\"_blank\">Der deutsche Comicmarkt vor der Leipziger Buchmesse Ist der Manga-Boom vorbei? <\/a><a href=\"https:\/\/www.tagesspiegel.de\/kultur\/comics\/auszeichnung-fur-berliner-comic-buchladen-herzlichen-gluckwunsch-modern-graphics-15328484.html?icid=topic-list_15384602___\" data-gtm-class=\"article-mzt-link\" data-hydrate-fingerprint=\"09740a54944caac75fd2c0c63fd5c5df\" data-hydrate-props=\"{&amp;escapedquot;element&amp;escapedquot;:{&amp;escapedquot;type&amp;escapedquot;:&amp;escapedquot;relatedContent&amp;escapedquot;,&amp;escapedquot;fieldMap&amp;escapedquot;:{},&amp;escapedquot;relation&amp;escapedquot;:{&amp;escapedquot;fields&amp;escapedquot;:{&amp;escapedquot;isPaid&amp;escapedquot;:true},&amp;escapedquot;href&amp;escapedquot;:&amp;escapedquot;\/kultur\/comics\/auszeichnung-fur-berliner-comic-buchladen-herzlichen-gluckwunsch-modern-graphics-15328484.html&amp;escapedquot;,&amp;escapedquot;teaserTitle&amp;escapedquot;:{&amp;escapedquot;kicker&amp;escapedquot;:&amp;escapedquot;Auszeichnung f\u00fcr Berliner Comic-Buchladen&amp;escapedquot;,&amp;escapedquot;headline&amp;escapedquot;:&amp;escapedquot;Trotz allem: Herzlichen Gl\u00fcckwunsch, Modern Graphics!&amp;escapedquot;},&amp;escapedquot;id&amp;escapedquot;:&amp;escapedquot;15328484&amp;escapedquot;,&amp;escapedquot;type&amp;escapedquot;:&amp;escapedquot;story&amp;escapedquot;},&amp;escapedquot;isPartOfList&amp;escapedquot;:true,&amp;escapedquot;topicListType&amp;escapedquot;:&amp;escapedquot;topic-list&amp;escapedquot;},&amp;escapedquot;showArrow&amp;escapedquot;:true}\" data-hydrate-slots=\"{&#039;default&#039;:[]}\" class=\"tspCRo0 tspCVo8\" rel=\"nofollow noopener\" target=\"_blank\">Auszeichnung f\u00fcr Berliner Comic-Buchladen Trotz allem: Herzlichen Gl\u00fcckwunsch, Modern Graphics! <\/a><\/p>\n<p class=\"tspCBnp\">Die Solingerin Lian wurde f\u00fcr den dritten Band ihrer selbstverlegten Erz\u00e4hlung <a href=\"https:\/\/www.lians-itemshop.com\/rabenfluch\/\" target=\"_blank\" rel=\"noopener nofollow\" class=\"link link--external\" data-gtm-class=\"article-text-link\" data-gtm-val=\"external\" aria-describedby=\"message-target-blank\">\u201eRabenfluch\u201c<\/a> ausgezeichnet. Der Fantasy-Manga spielt in einer magischen Welt und zeichnet sich aus durch \u201eliebevoll ausgearbeitete Welten, emotionales Storytelling und eine Kunst, die sowohl in der deutschen als auch in der internationalen Manga-Szene ihren Platz findet\u201c, wie es in der Jury-W\u00fcrdigung hei\u00dft.<\/p>\n<p class=\"tspCBnp\">Ende Januar waren die sechs Nominierten f\u00fcr die Auszeichnung bekannt gegeben worden. Es waren\u00a0neben den jetzt Ausgezeichneten\u00a0zudem Dominik Jell\u00a0(\u201eCrossing Borders\u201c),\u00a0Gin Zarbo\u00a0(\u201eDas Geheimnis von Screcrow\u201c),\u00a0Anna H\u00f6rner\u00a0(\u201eCarrier of the Mask\u201c) und\u00a0Melanie Schober\u00a0(\u201eBlack &amp; Blue\u201c).<\/p>\n","protected":false},"excerpt":{"rendered":"Er soll der deutschsprachigen Manga-Szene mehr Aufmerksamkeit verschaffen: Am Freitag wurde erstmals der neue Tancho Award\u00a0der Manga Comic&hellip;\n","protected":false},"author":2,"featured_media":886980,"comment_status":"","ping_status":"","sticky":false,"template":"","format":"standard","meta":{"footnotes":"","_share_on_mastodon":"0"},"categories":[1832],"tags":[22438,2395,3364,29,30,372,42922,27668,71,915,859,650],"class_list":["post-886979","post","type-post","status-publish","format-standard","has-post-thumbnail","category-leipzig","tag-auszeichnungen","tag-comics","tag-de","tag-deutschland","tag-germany","tag-japan","tag-kulturpreise","tag-kunst-in-berlin","tag-leipzig","tag-leipziger-buchmesse","tag-sachsen","tag-taiwan"],"share_on_mastodon":{"url":"https:\/\/pubeurope.com\/@de\/116270550688477066","error":""},"_links":{"self":[{"href":"https:\/\/www.europesays.com\/de\/wp-json\/wp\/v2\/posts\/886979","targetHints":{"allow":["GET"]}}],"collection":[{"href":"https:\/\/www.europesays.com\/de\/wp-json\/wp\/v2\/posts"}],"about":[{"href":"https:\/\/www.europesays.com\/de\/wp-json\/wp\/v2\/types\/post"}],"author":[{"embeddable":true,"href":"https:\/\/www.europesays.com\/de\/wp-json\/wp\/v2\/users\/2"}],"replies":[{"embeddable":true,"href":"https:\/\/www.europesays.com\/de\/wp-json\/wp\/v2\/comments?post=886979"}],"version-history":[{"count":0,"href":"https:\/\/www.europesays.com\/de\/wp-json\/wp\/v2\/posts\/886979\/revisions"}],"wp:featuredmedia":[{"embeddable":true,"href":"https:\/\/www.europesays.com\/de\/wp-json\/wp\/v2\/media\/886980"}],"wp:attachment":[{"href":"https:\/\/www.europesays.com\/de\/wp-json\/wp\/v2\/media?parent=886979"}],"wp:term":[{"taxonomy":"category","embeddable":true,"href":"https:\/\/www.europesays.com\/de\/wp-json\/wp\/v2\/categories?post=886979"},{"taxonomy":"post_tag","embeddable":true,"href":"https:\/\/www.europesays.com\/de\/wp-json\/wp\/v2\/tags?post=886979"}],"curies":[{"name":"wp","href":"https:\/\/api.w.org\/{rel}","templated":true}]}}