{"id":886999,"date":"2026-03-22T02:59:15","date_gmt":"2026-03-22T02:59:15","guid":{"rendered":"https:\/\/www.europesays.com\/de\/886999\/"},"modified":"2026-03-22T02:59:15","modified_gmt":"2026-03-22T02:59:15","slug":"schauspieler-eroeffnet-geschaeft-in-muenchen","status":"publish","type":"post","link":"https:\/\/www.europesays.com\/de\/886999\/","title":{"rendered":"Schauspieler er\u00f6ffnet Gesch\u00e4ft in M\u00fcnchen"},"content":{"rendered":"<p>Bekannt aus &#8222;Dahoam is Dahoam&#8220; <\/p>\n<p>Zweites Standbein: TV-Star \u00fcbernimmt Laden in M\u00fcnchen<\/p>\n<p>Aktualisiert am 22.03.2026 &#8211; 03:49 UhrLesedauer: 2 Min.<\/p>\n<p><a href=\"#focus-0\" class=\"transition-colors duration-200 block text-current relative\" data-sctrack=\"FocusGalleryImage.Reference\"><img fetchpriority=\"high\" data-testid=\"Opener.Image\" style=\"--lqipURL:url('https:\/\/images.t-online.de\/2026\/03\/TsJTbvLazOB-\/372x147:3628x2041\/fit-in\/150x0\/filters:blur(25)\/schauspieler-tommy-schwimmer-seit-maerz-ist-er-inhaber-von-jacques-wein-depot-im-lehel.jpg')\"   loading=\"eager\" src=\"https:\/\/www.europesays.com\/de\/wp-content\/uploads\/2026\/03\/schauspieler-tommy-schwimmer-seit-maerz-ist-er-inhaber-von-jacques-wein-depot-im-lehel.jpg\" alt=\"Schauspieler Tommy Schwimmer: Seit M\u00e4rz ist er Inhaber von Jacques' Wein-Depot im Lehel.\" title=\"Schauspieler Tommy Schwimmer: Seit M\u00e4rz ist er Inhaber von Jacques' Wein-Depot im Lehel.\" width=\"3628\" height=\"2041\" class=\"bg-[url:var(--lqipURL)] bg-cover bg-center flex h-full w-full max-w-full\" decoding=\"async\"\/><img style=\"--width:32;--height:32\" loading=\"lazy\" src=\"https:\/\/muenchen.t-online.de\/s\/paper\/_next\/static\/media\/zoom-in.f7dae02f.svg\" alt=\"Vergr\u00f6\u00dfern des Bildes\" title=\"Vergr\u00f6\u00dfern des Bildes\" class=\"block h-[calc(var(--height)_\/_16_*_1rem)] w-[calc(var(--width)_\/_16_*_1rem)] max-w-none absolute bottom-8 right-8 rounded-4 bg-snow p-8\" decoding=\"async\"\/><\/a><\/p>\n<p>Schauspieler Tommy Schwimmer: Seit M\u00e4rz ist er Inhaber von Jacques&#8216; Wein-Depot im Lehel. (Quelle: Jacques&#8216; Wein-Depot)<\/p>\n<p class=\"font-bold text-18 leading-17 user-text-lg:text-22 user-text-xl:text-24\">Schauspieler Tommy Schwimmer orientiert sich beruflich neu und \u00fcbernimmt einen Weinladen in M\u00fcnchen. Was dahintersteckt und was das f\u00fcr seine TV-Karriere bedeutet.<\/p>\n<p class=\"text-18 leading-17 user-text-lg:text-22 user-text-xl:text-24\">Wenn Fans der TV-Serie &#8222;Dahoam is Dahoam&#8220; dieser Tage bei &#8222;Jacques&#8216; Wein-Depot&#8220; im Lehel vorbeischauen, k\u00f6nnten sie unter Umst\u00e4nden in ein ihnen bekanntes Gesicht blicken. Denn der Weinhandel zwischen Isartor und Deutschem Museum hat seit wenigen Wochen einen neuen Besitzer: Schauspieler Tommy Schwimmer.<\/p>\n<p class=\"text-18 leading-17 user-text-lg:text-22 user-text-xl:text-24\">Der 37-J\u00e4hrige verk\u00f6rperte zwischen 2007 und 2022 in \u00fcber 2.600 Folgen die Rolle des Florian &#8222;Flori&#8220; Brunners in der Vorabendserie des &#8222;Bayerischen Rundfunks&#8220;. Der Schauspielerei blieb er auch im Anschluss treu, doch das allein reichte ihm offenbar nicht. Seit Anfang M\u00e4rz verkauft er nun nebenbei auch noch Wein in M\u00fcnchen.<\/p>\n<p class=\"text-18 leading-17 user-text-lg:text-22 user-text-xl:text-24\">Im Gespr\u00e4ch mit der &#8222;Abendzeitung&#8220; (AZ) erkl\u00e4rte Schwimmer: &#8222;Ich bin jetzt Unternehmer, habe Angestellte.&#8220; Ein Umstand, an den er sich allerdings erst noch selbst gew\u00f6hnen m\u00fcsse. Die Idee zur \u00dcbernahme des Wein-Depots sei \u2013 im wahrsten Sinne des Wortes \u2013 aus seiner Schnapsidee entstanden.<\/p>\n<p class=\"text-18 leading-17 user-text-lg:text-22 user-text-xl:text-24\">Er sei selbst bereits seit Jahren Kunde in der Filiale im Lehel gewesen, erz\u00e4hlte er der &#8222;AZ&#8220; weiter. Als er Anfang des Jahres schlie\u00dflich erfahren habe, dass der bisherige Inhaber aufh\u00f6re, habe er nach einer durchzechten Nacht zu einem Freund gesagt: &#8222;Das mach&#8216; ich.&#8220; Aus dem Spa\u00df wurde schon bald Ernst, eine Woche sp\u00e4ter habe er bereits den Vertrag vorliegen gehabt.<\/p>\n<p class=\"text-18 leading-17 user-text-lg:text-22 user-text-xl:text-24\">Bevor er die Filiale offiziell \u00fcbernehmen konnte, musste er jedoch noch einiges lernen. So h\u00e4tten Stationen in D\u00fcsseldorf, wo &#8222;Jacques&#8216; Wein-Depot&#8220; seinen Unternehmenssitz hat, und an einem anderen Standort auf dem Programm gestanden, berichtete Schwimmer. In dieser Zeit habe er &#8222;sicher 200 Weine verkostet&#8220;.<\/p>\n<p class=\"text-18 leading-17 user-text-lg:text-22 user-text-xl:text-24\">Langfristig plane er, sich ein Team aufzubauen, das auch ohne ihn im Laden gut zurechtkommt. Denn eines stellte der geb\u00fcrtige Niederbayer im Gespr\u00e4ch mit der &#8222;AZ&#8220; klar. Mit der Schauspielerei will er trotz seines neuen, zweiten Standbeins nicht aufh\u00f6ren. Diese habe f\u00fcr ihn immer &#8222;oberste Priorit\u00e4t&#8220;.<\/p>\n","protected":false},"excerpt":{"rendered":"Bekannt aus &#8222;Dahoam is Dahoam&#8220; Zweites Standbein: TV-Star \u00fcbernimmt Laden in M\u00fcnchen Aktualisiert am 22.03.2026 &#8211; 03:49 UhrLesedauer:&hellip;\n","protected":false},"author":2,"featured_media":887000,"comment_status":"","ping_status":"","sticky":false,"template":"","format":"standard","meta":{"footnotes":"","_share_on_mastodon":"0"},"categories":[1827],"tags":[772,62064,29,195251,30,6786,1268,193520,16560,195250],"class_list":["post-886999","post","type-post","status-publish","format-standard","has-post-thumbnail","category-muenchen","tag-bayern","tag-dahoam-is-dahoam","tag-deutschland","tag-florian-flori-brunner","tag-germany","tag-lehel","tag-muenchen","tag-tommy-schwimmer","tag-wein","tag-weinladen"],"share_on_mastodon":{"url":"https:\/\/pubeurope.com\/@de\/116270593868824486","error":""},"_links":{"self":[{"href":"https:\/\/www.europesays.com\/de\/wp-json\/wp\/v2\/posts\/886999","targetHints":{"allow":["GET"]}}],"collection":[{"href":"https:\/\/www.europesays.com\/de\/wp-json\/wp\/v2\/posts"}],"about":[{"href":"https:\/\/www.europesays.com\/de\/wp-json\/wp\/v2\/types\/post"}],"author":[{"embeddable":true,"href":"https:\/\/www.europesays.com\/de\/wp-json\/wp\/v2\/users\/2"}],"replies":[{"embeddable":true,"href":"https:\/\/www.europesays.com\/de\/wp-json\/wp\/v2\/comments?post=886999"}],"version-history":[{"count":0,"href":"https:\/\/www.europesays.com\/de\/wp-json\/wp\/v2\/posts\/886999\/revisions"}],"wp:featuredmedia":[{"embeddable":true,"href":"https:\/\/www.europesays.com\/de\/wp-json\/wp\/v2\/media\/887000"}],"wp:attachment":[{"href":"https:\/\/www.europesays.com\/de\/wp-json\/wp\/v2\/media?parent=886999"}],"wp:term":[{"taxonomy":"category","embeddable":true,"href":"https:\/\/www.europesays.com\/de\/wp-json\/wp\/v2\/categories?post=886999"},{"taxonomy":"post_tag","embeddable":true,"href":"https:\/\/www.europesays.com\/de\/wp-json\/wp\/v2\/tags?post=886999"}],"curies":[{"name":"wp","href":"https:\/\/api.w.org\/{rel}","templated":true}]}}