{"id":887601,"date":"2026-03-22T08:58:28","date_gmt":"2026-03-22T08:58:28","guid":{"rendered":"https:\/\/www.europesays.com\/de\/887601\/"},"modified":"2026-03-22T08:58:28","modified_gmt":"2026-03-22T08:58:28","slug":"wie-sich-der-dschihadismus-in-bruessel-ausbreiten-konnte","status":"publish","type":"post","link":"https:\/\/www.europesays.com\/de\/887601\/","title":{"rendered":"Wie sich der Dschihadismus in Br\u00fcssel ausbreiten konnte"},"content":{"rendered":"<p>            <img loading=\"lazy\" decoding=\"async\" class=\"ts-image\" src=\"https:\/\/www.europesays.com\/de\/wp-content\/uploads\/2026\/03\/anschlaege-bruessel-gedenken-100.jpg\" alt=\"Menschen gedenken der Anschl\u00e4ge in Br\u00fcssel vom 22.03.2026 (Archiv)\" title=\"Menschen gedenken der Anschl\u00e4ge in Br\u00fcssel vom 22.03.2026 (Archiv) | Christophe Petit Tesson\/EPA\/dpa\"\/><\/p>\n<p class=\"metatextline\">Stand: 22.03.2026 \u2022 07:18 Uhr<\/p>\n<p class=\"article-head__shorttext\">\n        <strong>Heute vor zehn Jahren z\u00fcndeten drei Attent\u00e4ter Bomben am Br\u00fcsseler Flughafen und in einer U-Bahnstation. 32 Menschen starben, Hunderte wurden verletzt. Die Spur f\u00fchrte zu einer Terrorzelle im Stadtteil Molenbeek. <\/strong>\n    <\/p>\n<p>                                    <a class=\"authorline__link\" href=\"https:\/\/www.tagesschau.de\/korrespondenten\/helga-schmidt-101.html\" rel=\"nofollow noopener\" target=\"_blank\"><br \/>\n                                        <img decoding=\"async\" class=\"authorline__img\" alt=\"Helga Schmidt\" src=\"https:\/\/www.europesays.com\/de\/wp-content\/uploads\/2025\/12\/schmidt-328.jpg\"\/><br \/>\n                                    <\/a><\/p>\n<p class=\"textabsatz m-ten m-offset-one l-eight l-offset-two columns twelve\">Isabelle Panou ist eine Autorit\u00e4t in Br\u00fcssel. 15 Jahre stand sie an der Spitze der Terrorbek\u00e4mpfung in Belgien. Die Anschl\u00e4ge vom 22. M\u00e4rz 2016 besch\u00e4ftigen sie bis heute. Auch zehn Jahre danach kann sie keinen Schlussstrich ziehen &#8211; die Ereignisse waren einfach zu dramatisch.<\/p>\n<p class=\"textabsatz m-ten m-offset-one l-eight l-offset-two columns twelve\">&#8222;Das ganze Land war ersch\u00fcttert. Weil es das erste Mal war, dass es bei einem Terroranschlag in Belgien so viele Todesopfer gab, das wirkt bis heute nach&#8220;, sagt sie.<\/p>\n<p class=\"textabsatz m-ten m-offset-one l-eight l-offset-two columns twelve\">32 Menschen werden get\u00f6tet, 340 zum Teil schwer verletzt, als am Br\u00fcsseler Flughafen und in der Metro Bomben eine verheerende Wirkung entfalten. Die Spuren der Ermittler f\u00fchren nach Molenbeek, ein Stadtteil im Norden von Br\u00fcssel. Und schnell wird klar: Es ist wieder dieselbe Terrorzelle, die vier Monate vorher schon in Paris zugeschlagen hatte, mit 120 Toten.<\/p>\n<p>    &#8222;Alle kannten sich&#8220;<\/p>\n<p class=\"textabsatz m-ten m-offset-one l-eight l-offset-two columns twelve\">Isabelle Panou, Belgiens Anti-Terrorchefin, f\u00fchrt die Ermittlungen. Sie verh\u00f6rt fast jeden der \u00fcberlebenden T\u00e4ter pers\u00f6nlich. Das Wort Terror-Netzwerk bekommt f\u00fcr sie pl\u00f6tzlich eine sehr konkrete Bedeutung.<\/p>\n<p class=\"textabsatz m-ten m-offset-one l-eight l-offset-two columns twelve\">&#8222;Alle kannten sich, sie waren Cousins oder Freunde. Einige der zw\u00f6lf waren in Molenbeek zusammen zur Schule gegangen, einige hatten auch schon eine gemeinsame kriminelle Vergangenheit. Sie hingen alle zusammen.&#8220;<\/p>\n<p>    &#8222;Radikales Verst\u00e4ndnis von Religion&#8220;<\/p>\n<p class=\"textabsatz m-ten m-offset-one l-eight l-offset-two columns twelve\">Akribisch forscht Isabelle Panou die Lebensgeschichte der T\u00e4ter aus. Sie will wissen, was die M\u00e4nner angetrieben hat. Mit Sprengstoffg\u00fcrteln durch Paris zu laufen, in der Br\u00fcsseler Metro morgens in der Rush Hour Bomben zu z\u00fcnden. Warum macht man so etwas?<\/p>\n<p class=\"textabsatz m-ten m-offset-one l-eight l-offset-two columns twelve\">&#8222;Ich hatte Menschen vor mir, die ich lange befragt habe, die ein radikales Verst\u00e4ndnis von Religion hatten &#8211; die extrem radikalisiert waren im Islam &#8211; das nennt man Indoktrination.&#8220;<\/p>\n<p>    &#8222;Scharia for Belgie&#8220; in Molenbeek<\/p>\n<p class=\"textabsatz m-ten m-offset-one l-eight l-offset-two columns twelve\">Dass der radikale Islam sich in einem kleinen Stadtteil von Br\u00fcssel unkontrolliert ausbreiten konnte, besch\u00e4ftigt seitdem Politiker und Wissenschaftler. Nirgends in Europa waren die Dschihadisten so stark wie in Belgien, so der Islamwissenschaftler Guido Steinberg. Nicht in Frankreich, nicht in Gro\u00dfbritannien und nicht in Deutschland.<\/p>\n<p class=\"textabsatz m-ten m-offset-one l-eight l-offset-two columns twelve\">&#8222;So viele Attent\u00e4ter kamen aus dem Br\u00fcsseler Vorort Molenbeek, weil es da seit Jahren eine salafistische und dschihadistische Radikalisierung gab. Die wirkte sich vor allem unter den marokkanischst\u00e4mmigen Belgiern aus, die an diesem Ort \u00fcberrepr\u00e4sentiert waren&#8220;, erkl\u00e4rt Steinberg. &#8222;Ein wichtiger Grund war auch die Pr\u00e4senz einer belgischen dschihadistischen Organisation, die nannte sich Scharia for Belgie, also islamisches Recht f\u00fcr Belgien.&#8220;<\/p>\n<p>    Drahtzieher sa\u00dfen in Syrien<\/p>\n<p class=\"textabsatz m-ten m-offset-one l-eight l-offset-two columns twelve\">Die F\u00e4denzieher aber sa\u00dfen in Syrien, so Steinberg weiter. Der Islamische Staat habe dort auf dem H\u00f6hepunkt seiner Macht die m\u00f6rderischen Eins\u00e4tze in Europa gesteuert: &#8222;Man muss die Attentate von Br\u00fcssel in Zusammenhang mit den Attentaten von Paris sehen. Die fanden ja nur wenige Monate vorher im November 2015 statt, und die Attent\u00e4ter in Paris und in Belgien waren ein Netz.&#8220;<\/p>\n<p class=\"textabsatz m-ten m-offset-one l-eight l-offset-two columns twelve\">Zehn Jahre danach ist der radikale Islam nach den Erkenntnissen der Terrorforschung immer noch stark in Belgien. Allerdings wenden gewaltbereite T\u00e4ter ganz andere Methoden an. Die aktuelle Terrorgefahr ist nach wie vor real, sagt Thomas Renard. Der belgische Experte f\u00fcr Terrorabwehr berichtet, dass Dschihadisten heute aber eher Einzelt\u00e4ter sind &#8211; sie radikalisieren sich im Internet, auch ohne steuernde Organisation im Hintergrund. Das mache die Attentate unaufw\u00e4ndiger also einfacher durchzuf\u00fchren. Aber f\u00fcr die Ermittler sei gerade das Einzelt\u00e4tertum extrem schwer vorherzusehen.<\/p>\n","protected":false},"excerpt":{"rendered":"Stand: 22.03.2026 \u2022 07:18 Uhr Heute vor zehn Jahren z\u00fcndeten drei Attent\u00e4ter Bomben am Br\u00fcsseler Flughafen und in&hellip;\n","protected":false},"author":2,"featured_media":887602,"comment_status":"","ping_status":"","sticky":false,"template":"","format":"standard","meta":{"footnotes":"","_share_on_mastodon":"0"},"categories":[5],"tags":[195371,18334,937,13,14,15,12,10,8,9,11],"class_list":["post-887601","post","type-post","status-publish","format-standard","has-post-thumbnail","category-nachrichten","tag-10-jahrestag","tag-anschlaege","tag-bruessel","tag-headlines","tag-nachrichten","tag-news","tag-schlagzeilen","tag-top-news","tag-top-meldungen","tag-topmeldungen","tag-topnews"],"share_on_mastodon":{"url":"https:\/\/pubeurope.com\/@de\/116272005749830392","error":""},"_links":{"self":[{"href":"https:\/\/www.europesays.com\/de\/wp-json\/wp\/v2\/posts\/887601","targetHints":{"allow":["GET"]}}],"collection":[{"href":"https:\/\/www.europesays.com\/de\/wp-json\/wp\/v2\/posts"}],"about":[{"href":"https:\/\/www.europesays.com\/de\/wp-json\/wp\/v2\/types\/post"}],"author":[{"embeddable":true,"href":"https:\/\/www.europesays.com\/de\/wp-json\/wp\/v2\/users\/2"}],"replies":[{"embeddable":true,"href":"https:\/\/www.europesays.com\/de\/wp-json\/wp\/v2\/comments?post=887601"}],"version-history":[{"count":0,"href":"https:\/\/www.europesays.com\/de\/wp-json\/wp\/v2\/posts\/887601\/revisions"}],"wp:featuredmedia":[{"embeddable":true,"href":"https:\/\/www.europesays.com\/de\/wp-json\/wp\/v2\/media\/887602"}],"wp:attachment":[{"href":"https:\/\/www.europesays.com\/de\/wp-json\/wp\/v2\/media?parent=887601"}],"wp:term":[{"taxonomy":"category","embeddable":true,"href":"https:\/\/www.europesays.com\/de\/wp-json\/wp\/v2\/categories?post=887601"},{"taxonomy":"post_tag","embeddable":true,"href":"https:\/\/www.europesays.com\/de\/wp-json\/wp\/v2\/tags?post=887601"}],"curies":[{"name":"wp","href":"https:\/\/api.w.org\/{rel}","templated":true}]}}