{"id":887705,"date":"2026-03-22T09:58:16","date_gmt":"2026-03-22T09:58:16","guid":{"rendered":"https:\/\/www.europesays.com\/de\/887705\/"},"modified":"2026-03-22T09:58:16","modified_gmt":"2026-03-22T09:58:16","slug":"verletzter-superstar-in-muenchen-humpelnder-draisaitl-klingt-gar-nicht-zuversichtlich","status":"publish","type":"post","link":"https:\/\/www.europesays.com\/de\/887705\/","title":{"rendered":"Verletzter Superstar in M\u00fcnchen: Humpelnder Draisaitl klingt gar nicht zuversichtlich"},"content":{"rendered":"<p>Verletzter Superstar in M\u00fcnchenHumpelnder Draisaitl klingt gar nicht zuversichtlich<img decoding=\"async\" class=\"Image_img__fQCi0 Image_Img_16_9__4BLfH widget-picture-inline_maximizable__t_E7h\" loading=\"eager\" fetchpriority=\"high\" src=\"https:\/\/www.europesays.com\/de\/wp-content\/uploads\/2026\/03\/Mar-3-2026-Edmonton-Alberta-CAN-Edmonton-Oilers-forward-Leon-Draisaitl-29-celebrates-after-scoring-a.webp\" alt=\"Mar-3-2026-Edmonton-Alberta-CAN-Edmonton-Oilers-forward-Leon-Draisaitl-29-celebrates-after-scoring-a-goal-during-the-first-period-against-the-Ottawa-Senators-at-Rogers-Place\"\/>Leon Draisaitl spielt in dieser Saison wom\u00f6glich kein Eishockey mehr. (Foto: IMAGN IMAGES via Reuters Connect)TeilenFolgen auf:<a href=\"https:\/\/www.whatsapp.com\/channel\/0029Va5cdVJD8SDp5YZgYF01\" title=\"Auf WhatsApp folgen\" target=\"_blank\" rel=\"nofollow noopener\"><img decoding=\"async\" src=\"https:\/\/www.n-tv.de\/socialIcons\/whatsapp.svg\" alt=\"whatsapp\" class=\"ArticleShare_icon__FsrC2\"\/><\/a><a href=\"https:\/\/news.google.com\/publications\/CAAiEPMdif5mpRNxiLOeUpHCwwsqFAgKIhDzHYn-ZqUTcYiznlKRwsML?hl=de&amp;gl=DE&amp;ceid=DE%3Ade\" title=\"Auf Google News folgen\" target=\"_blank\" rel=\"nofollow noopener\"><img decoding=\"async\" src=\"https:\/\/www.n-tv.de\/socialIcons\/google.svg\" alt=\"whatsapp\" class=\"ArticleShare_icon__FsrC2\"\/><\/a><\/p>\n<p class=\"Typography_text-m__XI0da Typography_weight-bold__uT6mq storyline_lead_text_leadtext__q_wg8\">Die Verletzung nach einem harten Check in der NHL ist offenbar doch schlimmer als erwartet: Eishockey-Superstar Leon Draisaitl l\u00e4sst sich in M\u00fcnchen behandeln. Ob er in dieser Saison noch einmal aufs Eis zur\u00fcckkehrt, ist ungewiss.<\/p>\n<p class=\"Typography_text-default__P3otY Typography_weight-normal__pqUbH storyline_paragraph_p__qSR5N\">Leon Draisaitl bekam zum rot-wei\u00dfen Trikot des Rekordmeisters auch Fotos mit Joshua Kimmich und Serge Gnabry. Doch ausnahmslos gl\u00fccklich wirkte der deutsche Eishockey-Star bei seinem Ausflug in die Allianz Arena zum FC Bayern nicht. Wie auch?! Nach M\u00fcnchen war Draisaitl ja nicht gekommen, um Fu\u00dfball zu schauen, sondern zur Behandlung bei Promi-Arzt Hans-Wilhelm M\u00fcller-Wohlfahrt.<\/p>\n<p class=\"Typography_text-default__P3otY Typography_weight-normal__pqUbH storyline_paragraph_p__qSR5N\">Seine nach einem harten Check nicht n\u00e4her benannte &#8222;Unterk\u00f6rperverletzung&#8220; bremst den geb\u00fcrtigen K\u00f6lner in der NHL aus, bis zum Ende der Hauptrunde haben ihn die Edmonton Oilers auf die Verletztenliste gesetzt. Am Rande des Bayern-Spiels gegen Union Berlin (4:0) gab Draisaitl am Sky-Mikrofon zu: &#8222;Es wird mit Sicherheit ein paar Wochen dauern.&#8220; Die eigene Prognose f\u00fcr ein Comeback in den Playoffs klang dabei nicht besonders zuversichtlich, dazu humpelte Draisaitl sichtbar durch die Katakomben der Arena. &#8222;Ich hoffe, dass wir lange genug spielen k\u00f6nnen, damit ich irgendwann noch mal aushelfen kann&#8220;, sagte der 30-J\u00e4hrige.\u00a0<\/p>\n<p>Oilers sind v\u00f6llig au\u00dfer Form<\/p>\n<p class=\"Typography_text-default__P3otY Typography_weight-normal__pqUbH storyline_paragraph_p__qSR5N\">Nun sind die Oilers seit Wochen au\u00dfer Form, und ohne Draisaitl, neben dem Kanadier Connor McDavid der F\u00fchrungsspieler in Edmonton, l\u00e4uft noch weniger zusammen. Am Samstag verloren die Oilers 2:5 gegen das Top-Team Tampa Bay Lightning. Das Edmonton Journal konstatierte: &#8222;Der Unterschied zwischen einem echten Stanley-Cup-Anw\u00e4rter und dem, was auch immer die Oilers gerade sind, war deutlich zu erkennen.&#8220;<\/p>\n<p class=\"Typography_text-default__P3otY Typography_weight-normal__pqUbH storyline_paragraph_p__qSR5N\">Die Saison hatte sich Draisaitl ganz anders vorgestellt. Nach den Finalniederlagen 2024 und 2025 sollte der Stanley Cup in diesem Jahr her. Dazu schossen die Erwartungen vor der Olympiareise nach Mailand in unrealistische H\u00f6hen. Nach der Er\u00f6ffnungsfeier, bei der Draisaitl die deutsche Mannschaft mit der Fahne in der Hand ins San-Siro-Stadion gef\u00fchrt hatte, folgten sportliche Entt\u00e4uschungen.<\/p>\n<p class=\"Typography_text-default__P3otY Typography_weight-normal__pqUbH storyline_paragraph_p__qSR5N\">Dass er \u00fcberhaupt noch die Hoffnung hat, vor der Sommerpause aufs Eis zur\u00fcckzukehren, verdankt Draisaitl dem Umstand, dass die Oilers in der Pacific Division noch immer aussichtsreich im Rennen um die Playoffs liegen. Dort m\u00fcssten sie sich aber ohne Draisaitl schnell steigern, sonst bleibt der Deutsche auch in Edmonton bis zum Saisonende in der Rolle des Zuschauers.<\/p>\n<p class=\"Typography_text-s__wu_cm Typography_weight-normal__pqUbH Typography_color-darkgrey__sZEnP article-detail-footer_source__KslPc\">Quelle: ntv.de, tno\/sid<\/p>\n","protected":false},"excerpt":{"rendered":"Verletzter Superstar in M\u00fcnchenHumpelnder Draisaitl klingt gar nicht zuversichtlichLeon Draisaitl spielt in dieser Saison wom\u00f6glich kein Eishockey mehr.&hellip;\n","protected":false},"author":2,"featured_media":887706,"comment_status":"","ping_status":"","sticky":false,"template":"","format":"standard","meta":{"footnotes":"","_share_on_mastodon":"0"},"categories":[1827],"tags":[772,29,2100,30,22194,1268,7935,265],"class_list":["post-887705","post","type-post","status-publish","format-standard","has-post-thumbnail","category-muenchen","tag-bayern","tag-deutschland","tag-eishockey","tag-germany","tag-leon-draisaitl","tag-muenchen","tag-nhl","tag-sport"],"share_on_mastodon":{"url":"https:\/\/pubeurope.com\/@de\/116272241729680661","error":""},"_links":{"self":[{"href":"https:\/\/www.europesays.com\/de\/wp-json\/wp\/v2\/posts\/887705","targetHints":{"allow":["GET"]}}],"collection":[{"href":"https:\/\/www.europesays.com\/de\/wp-json\/wp\/v2\/posts"}],"about":[{"href":"https:\/\/www.europesays.com\/de\/wp-json\/wp\/v2\/types\/post"}],"author":[{"embeddable":true,"href":"https:\/\/www.europesays.com\/de\/wp-json\/wp\/v2\/users\/2"}],"replies":[{"embeddable":true,"href":"https:\/\/www.europesays.com\/de\/wp-json\/wp\/v2\/comments?post=887705"}],"version-history":[{"count":0,"href":"https:\/\/www.europesays.com\/de\/wp-json\/wp\/v2\/posts\/887705\/revisions"}],"wp:featuredmedia":[{"embeddable":true,"href":"https:\/\/www.europesays.com\/de\/wp-json\/wp\/v2\/media\/887706"}],"wp:attachment":[{"href":"https:\/\/www.europesays.com\/de\/wp-json\/wp\/v2\/media?parent=887705"}],"wp:term":[{"taxonomy":"category","embeddable":true,"href":"https:\/\/www.europesays.com\/de\/wp-json\/wp\/v2\/categories?post=887705"},{"taxonomy":"post_tag","embeddable":true,"href":"https:\/\/www.europesays.com\/de\/wp-json\/wp\/v2\/tags?post=887705"}],"curies":[{"name":"wp","href":"https:\/\/api.w.org\/{rel}","templated":true}]}}