{"id":887937,"date":"2026-03-22T12:05:15","date_gmt":"2026-03-22T12:05:15","guid":{"rendered":"https:\/\/www.europesays.com\/de\/887937\/"},"modified":"2026-03-22T12:05:15","modified_gmt":"2026-03-22T12:05:15","slug":"reichtumskriminalitaet-in-den-usa-oligarchie-und-soziale-ungleichheit-politik","status":"publish","type":"post","link":"https:\/\/www.europesays.com\/de\/887937\/","title":{"rendered":"Reichtumskriminalit\u00e4t in den USA: Oligarchie und soziale Ungleichheit &#8211; Politik"},"content":{"rendered":"<p data-manual=\"paragraph\" data-schema-org-speakable=\"true\" class=\"css-1ygz9cx\">Als Joe Biden aus dem Pr\u00e4sidentenamt schied, warnte er in seiner fast vergessenen Abschiedsrede vor dem Entstehen einer ultrareichen demokratiebedrohenden Oligarchie in den <a href=\"https:\/\/www.sueddeutsche.de\/thema\/USA\" rel=\"nofollow noopener\" target=\"_blank\">USA<\/a>. Was damals schon offen zutage lag, hat sich ein Jahr sp\u00e4ter endg\u00fcltig realisiert: Der Oligarchie, vor der Biden zwar warnte, aber sie nicht wirksam in ihre Schranken gewiesen hatte, \u00f6ffnete <a href=\"https:\/\/www.sueddeutsche.de\/thema\/Donald_Trump\" rel=\"nofollow noopener\" target=\"_blank\">Donald Trump<\/a> die Tore zu den Schaltern der Macht. Sie durfte im Namen von \u201eDOGE\u201c durch den Staatsapparat pfl\u00fcgen, erhielt gro\u00dfz\u00fcgige Steuersenkungen und stellt die algorithmische Infrastruktur f\u00fcr die Verw\u00fcstungstouren der ICE-Beh\u00f6rde. <a href=\"https:\/\/www.sueddeutsche.de\/wirtschaft\/zucman-interview-reichensteuer-milliardaere-bezos-musk-demokratie-li.3378307\" rel=\"nofollow noopener\" target=\"_blank\">Weltweit w\u00e4chst die Ungleichheit.<\/a> Entstanden ist dabei eine kleine Schicht an Menschen, die nicht nur Einfluss auf Politik nimmt, sondern auch einen Lebensstil f\u00fchrt, der sich weitestgehend in eine Parallelwelt verabschiedet hat. Es ist eine Welt, die im Zwielicht gr\u00f6\u00dfter \u00d6ffentlichkeit bei gleichzeitiger gro\u00dfer Verschlossenheit existiert. <a href=\"https:\/\/www.sueddeutsche.de\/politik\/china-menschen-statt-machtmechanismen-1.2610308\" rel=\"nofollow noopener\" target=\"_blank\">Evan Osnos, Journalist f\u00fcr den <\/a><a href=\"https:\/\/www.sueddeutsche.de\/politik\/china-menschen-statt-machtmechanismen-1.2610308\" rel=\"nofollow noopener\" target=\"_blank\">New Yorker<\/a>, hat sich aufgemacht, diese Welt zu kartografieren.<\/p>\n","protected":false},"excerpt":{"rendered":"Als Joe Biden aus dem Pr\u00e4sidentenamt schied, warnte er in seiner fast vergessenen Abschiedsrede vor dem Entstehen einer&hellip;\n","protected":false},"author":2,"featured_media":887938,"comment_status":"","ping_status":"","sticky":false,"template":"","format":"standard","meta":{"footnotes":"","_share_on_mastodon":"0"},"categories":[3977],"tags":[331,332,2483,147,116122,34560,106,444,666,13,2484,28086,148,14,15,16,9974,2878,12,22638,149,4017,4018,4016,64,4019,4020,62061,12779],"class_list":["post-887937","post","type-post","status-publish","format-standard","has-post-thumbnail","category-usa","tag-aktuelle-nachrichten","tag-aktuelle-news","tag-amazon","tag-ausland","tag-boote-und-schiffe","tag-das-politische-buch","tag-donald-trump","tag-elon-musk","tag-geld","tag-headlines","tag-jeff-bezos","tag-kapitalismus","tag-leserdiskussion","tag-nachrichten","tag-news","tag-politik","tag-reichtum","tag-sachbuecher","tag-schlagzeilen","tag-soziale-ungleichheit","tag-sueddeutsche-zeitung","tag-united-states","tag-united-states-of-america","tag-us","tag-usa","tag-vereinigte-staaten","tag-vereinigte-staaten-von-amerika","tag-wirtschaftsgeschichte","tag-yacht"],"share_on_mastodon":{"url":"","error":"Validation failed: Text character limit of 500 exceeded"},"_links":{"self":[{"href":"https:\/\/www.europesays.com\/de\/wp-json\/wp\/v2\/posts\/887937","targetHints":{"allow":["GET"]}}],"collection":[{"href":"https:\/\/www.europesays.com\/de\/wp-json\/wp\/v2\/posts"}],"about":[{"href":"https:\/\/www.europesays.com\/de\/wp-json\/wp\/v2\/types\/post"}],"author":[{"embeddable":true,"href":"https:\/\/www.europesays.com\/de\/wp-json\/wp\/v2\/users\/2"}],"replies":[{"embeddable":true,"href":"https:\/\/www.europesays.com\/de\/wp-json\/wp\/v2\/comments?post=887937"}],"version-history":[{"count":0,"href":"https:\/\/www.europesays.com\/de\/wp-json\/wp\/v2\/posts\/887937\/revisions"}],"wp:featuredmedia":[{"embeddable":true,"href":"https:\/\/www.europesays.com\/de\/wp-json\/wp\/v2\/media\/887938"}],"wp:attachment":[{"href":"https:\/\/www.europesays.com\/de\/wp-json\/wp\/v2\/media?parent=887937"}],"wp:term":[{"taxonomy":"category","embeddable":true,"href":"https:\/\/www.europesays.com\/de\/wp-json\/wp\/v2\/categories?post=887937"},{"taxonomy":"post_tag","embeddable":true,"href":"https:\/\/www.europesays.com\/de\/wp-json\/wp\/v2\/tags?post=887937"}],"curies":[{"name":"wp","href":"https:\/\/api.w.org\/{rel}","templated":true}]}}