{"id":888034,"date":"2026-03-22T13:00:18","date_gmt":"2026-03-22T13:00:18","guid":{"rendered":"https:\/\/www.europesays.com\/de\/888034\/"},"modified":"2026-03-22T13:00:18","modified_gmt":"2026-03-22T13:00:18","slug":"jetzt-wird-ueber-insolvente-traditionsbrauerei-abgestimmt-glaeubiger-entscheiden-news","status":"publish","type":"post","link":"https:\/\/www.europesays.com\/de\/888034\/","title":{"rendered":"Jetzt wird \u00fcber insolvente Traditionsbrauerei abgestimmt: Gl\u00e4ubiger entscheiden | News"},"content":{"rendered":"<p><a class=\"skip-content skip-content--link\" href=\"#in-content-skip-link-target-v-0-0\">TTS-Player \u00fcberspringen\u21b5<\/a><a id=\"in-content-skip-link-target-v-0-0\" class=\"skip-content--target-link-hidden skip-content skip-content--target-link\" href=\"#in-content-skip-link-target-v-0-0\">Artikel weiterlesen<\/a><\/p>\n<p>Mannheim (Baden-W\u00fcrttemberg) \u2013 <b>Bei der insolventen Brauerei Eichbaum in Mannheim f\u00e4llt jetzt die Entscheidung \u00fcber die Zukunft: Rettung oder das endg\u00fcltige Aus. Am kommenden Dienstag versammeln sich die Gl\u00e4ubiger. Sie stimmen ab, wie es mit dem insolventen Traditionsunternehmen weitergeht.<\/b><\/p>\n<p>Steigt ein Investor ein? Oder wird die 1679 gegr\u00fcndete Brauerei abgewickelt? Wie viele Mitarbeiter verlieren ihre Jobs? Bevor die Gl\u00e4ubiger abstimmen, tagt zuvor der Gl\u00e4ubigerausschuss. Liegt dort kein tragf\u00e4higes wirtschaftliches Konzept f\u00fcr die <a href=\"https:\/\/www.bild.de\/themen\/organisationen\/brauereien\/news-fotos-videos-17015074.bild.html\" class=\"text-link\" rel=\"nofollow noopener\" target=\"_blank\">Brauerei<\/a> auf dem Tisch, droht die endg\u00fcltige Stilllegung. Dann wird alles verkauft, was sich zu Geld machen l\u00e4sst.<\/p>\n<p>Nach Angaben der Gesch\u00e4ftsf\u00fchrung gab es Interessenten. Darunter Finanzinvestoren und strategische Investoren. Ziel sei es, den Standort und die Marke zu erhalten. Die Brauerei blickt auf eine fast 350-j\u00e4hrige Geschichte in Mannheim (<a href=\"https:\/\/www.bild.de\/regional\/baden-wuerttemberg\/home-aK1F2gtJlD2xs4m3tWkn\" class=\"text-link\" rel=\"nofollow noopener\" target=\"_blank\">Baden-W\u00fcrttemberg<\/a>) zur\u00fcck. <\/p>\n<p>K\u00fcndigungen unumg\u00e4nglich<\/p>\n<p>Klar ist aber auch: Selbst wenn Eichbaum weitermacht, trifft es die Belegschaft. Es sollen <a href=\"https:\/\/www.bild.de\/regional\/baden-wuerttemberg\/insolvenz-347-jahre-alte-traditionsbrauerei-streicht-ein-drittel-der-stellen-6996dff9e29e5d6f1421ed27\" class=\"text-link\" rel=\"nofollow noopener\" target=\"_blank\">knapp 100 Menschen vom Personalabbau betroffen<\/a> sein, so die Aussage der Gesch\u00e4ftsf\u00fchrung von Mitte Februar. Die Zahl der Besch\u00e4ftigten soll bei einer Rettung des Traditionsunternehmens auf unter 200 sinken. Der Einschnitt w\u00e4re massiv, <a href=\"https:\/\/www.bild.de\/themen\/specials\/kuendigung\/news-fotos-videos-17009960.bild.html\" class=\"text-link\" rel=\"nofollow noopener\" target=\"_blank\">K\u00fcndigungen<\/a> unumg\u00e4nglich. Aktuell arbeiten noch knapp 290 Menschen bei dem Unternehmen. Damit w\u00fcrde rund jede dritte Stelle in der Brauerei wegfallen. <\/p>\n<p><img decoding=\"async\" width=\"992\" height=\"558\" alt=\"In den 1930er Jahren hatte die Brauerei Eichbaum auf dem Rettichfest in Schifferstadt einen Ausschank\" src=\"https:\/\/www.europesays.com\/de\/wp-content\/uploads\/2026\/03\/1af157c45333f6a81ba4dcb0c79b97b7,b424f70a.jpeg\"   class=\"landscape\" loading=\"lazy\"\/><\/p>\n<p class=\"fig__caption__text\">In den 1930er Jahren hatte die Brauerei Eichbaum auf dem Rettichfest in Schifferstadt einen Ausschank<\/p>\n<p>Foto: ddp<\/p>\n<p>Betriebsratschef Umut As beschrieb im Februar die Lage gegen\u00fcber BILD als drastisch: \u201eDas ist eine bittere Pille. Wir haben jetzt leider keine andere Wahl. Wir m\u00fcssen diesen Weg jetzt so gehen.\u201c Es gehe ums \u201enackte \u00dcberleben\u201c.<\/p>\n<p>Der Grund f\u00fcr die Insolvenz<\/p>\n<p>Ende Oktober 2025 hatte die <a href=\"https:\/\/www.bild.de\/regional\/baden-wuerttemberg\/300-mitarbeiter-naechste-traditionsbrauerei-meldet-insolvenz-an-690477a0df9fa029228eec84\" class=\"text-link\" rel=\"nofollow noopener\" target=\"_blank\">Brauerei den Antrag auf ein Insolvenzverfahren in Eigenverwaltung gestellt<\/a>. Der Grund: Der Umsatz im Export war zur\u00fcckgegangen, im Inland sank die Nachfrage. Die Folge: ein erheblicher Liquidit\u00e4tsengpass. Eigenverwaltung hei\u00dft: Das Unternehmen beh\u00e4lt w\u00e4hrend der <a href=\"https:\/\/www.bild.de\/themen\/specials\/insolvenz\/finanzen-nachrichten-news-fotos-videos-21175522.bild.html\" class=\"text-link\" rel=\"nofollow noopener\" target=\"_blank\">Insolvenz<\/a> die Verf\u00fcgungsgewalt. Es bleibt entscheidungs- und handlungsf\u00e4hig. Ein Sachwalter (eine Art Aufpasser) \u00fcberwacht die Gesch\u00e4ftsf\u00fchrung.<\/p>\n<p>Mehr zum ThemaBiermarkt unter Druck <\/p>\n<p>Der Druck auf die Brauerei-Branche ist gro\u00df. Weil der <a href=\"https:\/\/www.bild.de\/news\/inland\/grosser-bild-report-wie-hart-trifft-die-bierkrise-unsere-kneipen-698c54323c09ee32bcddcc1f\" class=\"text-link\" rel=\"nofollow noopener\" target=\"_blank\">Bierkonsum in Deutschland seit Jahren zur\u00fcckgeht<\/a>, laufen die Gesch\u00e4fte bei vielen Brauereien und in der Gastronomie nicht gut. Nach eigenen Angaben liefert das <a href=\"https:\/\/www.bild.de\/themen\/organisationen\/unternehmen\/news-fotos-videos-5n9Nevv68FAFS89DJteg\" class=\"text-link\" rel=\"nofollow noopener\" target=\"_blank\">Unternehmen<\/a> weltweit in mehr als 60 L\u00e4nder. Urspr\u00fcnglich sollte Eichbaum von einer reinen Brauerei zu einem breiter aufgestellten Getr\u00e4nkehersteller umgebaut werden. Erst k\u00fcrzlich wurde bekannt, dass Eichbaum seine Marke Karamalz samt Produktion an Veltins verkauft hat. Der Verkaufspreis wurde nicht genannt.<\/p>\n","protected":false},"excerpt":{"rendered":"TTS-Player \u00fcberspringen\u21b5Artikel weiterlesen Mannheim (Baden-W\u00fcrttemberg) \u2013 Bei der insolventen Brauerei Eichbaum in Mannheim f\u00e4llt jetzt die Entscheidung \u00fcber&hellip;\n","protected":false},"author":2,"featured_media":888035,"comment_status":"","ping_status":"","sticky":false,"template":"","format":"standard","meta":{"footnotes":"","_share_on_mastodon":"0"},"categories":[134],"tags":[1634,2326,140840,25623,175,170,169,29,30,10903,92695,1551,1026,2096,171,174,1158,1371,185455,138370,45,173,172,17591,55],"class_list":["post-888034","post","type-post","status-publish","format-standard","has-post-thumbnail","category-unternehmen-maerkte","tag-baden-wuerttemberg","tag-bier","tag-bier-krise","tag-brauereien","tag-business","tag-companies","tag-companies-markets","tag-deutschland","tag-germany","tag-getraenke","tag-glaeubiger","tag-insolvenz","tag-kuendigung","tag-mannheim","tag-markets","tag-maerkte","tag-organisationen","tag-pleite","tag-seo-first","tag-team-first","tag-texttospeech","tag-unternehmen","tag-unternehmen-maerkte","tag-unternehmensformen","tag-wirtschaft"],"share_on_mastodon":{"url":"https:\/\/pubeurope.com\/@de\/116272958510160436","error":""},"_links":{"self":[{"href":"https:\/\/www.europesays.com\/de\/wp-json\/wp\/v2\/posts\/888034","targetHints":{"allow":["GET"]}}],"collection":[{"href":"https:\/\/www.europesays.com\/de\/wp-json\/wp\/v2\/posts"}],"about":[{"href":"https:\/\/www.europesays.com\/de\/wp-json\/wp\/v2\/types\/post"}],"author":[{"embeddable":true,"href":"https:\/\/www.europesays.com\/de\/wp-json\/wp\/v2\/users\/2"}],"replies":[{"embeddable":true,"href":"https:\/\/www.europesays.com\/de\/wp-json\/wp\/v2\/comments?post=888034"}],"version-history":[{"count":0,"href":"https:\/\/www.europesays.com\/de\/wp-json\/wp\/v2\/posts\/888034\/revisions"}],"wp:featuredmedia":[{"embeddable":true,"href":"https:\/\/www.europesays.com\/de\/wp-json\/wp\/v2\/media\/888035"}],"wp:attachment":[{"href":"https:\/\/www.europesays.com\/de\/wp-json\/wp\/v2\/media?parent=888034"}],"wp:term":[{"taxonomy":"category","embeddable":true,"href":"https:\/\/www.europesays.com\/de\/wp-json\/wp\/v2\/categories?post=888034"},{"taxonomy":"post_tag","embeddable":true,"href":"https:\/\/www.europesays.com\/de\/wp-json\/wp\/v2\/tags?post=888034"}],"curies":[{"name":"wp","href":"https:\/\/api.w.org\/{rel}","templated":true}]}}