{"id":888038,"date":"2026-03-22T13:02:21","date_gmt":"2026-03-22T13:02:21","guid":{"rendered":"https:\/\/www.europesays.com\/de\/888038\/"},"modified":"2026-03-22T13:02:21","modified_gmt":"2026-03-22T13:02:21","slug":"niedersachsen-kommt-ein-waffenverbot-im-nahverkehr-noch-im-maerz","status":"publish","type":"post","link":"https:\/\/www.europesays.com\/de\/888038\/","title":{"rendered":"Niedersachsen: Kommt ein Waffenverbot im Nahverkehr noch im M\u00e4rz?"},"content":{"rendered":"<p>        <img decoding=\"async\" src=\"https:\/\/www.europesays.com\/de\/wp-content\/uploads\/2026\/03\/messer312.webp.webp\" alt=\"Waffenverbotsschild mit durchgestrichenem Messersymbol.\" title=\"Waffenverbotsschild mit durchgestrichenem Messersymbol. | picture alliance\/CHROMORANGE\/Christian Ohde, Christian Ohde\" class=\"responsive\"\/><\/p>\n<p>\n                Stand: 22.03.2026 12:46 Uhr<\/p>\n<p class=\"preface\">Niedersachsen will Waffen in Bussen und Bahnen verbieten. Eine landesweite Regelung fehlt bislang &#8211; Innenministerin Daniela Behrens (SPD) will das nun \u00e4ndern. Eine Verordnung steht kurz vor dem Abschluss.<\/p>\n<p class=\"\">&#8222;Ich hoffe, dass wir die Regelung noch in diesem Monat auf den Weg bringen k\u00f6nnen&#8220;, sagte Behrens. K\u00fcnftig sollen Polizei und Ordnungsbeh\u00f6rden in Bussen und Bahnen sowie an vielen Haltestellen Personen leichter kontrollieren k\u00f6nnen. Verst\u00f6\u00dfe gegen das Verbot k\u00f6nnten als Ordnungswidrigkeit mit einem Bu\u00dfgeld von bis zu 10.000 Euro geahndet werden. &#8222;Gewaltkriminalit\u00e4t in Verbindung mit Messern und anderen Waffen nehmen wir in Niedersachsen nicht hin&#8220;, sagte die Ministerin.<\/p>\n<p>    Kritik: schreckt Verbot T\u00e4ter wirklich ab?<\/p>\n<p class=\"\">Kritiker bezweifeln, dass ein Waffenverbot potenzielle T\u00e4ter abschreckt. Behrens h\u00e4lt die Regelung dennoch f\u00fcr notwendig. &#8222;Gesetze sind zun\u00e4chst einmal Regeln daf\u00fcr, wie wir zusammenleben wollen&#8220;, sagte sie. In einer Demokratie brauche es klare Rechtsgrundlagen &#8211; auch f\u00fcr anlassbezogene oder stichprobenartige Kontrollen im Nahverkehr. Als Vergleich nannte sie die Gurtpflicht im Stra\u00dfenverkehr: Die Polizei kontrolliere nicht jedes Fahrzeug, k\u00f6nne Verst\u00f6\u00dfe aber jederzeit ahnden. \u00c4hnlich solle es k\u00fcnftig auch im \u00f6ffentlichen Nahverkehr gehandhabt werden. Gefundene Waffen k\u00f6nnten dann unmittelbar sichergestellt werden.<\/p>\n<p>    Positive Erfahrungen in Schleswig-Holstein<\/p>\n<p class=\"\">Ein landesweites Waffenverbot im Nahverkehr gibt es bereits seit mehr als einem Jahr in Schleswig-Holstein. <a href=\"https:\/\/www.ndr.de\/nachrichten\/schleswig-holstein\/waffenverbot-in-bus-und-bahn-was-die-kontrollen-in-sh-gebracht-haben,waffenverbot-100.html\" title=\"Waffenverbot in Bus und Bahn: Was die Kontrollen in SH gebracht haben\" rel=\"nofollow noopener\" target=\"_blank\">Die Bilanz<\/a> f\u00e4llt dort positiv aus: Nach Angaben der Landespolizei vom Dezember werden seit Einf\u00fchrung der Kontrollen immer weniger Messer sichergestellt. Zudem sto\u00dfen die Eins\u00e4tze im \u00f6ffentlichen Nahverkehr bei Fahrg\u00e4sten \u00fcberwiegend auf Verst\u00e4ndnis, hei\u00dft es. Auch die Bundespolizei berichtet von einer positiven Entwicklung. Demnach sorgten rund um Bahnh\u00f6fe in Schleswig-Holstein zunehmend weniger Personen f\u00fcr ein Unsicherheitsgef\u00fchl.<\/p>\n<p>        <img decoding=\"async\" src=\"https:\/\/www.europesays.com\/de\/wp-content\/uploads\/2026\/01\/1768984032_379_waffenverbot148.webp.webp\" alt=\"Auf einem Hinweis\u00b7schild steht: Waffen verboten.\" title=\"Auf einem Hinweis\u00b7schild steht: Waffen verboten. | picture alliance \/ CHROMORANGE, Christian Ohde\" class=\"responsive\" loading=\"lazy\"\/><\/p>\n<p>12.000 Menschen wurden laut Polizei bislang in Schleswig-Holstein kontrolliert. Viele Messer wurden gefunden &#8211; und es soll weitergehen.  <\/p>\n<p>    Mehr Handlungsm\u00f6glichkeiten f\u00fcr Personal<\/p>\n<p class=\"\">Nach Angaben von Niedersachsens Innenministerin Behrens berichten Fahrer, Kontrolleure und andere Besch\u00e4ftigte im Nahverkehr von zunehmenden Konfliktsituationen, in denen Waffen eine Rolle spielen. Bislang k\u00f6nnten sie h\u00e4ufig nur ihr Hausrecht durchsetzen &#8211; das sei in der Praxis oft schwierig. Mit der geplanten Verordnung gebe es eine klare landesweite Rechtsgrundlage. &#8222;Wenn es Probleme gibt, kann die Polizei hinzugezogen werden und einschreiten&#8220;, so Behrens.<\/p>\n<p>    Waffenverbot im Fernverkehr bereits in Kraft<\/p>\n<p class=\"\">Im Fernverkehr gilt bereits seit Ende Oktober 2024 ein bundesweites Waffen- und Messerverbot. Nach Angaben der Deutschen Bahn (DB) umfasst dieses neben den Z\u00fcgen auch beispielsweise Bahnhofsgeb\u00e4ude und Haltestellen. Das Verbot gilt unter anderem in ICE-, IC- und EC-Z\u00fcge sowie in Fernverkehrsbussen.<\/p>\n<p>        <img decoding=\"async\" src=\"https:\/\/www.europesays.com\/de\/wp-content\/uploads\/2026\/03\/messer-122.webp.webp\" alt=\"Ein Mann h\u00e4lt ein Messer in der Hand. (Themenbild)\" title=\"Ein Mann h\u00e4lt ein Messer in der Hand. (Themenbild) | picture alliance\/dpa, Marijan Murat\" class=\"responsive\" loading=\"lazy\"\/><\/p>\n<p>Damit will das Land die Sicherheit nach Attentaten wie in Brokstedt erh\u00f6hen.<\/p>\n<p>        <img decoding=\"async\" src=\"https:\/\/www.europesays.com\/de\/wp-content\/uploads\/2026\/03\/waffenverbot142.webp.webp\" alt=\"Warnschild &quot;Gefahrstelle&quot; und ein Zusatzschild mit der Aufschrift &quot;Messer verboten&quot; vor bew\u00f6lktem Hintergrund.\" title=\"Warnschild &quot;Gefahrstelle&quot; und ein Zusatzschild mit der Aufschrift &quot;Messer verboten&quot; vor bew\u00f6lktem Hintergrund. | picture alliance \/ SULUPRESS.DE | Torsten Sukrow \/ SULUPRESS.DE, Torsten Sukrow\" class=\"responsive\" loading=\"lazy\"\/><\/p>\n<p>Die Polizei soll das Verbot in Bussen und Bahnen leichter durchsetzen k\u00f6nnen &#8211; eine Reaktion auf die hohe Zahl von Messerangriffen.<\/p>\n<p>        <img decoding=\"async\" src=\"https:\/\/www.europesays.com\/de\/wp-content\/uploads\/2026\/03\/screenshot-110170.webp.webp\" alt=\"Gelbes Warnschild mit Piktogrammen und der Aufschrift: &quot;Verbot von Waffen, Messern und gef\u00e4hrlichen Gegenst\u00e4nden&quot;.\" title=\"Gelbes Warnschild mit Piktogrammen und der Aufschrift: &quot;Verbot von Waffen, Messern und gef\u00e4hrlichen Gegenst\u00e4nden&quot;. | Screenshot\" class=\"responsive\" loading=\"lazy\"\/><\/p>\n<p>Au\u00dferdem soll das Verbot auch in und an bestimmten Bahnh\u00f6fen, Haltestellen, Bahnsteigen und in Unterf\u00fchrungen gelten. <\/p>\n<p>        <img decoding=\"async\" src=\"https:\/\/www.europesays.com\/de\/wp-content\/uploads\/2026\/03\/messer298.webp.webp\" alt=\"Nahaufnahme eines Messers in der Hand eines Mannes\" title=\"Nahaufnahme eines Messers in der Hand eines Mannes | picture alliance\/CHROMORANGE\/Udo Herrmann, Udo Herrmann\" class=\"responsive\" loading=\"lazy\"\/><\/p>\n<p>Daf\u00fcr macht das Land eine Bundesratsinitiative. Danach sollen etwa Springmesser verboten werden.<\/p>\n","protected":false},"excerpt":{"rendered":"Stand: 22.03.2026 12:46 Uhr Niedersachsen will Waffen in Bussen und Bahnen verbieten. Eine landesweite Regelung fehlt bislang &#8211;&hellip;\n","protected":false},"author":2,"featured_media":888039,"comment_status":"","ping_status":"","sticky":false,"template":"","format":"standard","meta":{"footnotes":"","_share_on_mastodon":"0"},"categories":[2],"tags":[1739,10415,31482,29,30,1000,13,23917,1665,1981,14,4186,15,1411,27633,1009,12,184,10,8,9,11,30324,4743,13297],"class_list":["post-888038","post","type-post","status-publish","format-standard","has-post-thumbnail","category-deutschland","tag-bahn","tag-bus","tag-daniela-behrens","tag-deutschland","tag-germany","tag-gewalt","tag-headlines","tag-innenministerin","tag-maerz","tag-messer","tag-nachrichten","tag-nahverkehr","tag-news","tag-niedersachsen","tag-oeffentlicher-nahverkehr","tag-recht","tag-schlagzeilen","tag-spd","tag-top-news","tag-top-meldungen","tag-topmeldungen","tag-topnews","tag-verordnung","tag-waffen","tag-waffenverbot"],"share_on_mastodon":{"url":"","error":""},"_links":{"self":[{"href":"https:\/\/www.europesays.com\/de\/wp-json\/wp\/v2\/posts\/888038","targetHints":{"allow":["GET"]}}],"collection":[{"href":"https:\/\/www.europesays.com\/de\/wp-json\/wp\/v2\/posts"}],"about":[{"href":"https:\/\/www.europesays.com\/de\/wp-json\/wp\/v2\/types\/post"}],"author":[{"embeddable":true,"href":"https:\/\/www.europesays.com\/de\/wp-json\/wp\/v2\/users\/2"}],"replies":[{"embeddable":true,"href":"https:\/\/www.europesays.com\/de\/wp-json\/wp\/v2\/comments?post=888038"}],"version-history":[{"count":0,"href":"https:\/\/www.europesays.com\/de\/wp-json\/wp\/v2\/posts\/888038\/revisions"}],"wp:featuredmedia":[{"embeddable":true,"href":"https:\/\/www.europesays.com\/de\/wp-json\/wp\/v2\/media\/888039"}],"wp:attachment":[{"href":"https:\/\/www.europesays.com\/de\/wp-json\/wp\/v2\/media?parent=888038"}],"wp:term":[{"taxonomy":"category","embeddable":true,"href":"https:\/\/www.europesays.com\/de\/wp-json\/wp\/v2\/categories?post=888038"},{"taxonomy":"post_tag","embeddable":true,"href":"https:\/\/www.europesays.com\/de\/wp-json\/wp\/v2\/tags?post=888038"}],"curies":[{"name":"wp","href":"https:\/\/api.w.org\/{rel}","templated":true}]}}