{"id":888389,"date":"2026-03-22T16:26:19","date_gmt":"2026-03-22T16:26:19","guid":{"rendered":"https:\/\/www.europesays.com\/de\/888389\/"},"modified":"2026-03-22T16:26:19","modified_gmt":"2026-03-22T16:26:19","slug":"tusk-wirft-orban-minister-geheime-telefonate-mit-lawrow-waehrend-eu-treffen-vor","status":"publish","type":"post","link":"https:\/\/www.europesays.com\/de\/888389\/","title":{"rendered":"Tusk wirft Orb\u00e1n-Minister geheime Telefonate mit Lawrow w\u00e4hrend EU-Treffen vor"},"content":{"rendered":"<p>W\u00e4hrend EU-Treffen soll Ungarns Au\u00dfenminister laut der \u201eWashington Post\u201c regelm\u00e4\u00dfig seinen russischen Amtskollegen \u00fcber die besprochenen Themen unterrichtet haben. Polens Ministerpr\u00e4sident Donald Tusk sagt: \u201eWir hatten diesen Verdacht schon lange.\u201c<\/p>\n<p class=\"is-first-paragraph\" data-external=\"Article.FirstParagraph\">Polens Ministerpr\u00e4sident Donald Tusk wirft Ungarn vor, Russland zeitnah \u00fcber Absprachen auf EU-Gipfeln zu informieren. \u201eDass Orb\u00e1ns Leute Moskau bis ins kleinste Detail \u00fcber die EU-Gipfeltreffen informieren, d\u00fcrfte niemanden \u00fcberraschen\u201c, schrieb der proeurop\u00e4ische Regierungschef am Sonntag auf X mit Blick auf den ungarischen Regierungschef.<\/p>\n<p>\u201eWir hatten diesen Verdacht schon lange\u201c, schrieb Tusk weiter und erkl\u00e4rte damit auch seine zur\u00fcckhaltende Haltung auf EU-Gipfeln: \u201eDas ist einer der Gr\u00fcnde, warum ich nur dann das Wort ergreife, wenn es unbedingt n\u00f6tig ist, und nur so viel sage, wie unbedingt n\u00f6tig ist.\u201c<\/p>\n<p>Zuvor \u200chatte die US-Zeitung \u201e<a class=\"is-link c-block-items__link is-external c-link--rich-text-renderer\" href=\"https:\/\/www.washingtonpost.com\/world\/2026\/03\/21\/hungary-election-interference-russia-orban\/\" target=\"_blank\" title=\"(Link wird in einem neuen Tab ge\u00f6ffnet)\" rel=\"nofollow noopener\" data-internal-tracking-enabled=\"true\" data-internal-tracking=\"{&quot;action&quot;:&quot;click&quot;,&quot;label&quot;:&quot;link&quot;,&quot;name&quot;:&quot;Inline Element&quot;,&quot;data&quot;:{&quot;source&quot;:&quot;&quot;,&quot;target&quot;:&quot;https:\/\/www.washingtonpost.com\/world\/2026\/03\/21\/hungary-election-interference-russia-orban\/&quot;,&quot;trackingName&quot;:&quot;&quot;,&quot;trackingLabel&quot;:&quot;&quot;}}\">Washington Post<\/a>\u201c berichtet, Ungarns Au\u00dfenminister P\u00e9ter Szijj\u00e1rt\u00f3 solle mehrfach aus EU-Au\u00dfenministertreffen heraus mit dem russischen Au\u00dfenminister Sergej Lawrow telefoniert und ihn \u00fcber die Beratungen informiert haben. Die Zeitung berief sich dabei auf eine anonyme Quelle. Durch solche Anrufe habe \u201eMoskau im Grunde genommen bei jedem einzelnen EU-Treffen seit Jahren mit am Tisch gesessen\u201c, zitiert die \u201eWashington Post\u201c den Beamten.<\/p>\n<p>Szijj\u00e1rt\u00f3 selbst sprach auf X von \u201eFalschmeldungen\u201c.<\/p>\n<p>Orb\u00e1n, dem EU-Regierungschefs immer wieder eine zu gro\u00dfe N\u00e4he zu Russland vorwerfen, hatte <a class=\"is-link c-block-items__link c-link--rich-text-renderer\" href=\"https:\/\/www.welt.de\/politik\/ausland\/article69bc90708f5761671715913a\/eu-bricht-mit-ungarn-fast-alle-im-raum-gingen-orban-hart-an.html\" data-internal-tracking-enabled=\"true\" data-internal-tracking=\"{&quot;action&quot;:&quot;click&quot;,&quot;label&quot;:&quot;link&quot;,&quot;name&quot;:&quot;Inline Element&quot;,&quot;data&quot;:{&quot;source&quot;:&quot;&quot;,&quot;target&quot;:&quot;https:\/\/www.welt.de\/politik\/ausland\/article69bc90708f5761671715913a\/eu-bricht-mit-ungarn-fast-alle-im-raum-gingen-orban-hart-an.html&quot;,&quot;trackingName&quot;:&quot;&quot;,&quot;trackingLabel&quot;:&quot;&quot;}}\" rel=\"nofollow noopener\" target=\"_blank\">am Donnerstag auf dem EU-Gipfel<\/a> verhindert, dass ein 90-Milliarden-Euro-Kredit der EU an die Ukraine ausgezahlt werden konnte. Er zog damit \u200cdeutliche Kritik der EU-Staats- und Regierungschefs auf sich. Auch Kanzler Friedrich Merz warf ihm \u201egrobe Illoyalit\u00e4t\u201c vor, weil Orb\u00e1n im Dezember einen EU-Beschluss mitgetragen hatte.<\/p>\n<p>Russischer Auslandsgeheimdienst soll inszeniertes Attentat erwogen haben<\/p>\n<p>Im April sind in Ungarn Parlamentswahlen. In Umfragen liegt die Opposition vorn.  Um Orb\u00e1n im Wahlkampf zu unterst\u00fctzen, soll laut \u201eWashington Post\u201c eine Einheit des russischen Auslandsgeheimdienstes SVR im vergangenen Monat weitreichende Pl\u00e4ne ausgearbeitet haben \u2013 bis hin zu einem inszenierten Attentat auf Orb\u00e1n, um vom bisher bestimmenden Wahlkampfthema Korruption abzulenken und die Ungarn hinter Orb\u00e1n zu versammeln.<\/p>\n<p>Zu Unterst\u00fctzung des 63-J\u00e4hrigen will auch US-Vizepr\u00e4sident J.D. Vance nach Budapest reisen, wie auch Polens Pr\u00e4sident Karol Nawrocki. <\/p>\n<p>Polens Au\u00dfenminister Rados\u0142aw Sikorski kritisierte auf X die Reise des Staatsoberhaupts. Orb\u00e1n habe Ungarn \u200cdurch \u201eNationalismus und Diebstahl\u201c zum \u00e4rmsten EU-Land gemacht. Ungarns Au\u00dfenminister Szijj\u00e1rt\u00f3 \u200cwiederum \u200cwarf Sikorski vor, er wolle die oppositionelle Tisza-Partei unterst\u00fctzen.<\/p>\n<p>Reuters\/sebe<\/p>\n","protected":false},"excerpt":{"rendered":"W\u00e4hrend EU-Treffen soll Ungarns Au\u00dfenminister laut der \u201eWashington Post\u201c regelm\u00e4\u00dfig seinen russischen Amtskollegen \u00fcber die besprochenen Themen unterrichtet&hellip;\n","protected":false},"author":2,"featured_media":888390,"comment_status":"","ping_status":"","sticky":false,"template":"","format":"standard","meta":{"footnotes":"","_share_on_mastodon":"0"},"categories":[3933],"tags":[331,332,11809,548,663,158,7736,3934,3935,13,14,15,110,3223,12,45,39623,501,40553],"class_list":["post-888389","post","type-post","status-publish","format-standard","has-post-thumbnail","category-eu","tag-aktuelle-nachrichten","tag-aktuelle-news","tag-donald","tag-eu","tag-europa","tag-europaeische-union","tag-europaeische-union-eu","tag-europe","tag-european-union","tag-headlines","tag-nachrichten","tag-news","tag-newsteam","tag-orban","tag-schlagzeilen","tag-texttospeech","tag-tusk","tag-ungarn","tag-viktor"],"share_on_mastodon":{"url":"https:\/\/pubeurope.com\/@de\/116273767212456571","error":""},"_links":{"self":[{"href":"https:\/\/www.europesays.com\/de\/wp-json\/wp\/v2\/posts\/888389","targetHints":{"allow":["GET"]}}],"collection":[{"href":"https:\/\/www.europesays.com\/de\/wp-json\/wp\/v2\/posts"}],"about":[{"href":"https:\/\/www.europesays.com\/de\/wp-json\/wp\/v2\/types\/post"}],"author":[{"embeddable":true,"href":"https:\/\/www.europesays.com\/de\/wp-json\/wp\/v2\/users\/2"}],"replies":[{"embeddable":true,"href":"https:\/\/www.europesays.com\/de\/wp-json\/wp\/v2\/comments?post=888389"}],"version-history":[{"count":0,"href":"https:\/\/www.europesays.com\/de\/wp-json\/wp\/v2\/posts\/888389\/revisions"}],"wp:featuredmedia":[{"embeddable":true,"href":"https:\/\/www.europesays.com\/de\/wp-json\/wp\/v2\/media\/888390"}],"wp:attachment":[{"href":"https:\/\/www.europesays.com\/de\/wp-json\/wp\/v2\/media?parent=888389"}],"wp:term":[{"taxonomy":"category","embeddable":true,"href":"https:\/\/www.europesays.com\/de\/wp-json\/wp\/v2\/categories?post=888389"},{"taxonomy":"post_tag","embeddable":true,"href":"https:\/\/www.europesays.com\/de\/wp-json\/wp\/v2\/tags?post=888389"}],"curies":[{"name":"wp","href":"https:\/\/api.w.org\/{rel}","templated":true}]}}