{"id":888433,"date":"2026-03-22T16:49:13","date_gmt":"2026-03-22T16:49:13","guid":{"rendered":"https:\/\/www.europesays.com\/de\/888433\/"},"modified":"2026-03-22T16:49:13","modified_gmt":"2026-03-22T16:49:13","slug":"kunst-handwerk-fruehlingssonne-die-schoensten-bilder-vom-waiblinger-ostermarkt-nachrichten-aus-waiblingen","status":"publish","type":"post","link":"https:\/\/www.europesays.com\/de\/888433\/","title":{"rendered":"Kunst, Handwerk, Fr\u00fchlingssonne: die sch\u00f6nsten Bilder vom Waiblinger Ostermarkt &#8211; Nachrichten aus Waiblingen"},"content":{"rendered":"<p><strong>Waiblingen.<\/strong> Sch\u00f6ner kann ein Fr\u00fchlingstag kaum sein. Nach einem regnerischen Samstag scheint am Sonntag (22.03.) die Sonne auf bl\u00fchende Obstb\u00e4ume und gut gelaunte Besucher des Ostermarkts. Der pr\u00e4sentiert sich als bunter Strom aus schlendernden Menschen. Auffallend viele Familien sind dabei. \u201eLet\u2019s rock the house\u201c dr\u00f6hnt es beim Beinsteiner Tor. Die Kids der Tanzschule \u201eFun and Dance\u201c pr\u00e4sentieren Hip Hop. Die Menschen stehen dicht an dicht.<\/p>\n<p>Es geht nur im<\/p>\n","protected":false},"excerpt":{"rendered":"Waiblingen. Sch\u00f6ner kann ein Fr\u00fchlingstag kaum sein. Nach einem regnerischen Samstag scheint am Sonntag (22.03.) die Sonne auf&hellip;\n","protected":false},"author":2,"featured_media":888434,"comment_status":"","ping_status":"","sticky":false,"template":"","format":"standard","meta":{"footnotes":"","_share_on_mastodon":"0"},"categories":[1830],"tags":[2922,1634,3364,29,30,8019,9885,2454,1441,5904],"class_list":["post-888433","post","type-post","status-publish","format-standard","has-post-thumbnail","category-stuttgart","tag-altstadt","tag-baden-wuerttemberg","tag-de","tag-deutschland","tag-germany","tag-ostermarkt","tag-ostermarkt-waiblingen","tag-ostern","tag-stuttgart","tag-verkaufsoffener-sonntag"],"share_on_mastodon":{"url":"","error":""},"_links":{"self":[{"href":"https:\/\/www.europesays.com\/de\/wp-json\/wp\/v2\/posts\/888433","targetHints":{"allow":["GET"]}}],"collection":[{"href":"https:\/\/www.europesays.com\/de\/wp-json\/wp\/v2\/posts"}],"about":[{"href":"https:\/\/www.europesays.com\/de\/wp-json\/wp\/v2\/types\/post"}],"author":[{"embeddable":true,"href":"https:\/\/www.europesays.com\/de\/wp-json\/wp\/v2\/users\/2"}],"replies":[{"embeddable":true,"href":"https:\/\/www.europesays.com\/de\/wp-json\/wp\/v2\/comments?post=888433"}],"version-history":[{"count":0,"href":"https:\/\/www.europesays.com\/de\/wp-json\/wp\/v2\/posts\/888433\/revisions"}],"wp:featuredmedia":[{"embeddable":true,"href":"https:\/\/www.europesays.com\/de\/wp-json\/wp\/v2\/media\/888434"}],"wp:attachment":[{"href":"https:\/\/www.europesays.com\/de\/wp-json\/wp\/v2\/media?parent=888433"}],"wp:term":[{"taxonomy":"category","embeddable":true,"href":"https:\/\/www.europesays.com\/de\/wp-json\/wp\/v2\/categories?post=888433"},{"taxonomy":"post_tag","embeddable":true,"href":"https:\/\/www.europesays.com\/de\/wp-json\/wp\/v2\/tags?post=888433"}],"curies":[{"name":"wp","href":"https:\/\/api.w.org\/{rel}","templated":true}]}}