{"id":888654,"date":"2026-03-22T18:51:21","date_gmt":"2026-03-22T18:51:21","guid":{"rendered":"https:\/\/www.europesays.com\/de\/888654\/"},"modified":"2026-03-22T18:51:21","modified_gmt":"2026-03-22T18:51:21","slug":"time-warp-gaeste-aus-aller-welt-kommen-zum-kult-techno-festival-mannheim","status":"publish","type":"post","link":"https:\/\/www.europesays.com\/de\/888654\/","title":{"rendered":"Time Warp: G\u00e4ste aus aller Welt kommen zum Kult-Techno-Festival &#8211; Mannheim"},"content":{"rendered":"<p class=\"rhp-dpa-teaser\"><b>Die Time Warp zieht \u00fcber Generationen und L\u00e4ndergrenzen hinweg Technofans an. Das wurde am Wochenende geboten.<\/b><\/p>\n<p>Es ist eine eigene Welt, die ihrem Rhythmus folgt. Kaum da, f\u00e4llt der ganze Alltag ab, taucht man ein in ein Klanggewitter aus r\u00f6hrenden B\u00e4ssen und giftigen Acid-Tunes. W\u00e4hrend im Floor 1 gigantische Felsbrocken von der Decke baumeln und man das Gef\u00fchl hat, im Star-Wars-Falken<\/p>\n<p class=\"rhp-teaser\"><b>Die Time Warp zieht \u00fcber Generationen und L\u00e4ndergrenzen hinweg Technofans an. Das wurde am Wochenende geboten.<\/b><\/p>\n","protected":false},"excerpt":{"rendered":"Die Time Warp zieht \u00fcber Generationen und L\u00e4ndergrenzen hinweg Technofans an. Das wurde am Wochenende geboten. Es ist&hellip;\n","protected":false},"author":2,"featured_media":888655,"comment_status":"","ping_status":"","sticky":false,"template":"","format":"standard","meta":{"footnotes":"","_share_on_mastodon":"0"},"categories":[1845],"tags":[195490,1634,296,3364,29,548,663,3934,30,13,4060,25476,12305,2096,14,15,15864,195491,12,30066,151,20478],"class_list":["post-888654","post","type-post","status-publish","format-standard","has-post-thumbnail","category-mannheim","tag-adam-beyer","tag-baden-wuerttemberg","tag-berlin","tag-de","tag-deutschland","tag-eu","tag-europa","tag-europe","tag-germany","tag-headlines","tag-lokal","tag-ludwigshafen","tag-mailand","tag-mannheim","tag-nachrichten","tag-news","tag-norditalien","tag-nova-milanese","tag-schlagzeilen","tag-techno-festival","tag-tiktok","tag-turin"],"share_on_mastodon":{"url":"https:\/\/pubeurope.com\/@de\/116274337320616264","error":""},"_links":{"self":[{"href":"https:\/\/www.europesays.com\/de\/wp-json\/wp\/v2\/posts\/888654","targetHints":{"allow":["GET"]}}],"collection":[{"href":"https:\/\/www.europesays.com\/de\/wp-json\/wp\/v2\/posts"}],"about":[{"href":"https:\/\/www.europesays.com\/de\/wp-json\/wp\/v2\/types\/post"}],"author":[{"embeddable":true,"href":"https:\/\/www.europesays.com\/de\/wp-json\/wp\/v2\/users\/2"}],"replies":[{"embeddable":true,"href":"https:\/\/www.europesays.com\/de\/wp-json\/wp\/v2\/comments?post=888654"}],"version-history":[{"count":0,"href":"https:\/\/www.europesays.com\/de\/wp-json\/wp\/v2\/posts\/888654\/revisions"}],"wp:featuredmedia":[{"embeddable":true,"href":"https:\/\/www.europesays.com\/de\/wp-json\/wp\/v2\/media\/888655"}],"wp:attachment":[{"href":"https:\/\/www.europesays.com\/de\/wp-json\/wp\/v2\/media?parent=888654"}],"wp:term":[{"taxonomy":"category","embeddable":true,"href":"https:\/\/www.europesays.com\/de\/wp-json\/wp\/v2\/categories?post=888654"},{"taxonomy":"post_tag","embeddable":true,"href":"https:\/\/www.europesays.com\/de\/wp-json\/wp\/v2\/tags?post=888654"}],"curies":[{"name":"wp","href":"https:\/\/api.w.org\/{rel}","templated":true}]}}