{"id":888778,"date":"2026-03-22T19:59:16","date_gmt":"2026-03-22T19:59:16","guid":{"rendered":"https:\/\/www.europesays.com\/de\/888778\/"},"modified":"2026-03-22T19:59:16","modified_gmt":"2026-03-22T19:59:16","slug":"kuba-bereitet-sich-auf-militaereinsatz-der-usa-vor","status":"publish","type":"post","link":"https:\/\/www.europesays.com\/de\/888778\/","title":{"rendered":"Kuba bereitet sich auf Milit\u00e4reinsatz der USA vor"},"content":{"rendered":"<p>Newsblog zur US-Politik <\/p>\n<p>Kuba bereitet sich auf Milit\u00e4reinsatz der USA vor<\/p>\n<p>Aktualisiert am 22.03.2026 &#8211; 20:19 UhrLesedauer: 12 Min.<\/p>\n<p><a href=\"#focus-0\" class=\"transition-colors duration-200 block text-current relative\" data-sctrack=\"FocusGalleryImage.Reference\"><img fetchpriority=\"high\" data-testid=\"Opener.Image\" style=\"--lqipURL:url('https:\/\/images.t-online.de\/2025\/12\/Vu9fQ76uh3T5\/0x156:2048x1152\/fit-in\/150x0\/filters:blur(25)\/das-us-militaer-hat-kriegsschiffe-kampfflugzeuge-und-soldaten-in-die-karibik-verlegt.jpg')\"   loading=\"eager\" src=\"https:\/\/www.europesays.com\/de\/wp-content\/uploads\/2026\/03\/das-us-militaer-hat-kriegsschiffe-kampfflugzeuge-und-soldaten-in-die-karibik-verlegt.jpg\" alt=\"Spannungen zwischen Venezuela und USA\" title=\"Spannungen zwischen Venezuela und USA\" width=\"2048\" height=\"1152\" class=\"bg-[url:var(--lqipURL)] bg-cover bg-center flex h-full w-full max-w-full\" decoding=\"async\"\/><img style=\"--width:32;--height:32\" loading=\"lazy\" src=\"https:\/\/www.t-online.de\/s\/paper\/_next\/static\/media\/zoom-in.f7dae02f.svg\" alt=\"Vergr\u00f6\u00dfern des Bildes\" title=\"Vergr\u00f6\u00dfern des Bildes\" class=\"block h-[calc(var(--height)_\/_16_*_1rem)] w-[calc(var(--width)_\/_16_*_1rem)] max-w-none absolute bottom-8 right-8 rounded-4 bg-snow p-8\" decoding=\"async\"\/><\/a><\/p>\n<p>US-Milit\u00e4r im Einsatz (Archivbild): Der Karibikstaat Kuba f\u00fcrchtet einen Milit\u00e4reinsatz der Trump-Regierung. (Quelle: Petty Officer 2nd Class Triniti\/U.S. Pentagon\/dpa\/dpa-bilder)<\/p>\n<p class=\"font-bold text-18 leading-17 user-text-lg:text-22 user-text-xl:text-24\">Kubas Milit\u00e4r r\u00fcstet sich gegen einen m\u00f6glichen Einsatz der USA. Trump spricht im Streit mit den Demokraten eine Drohung aus. Alle Entwicklungen im Newsblog.<\/p>\n<p class=\"text-18 leading-17 user-text-lg:text-22 user-text-xl:text-24\">Kubas Milit\u00e4r bereitet sich laut dem stellvertretenden Au\u00dfenminister Carlos Fern\u00e1ndez de Cossio auf einen m\u00f6glichen Milit\u00e4reinsatz der <a class=\"transition-colors duration-200 cursor-pointer text-inherit no-underline text-salemsfur md:hover:text-magenta md:hover:border-magenta md:focus:text-magenta border-current border-b border-solid break-words\" data-tracking=\"{&quot;action&quot;:&quot;click&quot;,&quot;category&quot;:&quot;intextLink&quot;,&quot;label&quot;:&quot;\/themen\/usa\/&quot;}\" href=\"https:\/\/www.t-online.de\/themen\/usa\/\" data-sctrack=\"BodyAnchor\" rel=\"nofollow noopener\" target=\"_blank\">USA<\/a> gegen den Karibikstaat vor. Im Interview mit dem US-Nachrichtensender &#8222;NBC News&#8220; sagt er: &#8222;Unser Milit\u00e4r ist stets bereit, und tats\u00e4chlich bereitet es sich derzeit auf die M\u00f6glichkeit einer milit\u00e4rischen Aggression vor&#8220;. Es w\u00e4re &#8222;naiv&#8220;, die M\u00f6glichkeit einer Eskalation zu ignorieren, so de Cossio. US-Pr\u00e4sident <a class=\"transition-colors duration-200 cursor-pointer text-inherit no-underline text-salemsfur md:hover:text-magenta md:hover:border-magenta md:focus:text-magenta border-current border-b border-solid break-words\" data-tracking=\"{&quot;action&quot;:&quot;click&quot;,&quot;category&quot;:&quot;intextLink&quot;,&quot;label&quot;:&quot;\/themen\/donald-trump\/&quot;}\" href=\"https:\/\/www.t-online.de\/themen\/donald-trump\/\" data-sctrack=\"BodyAnchor\" rel=\"nofollow noopener\" target=\"_blank\">Donald Trump<\/a> hatte j\u00fcngst eine &#8222;\u00dcbernahme&#8220; des sozialistischen Inselstaates angedeutet.<\/p>\n<p class=\"text-18 leading-17 user-text-lg:text-22 user-text-xl:text-24\">Der Unternehmer <a class=\"transition-colors duration-200 cursor-pointer text-inherit no-underline text-salemsfur md:hover:text-magenta md:hover:border-magenta md:focus:text-magenta border-current border-b border-solid break-words\" data-tracking=\"{&quot;action&quot;:&quot;click&quot;,&quot;category&quot;:&quot;intextLink&quot;,&quot;label&quot;:&quot;\/themen\/elon-musk\/&quot;}\" href=\"https:\/\/www.t-online.de\/themen\/elon-musk\/\" data-sctrack=\"BodyAnchor\" rel=\"nofollow noopener\" target=\"_blank\">Elon Musk<\/a> hat angeboten, die Geh\u00e4lter von Flughafensicherheits-Mitarbeitern zu \u00fcbernehmen, die wegen des US-Shutdowns nicht bezahlt werden. Er wolle die Kosten tragen, &#8222;w\u00e4hrend dieses Finanzierungsengpasses, der das Leben so vieler Amerikaner an den Flugh\u00e4fen im ganzen Land beeintr\u00e4chtigt&#8220;, schrieb der reichste Mensch der Welt am Samstag (Ortszeit) auf der Online-Plattform X. Stellungnahmen des Heimatschutzministeriums, der TSA und von Vertretern Musks lagen zun\u00e4chst nicht vor.<\/p>\n<p class=\"text-18 leading-17 user-text-lg:text-22 user-text-xl:text-24\">Angesichts eines seit Wochen andauernden Finanzierungsstreits hat US-Pr\u00e4sident Donald Trump den Einsatz der Einwanderungsbeh\u00f6rde ICE an den Flugh\u00e4fen des Landes ins Spiel gebracht. Die Beamten sollten vor Ort Sicherheitsma\u00dfnahmen durchf\u00fchren &#8222;wie man sie noch nie zuvor gesehen&#8220; habe, schrieb er auf seiner Plattform <a class=\"transition-colors duration-200 cursor-pointer text-inherit no-underline text-salemsfur md:hover:text-magenta md:hover:border-magenta md:focus:text-magenta border-current border-b border-solid break-words\" data-tracking=\"{&quot;action&quot;:&quot;click&quot;,&quot;category&quot;:&quot;intextLink&quot;,&quot;label&quot;:&quot;\/themen\/truth-social\/&quot;}\" href=\"https:\/\/www.t-online.de\/themen\/truth-social\/\" data-sctrack=\"BodyAnchor\" rel=\"nofollow noopener\" target=\"_blank\">Truth Social<\/a>, sollten die Demokraten nicht sofort ein Abkommen unterzeichnen. Der Einsatz k\u00f6nnte bereits am Montag beginnen, k\u00fcndigte Trump in einem weiteren Post an.<\/p>\n","protected":false},"excerpt":{"rendered":"Newsblog zur US-Politik Kuba bereitet sich auf Milit\u00e4reinsatz der USA vor Aktualisiert am 22.03.2026 &#8211; 20:19 UhrLesedauer: 12&hellip;\n","protected":false},"author":2,"featured_media":888779,"comment_status":"","ping_status":"","sticky":false,"template":"","format":"standard","meta":{"footnotes":"","_share_on_mastodon":"0"},"categories":[3],"tags":[1217,326,7797,195502,106,444,22720,17423,12961,13,2229,195503,4047,451,31593,63152,14,6074,453,15,3129,649,1555,60584,12,10,8,9,11,3111,5162,14953,64,103,104],"class_list":["post-888778","post","type-post","status-publish","format-standard","has-post-thumbnail","category-welt","tag-1217","tag-326","tag-7797","tag-carlos-fernandez","tag-donald-trump","tag-elon-musk","tag-fbi","tag-harvard","tag-havanna","tag-headlines","tag-ice","tag-karibikstaat","tag-kuba","tag-militaer","tag-militaereinsatz","tag-minneapolis","tag-nachrichten","tag-nbc","tag-new-york-times","tag-news","tag-newsblog","tag-pete-hegseth","tag-republikaner","tag-robert-mueller","tag-schlagzeilen","tag-top-news","tag-top-meldungen","tag-topmeldungen","tag-topnews","tag-truth-social","tag-universitaet","tag-us-militaer","tag-usa","tag-welt","tag-world"],"share_on_mastodon":{"url":"https:\/\/pubeurope.com\/@de\/116274604842004371","error":""},"_links":{"self":[{"href":"https:\/\/www.europesays.com\/de\/wp-json\/wp\/v2\/posts\/888778","targetHints":{"allow":["GET"]}}],"collection":[{"href":"https:\/\/www.europesays.com\/de\/wp-json\/wp\/v2\/posts"}],"about":[{"href":"https:\/\/www.europesays.com\/de\/wp-json\/wp\/v2\/types\/post"}],"author":[{"embeddable":true,"href":"https:\/\/www.europesays.com\/de\/wp-json\/wp\/v2\/users\/2"}],"replies":[{"embeddable":true,"href":"https:\/\/www.europesays.com\/de\/wp-json\/wp\/v2\/comments?post=888778"}],"version-history":[{"count":0,"href":"https:\/\/www.europesays.com\/de\/wp-json\/wp\/v2\/posts\/888778\/revisions"}],"wp:featuredmedia":[{"embeddable":true,"href":"https:\/\/www.europesays.com\/de\/wp-json\/wp\/v2\/media\/888779"}],"wp:attachment":[{"href":"https:\/\/www.europesays.com\/de\/wp-json\/wp\/v2\/media?parent=888778"}],"wp:term":[{"taxonomy":"category","embeddable":true,"href":"https:\/\/www.europesays.com\/de\/wp-json\/wp\/v2\/categories?post=888778"},{"taxonomy":"post_tag","embeddable":true,"href":"https:\/\/www.europesays.com\/de\/wp-json\/wp\/v2\/tags?post=888778"}],"curies":[{"name":"wp","href":"https:\/\/api.w.org\/{rel}","templated":true}]}}