{"id":888780,"date":"2026-03-22T20:00:13","date_gmt":"2026-03-22T20:00:13","guid":{"rendered":"https:\/\/www.europesays.com\/de\/888780\/"},"modified":"2026-03-22T20:00:13","modified_gmt":"2026-03-22T20:00:13","slug":"aktuelles-und-ergebnisse-der-liveticker-zur-stichwahl-in-der-region-hof","status":"publish","type":"post","link":"https:\/\/www.europesays.com\/de\/888780\/","title":{"rendered":"Aktuelles und Ergebnisse : Der Liveticker zur Stichwahl in der Region &#8211; Hof"},"content":{"rendered":"<p>Kommunalwahl 2026, Kapitel 2: In zehn St\u00e4dten und Kommunen der Frankenpost-Region entschied sich erst am Sonntag, wer k\u00fcnftig die Gesch\u00e4fte in den Rath\u00e4usern als B\u00fcrgermeister\/in oder Oberb\u00fcrgermeister\/in\u00a0f\u00fchren, beziehungsweise weiterf\u00fchren wird. In die <a href=\"https:\/\/www.frankenpost.de\/thema\/Stichwahl\" title=\"Stichwahl\" class=\"art_thema\" rel=\"nofollow noopener\" target=\"_blank\">Stichwahl<\/a> ging es in <a href=\"https:\/\/www.frankenpost.de\/thema\/Hof\" title=\"Hof\" class=\"art_thema\" rel=\"nofollow noopener\" target=\"_blank\">Hof<\/a>, <a href=\"https:\/\/www.frankenpost.de\/thema\/Kulmbach\" title=\"Kulmbach\" class=\"art_thema\" rel=\"nofollow noopener\" target=\"_blank\">Kulmbach<\/a>, <a href=\"https:\/\/www.frankenpost.de\/thema\/Berg\" title=\"Berg\" class=\"art_thema\" rel=\"nofollow noopener\" target=\"_blank\">Berg<\/a>, <a href=\"https:\/\/www.frankenpost.de\/thema\/Naila\" title=\"Naila\" class=\"art_thema\" rel=\"nofollow noopener\" target=\"_blank\">Naila<\/a>, <a href=\"https:\/\/www.frankenpost.de\/thema\/Selbitz\" title=\"Selbitz\" class=\"art_thema\" rel=\"nofollow noopener\" target=\"_blank\">Selbitz<\/a>, <a href=\"https:\/\/www.frankenpost.de\/thema\/Neudrossenfeld\" title=\"Neudrossenfeld\" class=\"art_thema\" rel=\"nofollow noopener\" target=\"_blank\">Neudrossenfeld<\/a>, <a href=\"https:\/\/www.frankenpost.de\/thema\/Untersteinach\" title=\"Untersteinach\" class=\"art_thema\" rel=\"nofollow noopener\" target=\"_blank\">Untersteinach<\/a>, <a href=\"https:\/\/www.frankenpost.de\/thema\/Kupferberg\" title=\"Kupferberg\" class=\"art_thema\" rel=\"nofollow noopener\" target=\"_blank\">Kupferberg<\/a>, <a href=\"https:\/\/www.frankenpost.de\/thema\/Thiersheim\" title=\"Thiersheim\" class=\"art_thema\" rel=\"nofollow noopener\" target=\"_blank\">Thiersheim<\/a> und <a href=\"https:\/\/www.frankenpost.de\/thema\/Tr%C3%B6stau\" title=\"Tr\u00f6stau\" class=\"art_thema\" rel=\"nofollow noopener\" target=\"_blank\">Tr\u00f6stau<\/a>.<\/p>\n","protected":false},"excerpt":{"rendered":"Kommunalwahl 2026, Kapitel 2: In zehn St\u00e4dten und Kommunen der Frankenpost-Region entschied sich erst am Sonntag, wer k\u00fcnftig&hellip;\n","protected":false},"author":2,"featured_media":888781,"comment_status":"","ping_status":"","sticky":false,"template":"","format":"standard","meta":{"footnotes":"","_share_on_mastodon":"0"},"categories":[2],"tags":[29,30,13,3741,11981,4006,188,14,71532,195504,15,12,71536,45058,195506,10,8,9,11,195505],"class_list":["post-888780","post","type-post","status-publish","format-standard","has-post-thumbnail","category-deutschland","tag-deutschland","tag-germany","tag-headlines","tag-hof","tag-kulmbach","tag-live","tag-liveticker","tag-nachrichten","tag-naila","tag-neudrossenfeld","tag-news","tag-schlagzeilen","tag-selbitz","tag-stichwahl","tag-thiersheim","tag-top-news","tag-top-meldungen","tag-topmeldungen","tag-topnews","tag-troestau"],"share_on_mastodon":{"url":"https:\/\/pubeurope.com\/@de\/116274608689749512","error":""},"_links":{"self":[{"href":"https:\/\/www.europesays.com\/de\/wp-json\/wp\/v2\/posts\/888780","targetHints":{"allow":["GET"]}}],"collection":[{"href":"https:\/\/www.europesays.com\/de\/wp-json\/wp\/v2\/posts"}],"about":[{"href":"https:\/\/www.europesays.com\/de\/wp-json\/wp\/v2\/types\/post"}],"author":[{"embeddable":true,"href":"https:\/\/www.europesays.com\/de\/wp-json\/wp\/v2\/users\/2"}],"replies":[{"embeddable":true,"href":"https:\/\/www.europesays.com\/de\/wp-json\/wp\/v2\/comments?post=888780"}],"version-history":[{"count":0,"href":"https:\/\/www.europesays.com\/de\/wp-json\/wp\/v2\/posts\/888780\/revisions"}],"wp:featuredmedia":[{"embeddable":true,"href":"https:\/\/www.europesays.com\/de\/wp-json\/wp\/v2\/media\/888781"}],"wp:attachment":[{"href":"https:\/\/www.europesays.com\/de\/wp-json\/wp\/v2\/media?parent=888780"}],"wp:term":[{"taxonomy":"category","embeddable":true,"href":"https:\/\/www.europesays.com\/de\/wp-json\/wp\/v2\/categories?post=888780"},{"taxonomy":"post_tag","embeddable":true,"href":"https:\/\/www.europesays.com\/de\/wp-json\/wp\/v2\/tags?post=888780"}],"curies":[{"name":"wp","href":"https:\/\/api.w.org\/{rel}","templated":true}]}}