{"id":888854,"date":"2026-03-22T20:44:29","date_gmt":"2026-03-22T20:44:29","guid":{"rendered":"https:\/\/www.europesays.com\/de\/888854\/"},"modified":"2026-03-22T20:44:29","modified_gmt":"2026-03-22T20:44:29","slug":"museumsnacht-am-20-juni-tickets-ab-15-e","status":"publish","type":"post","link":"https:\/\/www.europesays.com\/de\/888854\/","title":{"rendered":"Museumsnacht am 20. Juni \u2013 Tickets ab 15 \u20ac"},"content":{"rendered":"<p>Wer im Juni nicht vor verschlossenen Museumst\u00fcren stehen will, kann jetzt schon vorsorgen.<\/p>\n<p>Die Museumsnacht Dresden hat ein festes Datum: Sonnabend, 20. Juni 2026. Und sie hat seit dieser Woche auch einen Vorverkauf \u2013 mit Fr\u00fchbucherrabatt, was bedeutet, dass man sich den Abend g\u00fcnstiger sichern kann, solange noch niemand so richtig Notiz davon genommen hat.<\/p>\n<p>Das Angebot ist bekannt und bew\u00e4hrt: Von 18 bis 24 Uhr \u00f6ffnen \u00fcber 40 Museen und Ausstellungsh\u00e4user, darunter Einrichtungen der Stadt und der Staatlichen Kunstsammlungen. Wer will, schaut in Depots, redet mit Museumsdirektorinnen und -direktoren oder sieht sich Performances an, die es so sonst nicht gibt. Das Ticket gilt au\u00dferdem von 14 Uhr bis 4 Uhr nachts als VVO-Fahrkarte \u2013 was insofern praktisch ist, als man nach sechs Stunden Kulturmarathon erfahrungsgem\u00e4\u00df nicht mehr unbedingt Auto fahren m\u00f6chte.<\/p>\n<p>Die Preise: 15 Euro im Vorverkauf, erm\u00e4\u00dfigt 7,50 Euro, Familienticket f\u00fcr zwei Erwachsene und bis zu vier Kinder unter 14 Jahren 30 Euro. Kinder unter sechs Jahren kommen gratis rein. Alles Weitere, auch die Verkaufsstellen, unter <a href=\"https:\/\/museumsnacht.dresden.de\/de\/\" target=\"_blank\" rel=\"nofollow noopener\">museumsnacht.dresden.de<\/a>.<\/p>\n","protected":false},"excerpt":{"rendered":"Wer im Juni nicht vor verschlossenen Museumst\u00fcren stehen will, kann jetzt schon vorsorgen. Die Museumsnacht Dresden hat ein&hellip;\n","protected":false},"author":2,"featured_media":888855,"comment_status":"","ping_status":"","sticky":false,"template":"","format":"standard","meta":{"footnotes":"","_share_on_mastodon":"0"},"categories":[1835],"tags":[3364,29,2386,141343,30,195531,195530,859,33233,62732,1406,5435],"class_list":["post-888854","post","type-post","status-publish","format-standard","has-post-thumbnail","category-dresden","tag-de","tag-deutschland","tag-dresden","tag-dresden-news","tag-germany","tag-museen-dresden","tag-museumsnacht-dresden","tag-sachsen","tag-skd","tag-staatliche-kunstsammlungen","tag-tickets","tag-vorverkauf"],"share_on_mastodon":{"url":"https:\/\/pubeurope.com\/@de\/116274781626252760","error":""},"_links":{"self":[{"href":"https:\/\/www.europesays.com\/de\/wp-json\/wp\/v2\/posts\/888854","targetHints":{"allow":["GET"]}}],"collection":[{"href":"https:\/\/www.europesays.com\/de\/wp-json\/wp\/v2\/posts"}],"about":[{"href":"https:\/\/www.europesays.com\/de\/wp-json\/wp\/v2\/types\/post"}],"author":[{"embeddable":true,"href":"https:\/\/www.europesays.com\/de\/wp-json\/wp\/v2\/users\/2"}],"replies":[{"embeddable":true,"href":"https:\/\/www.europesays.com\/de\/wp-json\/wp\/v2\/comments?post=888854"}],"version-history":[{"count":0,"href":"https:\/\/www.europesays.com\/de\/wp-json\/wp\/v2\/posts\/888854\/revisions"}],"wp:featuredmedia":[{"embeddable":true,"href":"https:\/\/www.europesays.com\/de\/wp-json\/wp\/v2\/media\/888855"}],"wp:attachment":[{"href":"https:\/\/www.europesays.com\/de\/wp-json\/wp\/v2\/media?parent=888854"}],"wp:term":[{"taxonomy":"category","embeddable":true,"href":"https:\/\/www.europesays.com\/de\/wp-json\/wp\/v2\/categories?post=888854"},{"taxonomy":"post_tag","embeddable":true,"href":"https:\/\/www.europesays.com\/de\/wp-json\/wp\/v2\/tags?post=888854"}],"curies":[{"name":"wp","href":"https:\/\/api.w.org\/{rel}","templated":true}]}}