{"id":889306,"date":"2026-03-23T01:02:15","date_gmt":"2026-03-23T01:02:15","guid":{"rendered":"https:\/\/www.europesays.com\/de\/889306\/"},"modified":"2026-03-23T01:02:15","modified_gmt":"2026-03-23T01:02:15","slug":"hoechste-auszeichnung-der-evangelischen-landeskirche-fuer-gisela-keller-ueber-die-alb-reutlinger-general-anzeiger","status":"publish","type":"post","link":"https:\/\/www.europesays.com\/de\/889306\/","title":{"rendered":"H\u00f6chste Auszeichnung der evangelischen Landeskirche f\u00fcr Gisela Keller &#8211; \u00dcber die Alb &#8211; Reutlinger General-Anzeiger"},"content":{"rendered":"<p><a class=\"fancybox nfy-show-guest-info\" title=\"Bild vergr\u00f6\u00dfern\" href=\"https:\/\/www.gea.de\/cms_media\/module_img\/83013\/41506714_1_lightbox_Ehrenamt.jpg\" rel=\"nofollow noopener\" target=\"_blank\"><\/a><img loading=\"lazy\" decoding=\"async\" alt=\"Gisela Keller erhielt mit der silbernen Brenz-Medaille die h\u00f6chste Auszeichnung der evangelischen Landeskirche f\u00fcr ihr Engagemen\" data-nfy-img-placeholder=\"detail\" src=\"https:\/\/www.europesays.com\/de\/wp-content\/uploads\/2026\/03\/41506714_1_detail_Ehrenamt.jpg\" title=\"Ehrenamt\" width=\"670\" height=\"374\"\/>Gisela Keller erhielt mit der silbernen Brenz-Medaille die h\u00f6chste Auszeichnung der evangelischen Landeskirche f\u00fcr ihr Engagement in der Kenia-Hilfe. Von links: Dekan Norbert Braun, Gisela Keller, Landesbischof Ernst-Wilhelm Gohl, Dekan Michael Karwounopoulos. Foto: Maria Bloching <\/p>\n<p>Gisela Keller erhielt mit der silbernen Brenz-Medaille die h\u00f6chste Auszeichnung der evangelischen Landeskirche f\u00fcr ihr Engagement in der Kenia-Hilfe. Von links: Dekan Norbert Braun, Gisela Keller, Landesbischof Ernst-Wilhelm Gohl, Dekan Michael Karwounopoulos.<\/p>\n<p>Foto: Maria Bloching<\/p>\n<p><a href=\"#null\" class=\"nfy-caption-info-button\" onclick=\"toggleFancyInfo(this);return false;\"><\/a><\/p>\n<p class=\"nfy-text-wrapper-blur\" aria-label=\"Unkenntlich gemachter Text\" role=\"paragraph\">Lorem ipsum dolor sit amet, consetetur sadipscing elitr, sed diam nonumy eirmod tempor invidunt ut labore et dolore magna aliquyam erat, sed diam voluptua. At vero eos et accusam et justo duo dolores et ea rebum.<\/p>\n","protected":false},"excerpt":{"rendered":"Gisela Keller erhielt mit der silbernen Brenz-Medaille die h\u00f6chste Auszeichnung der evangelischen Landeskirche f\u00fcr ihr Engagement in der&hellip;\n","protected":false},"author":2,"featured_media":889307,"comment_status":"","ping_status":"","sticky":false,"template":"","format":"standard","meta":{"footnotes":"","_share_on_mastodon":"0"},"categories":[1830],"tags":[1634,3364,29,30,50674,1441],"class_list":["post-889306","post","type-post","status-publish","format-standard","has-post-thumbnail","category-stuttgart","tag-baden-wuerttemberg","tag-de","tag-deutschland","tag-germany","tag-muensingen","tag-stuttgart"],"share_on_mastodon":{"url":"https:\/\/pubeurope.com\/@de\/116275796475653949","error":""},"_links":{"self":[{"href":"https:\/\/www.europesays.com\/de\/wp-json\/wp\/v2\/posts\/889306","targetHints":{"allow":["GET"]}}],"collection":[{"href":"https:\/\/www.europesays.com\/de\/wp-json\/wp\/v2\/posts"}],"about":[{"href":"https:\/\/www.europesays.com\/de\/wp-json\/wp\/v2\/types\/post"}],"author":[{"embeddable":true,"href":"https:\/\/www.europesays.com\/de\/wp-json\/wp\/v2\/users\/2"}],"replies":[{"embeddable":true,"href":"https:\/\/www.europesays.com\/de\/wp-json\/wp\/v2\/comments?post=889306"}],"version-history":[{"count":0,"href":"https:\/\/www.europesays.com\/de\/wp-json\/wp\/v2\/posts\/889306\/revisions"}],"wp:featuredmedia":[{"embeddable":true,"href":"https:\/\/www.europesays.com\/de\/wp-json\/wp\/v2\/media\/889307"}],"wp:attachment":[{"href":"https:\/\/www.europesays.com\/de\/wp-json\/wp\/v2\/media?parent=889306"}],"wp:term":[{"taxonomy":"category","embeddable":true,"href":"https:\/\/www.europesays.com\/de\/wp-json\/wp\/v2\/categories?post=889306"},{"taxonomy":"post_tag","embeddable":true,"href":"https:\/\/www.europesays.com\/de\/wp-json\/wp\/v2\/tags?post=889306"}],"curies":[{"name":"wp","href":"https:\/\/api.w.org\/{rel}","templated":true}]}}