{"id":889758,"date":"2026-03-23T05:31:16","date_gmt":"2026-03-23T05:31:16","guid":{"rendered":"https:\/\/www.europesays.com\/de\/889758\/"},"modified":"2026-03-23T05:31:16","modified_gmt":"2026-03-23T05:31:16","slug":"micky-beisenherz-im-wdr-koelner-treff-moderator-bereut-abend","status":"publish","type":"post","link":"https:\/\/www.europesays.com\/de\/889758\/","title":{"rendered":"Micky Beisenherz im WDR: &#8222;K\u00f6lner Treff&#8220;-Moderator bereut Abend"},"content":{"rendered":"<p>Collien Fernandes <\/p>\n<p>Im &#8222;K\u00f6lner Treff&#8220;: Moderator bereut Verlauf des Abends<\/p>\n<p>Aktualisiert am 23.03.2026 &#8211; 05:42 UhrLesedauer: 2 Min.<\/p>\n<p><a href=\"#focus-0\" class=\"transition-colors duration-200 block text-current relative\" data-sctrack=\"FocusGalleryImage.Reference\"><img fetchpriority=\"high\" data-testid=\"Opener.Image\" style=\"--lqipURL:url('https:\/\/images.t-online.de\/2026\/03\/vgnib5IQWTKl\/646x339:3134x1763\/fit-in\/150x0\/filters:blur(25)\/collien-fernandes-waehrend-der-dreharbeiten-zum-koelner-treff-archivfoto-im-nachhinein-blickt-wdr-moderator-micky-beisenherz-anders-auf-den-abend.jpg')\"   loading=\"eager\" src=\"https:\/\/www.europesays.com\/de\/wp-content\/uploads\/2026\/03\/collien-fernandes-waehrend-der-dreharbeiten-zum-koelner-treff-archivfoto-im-nachhinein-blickt-wdr-mo.jpeg\" alt=\"Collien Fernandes w\u00e4hrend der Dreharbeiten zum &quot;K\u00f6lner Treff&quot; (Archivfoto): Im Nachhinein blickt WDR-Moderator Micky Beisenherz anders auf den Abend.\" title=\"Collien Fernandes w\u00e4hrend der Dreharbeiten zum &quot;K\u00f6lner Treff&quot; (Archivfoto): Im Nachhinein blickt WDR-Moderator Micky Beisenherz anders auf den Abend.\" width=\"3134\" height=\"1763\" class=\"bg-[url:var(--lqipURL)] bg-cover bg-center flex h-full w-full max-w-full\" decoding=\"async\"\/><img style=\"--width:32;--height:32\" loading=\"lazy\" src=\"https:\/\/koeln.t-online.de\/s\/paper\/_next\/static\/media\/zoom-in.f7dae02f.svg\" alt=\"Vergr\u00f6\u00dfern des Bildes\" title=\"Vergr\u00f6\u00dfern des Bildes\" class=\"block h-[calc(var(--height)_\/_16_*_1rem)] w-[calc(var(--width)_\/_16_*_1rem)] max-w-none absolute bottom-8 right-8 rounded-4 bg-snow p-8\" decoding=\"async\"\/><\/a><\/p>\n<p>Collien Fernandes w\u00e4hrend der Dreharbeiten zum &#8222;K\u00f6lner Treff&#8220; (Archivfoto): Im Nachhinein blickt WDR-Moderator Micky Beisenherz anders auf den Abend. (Quelle: Klaus W. Schmidt\/imago-images-bilder)<\/p>\n<p class=\"font-bold text-18 leading-17 user-text-lg:text-22 user-text-xl:text-24\">Der Auftritt von Collien Fernandes im &#8222;K\u00f6lner Treff&#8220; erscheint nun in einem anderen Licht. Nun \u00e4u\u00dfert sich WDR-Moderator Micky Beisenherz selbstkritisch.<\/p>\n<p class=\"text-18 leading-17 user-text-lg:text-22 user-text-xl:text-24\">Die Schauspielerin hatte in dem WDR-Talkformat bereits in der vergangenen Woche, also noch vor der am Donnerstag aufkommenden Berichterstattung, angedeutet, die Person hinter dem Identit\u00e4tsdiebstahl sei ihr &#8222;bekannt und nahestehend&#8220; \u2013 einen Namen nannte sie in der WDR-Sendung jedoch nicht.<\/p>\n<p class=\"text-18 leading-17 user-text-lg:text-22 user-text-xl:text-24\">Als Mitgast Rebecca Mir dabei direkt nachfragte, ob sie inzwischen wisse, wer dahinterstecke, wurde es still. Fernandes z\u00f6gerte lange, nickte dann. Ob sie rechtlich vorgegangen sei? &#8222;Ist schwieriges Thema gerade&#8220;, sagte sie nur. Am Donnerstag wurde schlie\u00dflich bekannt: Sie verd\u00e4chtigt ihren Ex-Mann Christian Ulmen.<\/p>\n<p class=\"text-18 leading-17 user-text-lg:text-22 user-text-xl:text-24\">Am Freitag blickte Moderator Micky Beisenherz nun in seinem t\u00e4glichen Podcast &#8222;Apokalypse und Filterkaffee&#8220; auf diesen Abend zur\u00fcck \u2013 und rechnet dabei auch mit sich selbst ab. &#8222;Wieder mal bin ich schuld&#8220;, sagt er selbstkritisch.<\/p>\n<p class=\"text-18 leading-17 user-text-lg:text-22 user-text-xl:text-24\">Er habe sich von der Redaktion &#8222;v\u00f6llig zu Recht vorwerfen lassen&#8220; m\u00fcssen, sich aus pers\u00f6nlichem Interesse zu lange beim Thema &#8222;Traumschiff&#8220; aufgehalten zu haben. Das Thema Deepfake, das ausdr\u00fccklich ein Grund f\u00fcr Fernandes&#8216; Einladung gewesen sei, sei dadurch &#8222;ein bisschen zu kurz&#8220; gekommen.<\/p>\n<p class=\"text-18 leading-17 user-text-lg:text-22 user-text-xl:text-24\">An jenem Freitagabend im Studio habe er noch geglaubt, es k\u00f6nnte sich um &#8222;einen engen Freund, einen Kollegen oder so&#8220; handeln. Die wahre Dimension des Geschehens sei ihm da noch nicht bewusst gewesen \u2013 das r\u00e4umte er nun offen ein. Er w\u00fcnschte &#8222;allen Beteiligten irgendeine Form von Heilung, sofern das m\u00f6glich ist.&#8220;<\/p>\n","protected":false},"excerpt":{"rendered":"Collien Fernandes Im &#8222;K\u00f6lner Treff&#8220;: Moderator bereut Verlauf des Abends Aktualisiert am 23.03.2026 &#8211; 05:42 UhrLesedauer: 2 Min.&hellip;\n","protected":false},"author":2,"featured_media":889759,"comment_status":"","ping_status":"","sticky":false,"template":"","format":"standard","meta":{"footnotes":"","_share_on_mastodon":"0"},"categories":[1776],"tags":[195672,1801,195121,107877,107876,29,214,30,88833,1420,40226,136884,1802,76697,11969,215,49628,225],"class_list":["post-889758","post","type-post","status-publish","format-standard","has-post-thumbnail","category-prominente","tag-195672","tag-celebrities","tag-christian-ulm","tag-christian-ulmen","tag-collien-fernandes","tag-deutschland","tag-entertainment","tag-germany","tag-joko-winterscheidt","tag-koeln","tag-koelner-treff","tag-micky-beisenherz","tag-prominente","tag-rebecca-mir","tag-sarah-engels","tag-unterhaltung","tag-verlauf","tag-wdr"],"share_on_mastodon":{"url":"https:\/\/pubeurope.com\/@de\/116276853912286754","error":""},"_links":{"self":[{"href":"https:\/\/www.europesays.com\/de\/wp-json\/wp\/v2\/posts\/889758","targetHints":{"allow":["GET"]}}],"collection":[{"href":"https:\/\/www.europesays.com\/de\/wp-json\/wp\/v2\/posts"}],"about":[{"href":"https:\/\/www.europesays.com\/de\/wp-json\/wp\/v2\/types\/post"}],"author":[{"embeddable":true,"href":"https:\/\/www.europesays.com\/de\/wp-json\/wp\/v2\/users\/2"}],"replies":[{"embeddable":true,"href":"https:\/\/www.europesays.com\/de\/wp-json\/wp\/v2\/comments?post=889758"}],"version-history":[{"count":0,"href":"https:\/\/www.europesays.com\/de\/wp-json\/wp\/v2\/posts\/889758\/revisions"}],"wp:featuredmedia":[{"embeddable":true,"href":"https:\/\/www.europesays.com\/de\/wp-json\/wp\/v2\/media\/889759"}],"wp:attachment":[{"href":"https:\/\/www.europesays.com\/de\/wp-json\/wp\/v2\/media?parent=889758"}],"wp:term":[{"taxonomy":"category","embeddable":true,"href":"https:\/\/www.europesays.com\/de\/wp-json\/wp\/v2\/categories?post=889758"},{"taxonomy":"post_tag","embeddable":true,"href":"https:\/\/www.europesays.com\/de\/wp-json\/wp\/v2\/tags?post=889758"}],"curies":[{"name":"wp","href":"https:\/\/api.w.org\/{rel}","templated":true}]}}