{"id":889995,"date":"2026-03-23T07:56:13","date_gmt":"2026-03-23T07:56:13","guid":{"rendered":"https:\/\/www.europesays.com\/de\/889995\/"},"modified":"2026-03-23T07:56:13","modified_gmt":"2026-03-23T07:56:13","slug":"borussia-dortmund-kabinen-rede-von-julian-brandt-in-unterhose-aufgetaucht-sport","status":"publish","type":"post","link":"https:\/\/www.europesays.com\/de\/889995\/","title":{"rendered":"Borussia Dortmund: Kabinen-Rede von Julian Brandt in Unterhose aufgetaucht | Sport"},"content":{"rendered":"<p><a class=\"skip-content skip-content--link\" href=\"#in-content-skip-link-target-v-0-0\">TTS-Player \u00fcberspringen\u21b5<\/a><a id=\"in-content-skip-link-target-v-0-0\" class=\"skip-content--target-link-hidden skip-content skip-content--target-link\" href=\"#in-content-skip-link-target-v-0-0\">Artikel weiterlesen<\/a><\/p>\n<p><b>Nach dem wilden 3:2 gegen den HSV am Samstag wurde es in der Kabine von Borussia Dortmund emotional.<\/b><\/p>\n<p>Im Mittelpunkt: Julian Brandt (29). Der Offensiv-Star absolvierte sein 300. Pflichtspiel f\u00fcr den BVB, wurde danach von seinen Teamkollegen gefeiert und hielt eine bewegende Ansprache. Auff\u00e4llig: Brandt stand untenrum nur in Unterhose vor der Mannschaft.<\/p>\n<p>Kabinen-Rede von Brandt in Unterhose aufgetaucht<\/p>\n<p>Die Szene w\u00e4re wohl intern geblieben \u2013 wenn Serhou Guirassy (29) sie nicht auf Snapchat geteilt h\u00e4tte. Auf dem Video ist zu sehen, wie sich die BVB-Profis in der Kabine um Brandt versammeln und ihm zuh\u00f6ren. Er blickt auf seine Jahre in Dortmund zur\u00fcck und wird dabei richtig emotional.<\/p>\n<p>Brandt sagt: \u201eIch bin fast sieben Jahren hier. Ich habe hier vieles erlebt. Eins hat sich aber durch die Jahre durchgezogen. Ich hatte seit 2019 immer gute Jungs bei mir in der Mannschaft. Ich hatte Jungs, auf die ich mich verlassen kann.\u201c Starke Worte eines Spielers, dessen gro\u00dfes Dortmund-Kapitel im Sommer endet!<\/p>\n<p>Der gro\u00dfe Knall bei BVB: Was man \u00fcber Kehl und Ricken h\u00f6rt<a class=\"anchor video-teaser__anchor\" href=\"https:\/\/www.bild.de\/sport\/fussball\/der-grosse-knall-bei-bvb-was-man-ueber-kehl-und-ricken-hoert-69c01b408f5761671715b9ca\" rel=\"nofollow noopener\" target=\"_blank\"><img decoding=\"async\" width=\"992\" height=\"558\" alt=\"\" src=\"https:\/\/www.europesays.com\/de\/wp-content\/uploads\/2026\/03\/9f0e926af950b0b1aa349897c6906716-landscape,48b2f7c8.jpeg\"   class=\"landscape teaser__image\" loading=\"lazy\"\/><\/a><\/p>\n<p>Quelle: BILD22.03.2026<\/p>\n<p>Denn fest steht: Brandt wird den BVB nach sieben Jahren verlassen. Sein auslaufender Vertrag wird nicht verl\u00e4ngert. 2019 war er von Bayer Leverkusen nach Dortmund gewechselt, 2023 hatte er noch einmal verl\u00e4ngert \u2013 nun ist im Sommer Schluss.<\/p>\n<p>Dabei hatte sein Jubil\u00e4ums-Spiel gegen Hamburg sportlich einen bitteren Beigeschmack. Brandt kam erst in der Nachspielzeit auf den Platz, durfte nur wenige Sekunden mitwirken. Eigentlich war ein l\u00e4ngerer Einsatz geplant. Trainer Niko Kova\u010d (54) erkl\u00e4rte nach der Partie, dass er Brandt fr\u00fcher bringen wollte, dann aber die Dynamik des Spiels nicht mehr st\u00f6ren wollte. Der Coach zeigte sich danach sogar pers\u00f6nlich betroffen und bedauerte den sp\u00e4ten Kurzeinsatz. Kova\u010d: \u201eEs tut mir leid&#8230;\u201c<\/p>\n<p>Trotzdem blieb am Ende kein Frust, sondern vor allem viel Gef\u00fchl. 300 Pflichtspiele, 56 Tore, 69 Vorlagen, dazu der DFB-Pokal-Sieg 2021 und das Champions-League-Finale 2024 \u2013 Brandt hat beim BVB Spuren hinterlassen.<\/p>\n","protected":false},"excerpt":{"rendered":"TTS-Player \u00fcberspringen\u21b5Artikel weiterlesen Nach dem wilden 3:2 gegen den HSV am Samstag wurde es in der Kabine von&hellip;\n","protected":false},"author":2,"featured_media":889996,"comment_status":"","ping_status":"","sticky":false,"template":"","format":"standard","meta":{"footnotes":"","_share_on_mastodon":"0"},"categories":[1833],"tags":[888,38788,3364,29,217,538,30,5131,1209,803,819,45],"class_list":["post-889995","post","type-post","status-publish","format-standard","has-post-thumbnail","category-dortmund","tag-borussia-dortmund","tag-brandt-julian","tag-de","tag-deutschland","tag-dortmund","tag-erste-bundesliga","tag-germany","tag-kovac-niko","tag-nordrhein-westfalen","tag-spielertransfer","tag-sport-leuchtturm-essen","tag-texttospeech"],"share_on_mastodon":{"url":"https:\/\/pubeurope.com\/@de\/116277424192790218","error":""},"_links":{"self":[{"href":"https:\/\/www.europesays.com\/de\/wp-json\/wp\/v2\/posts\/889995","targetHints":{"allow":["GET"]}}],"collection":[{"href":"https:\/\/www.europesays.com\/de\/wp-json\/wp\/v2\/posts"}],"about":[{"href":"https:\/\/www.europesays.com\/de\/wp-json\/wp\/v2\/types\/post"}],"author":[{"embeddable":true,"href":"https:\/\/www.europesays.com\/de\/wp-json\/wp\/v2\/users\/2"}],"replies":[{"embeddable":true,"href":"https:\/\/www.europesays.com\/de\/wp-json\/wp\/v2\/comments?post=889995"}],"version-history":[{"count":0,"href":"https:\/\/www.europesays.com\/de\/wp-json\/wp\/v2\/posts\/889995\/revisions"}],"wp:featuredmedia":[{"embeddable":true,"href":"https:\/\/www.europesays.com\/de\/wp-json\/wp\/v2\/media\/889996"}],"wp:attachment":[{"href":"https:\/\/www.europesays.com\/de\/wp-json\/wp\/v2\/media?parent=889995"}],"wp:term":[{"taxonomy":"category","embeddable":true,"href":"https:\/\/www.europesays.com\/de\/wp-json\/wp\/v2\/categories?post=889995"},{"taxonomy":"post_tag","embeddable":true,"href":"https:\/\/www.europesays.com\/de\/wp-json\/wp\/v2\/tags?post=889995"}],"curies":[{"name":"wp","href":"https:\/\/api.w.org\/{rel}","templated":true}]}}