{"id":890019,"date":"2026-03-23T08:09:14","date_gmt":"2026-03-23T08:09:14","guid":{"rendered":"https:\/\/www.europesays.com\/de\/890019\/"},"modified":"2026-03-23T08:09:14","modified_gmt":"2026-03-23T08:09:14","slug":"alice-merton-live-in-hamburg-2026","status":"publish","type":"post","link":"https:\/\/www.europesays.com\/de\/890019\/","title":{"rendered":"Alice Merton live in Hamburg 2026"},"content":{"rendered":"<p><strong>Alice Merton f\u00fcllte die Hamburger Fabrik auf ihrer \u201eVisions\u201c-Tour<\/strong><\/p>\n<p>Text und Fotos von Lena F\u00f6st<\/p>\n<p>Die 33-J\u00e4hrige, in Frankfurt geborene und in Kanada aufgewachsene Alice Merton spielte am 22.03.2026 in der ausverkauften <a href=\"https:\/\/fabrik.de\/\" rel=\"nofollow noopener\" target=\"_blank\">Fabrik<\/a> in Hamburg und hat ihren letzten deutschen Stopp auf ihrer Tour zum aktuellen Album \u201eVisions\u201c sichtlich genossen.<\/p>\n<p>Lias als Support <\/p>\n<p>Als Support durfte <a href=\"https:\/\/thisislias.com\/\" target=\"_blank\" rel=\"noreferrer noopener nofollow\">Lias<\/a> den Abend er\u00f6ffnen und<\/p>\n<p>schaffte es ziemlich schnell, alle mitzunehmen. Leider war es f\u00fcr den deutschen K\u00fcnstler die letzte Support-Show von Alice Merton, doch er k\u00fcndigte freudig sein bald kommendes Deb\u00fctalbum an. Nat\u00fcrlich durften wir schon einige neue Songs vom Album als Kostprobe h\u00f6ren.<\/p>\n<p>Weiter geht\u2019s mit Alice Merton<\/p>\n<p>Mit den ersten T\u00f6nen wird es sofort laut im Raum und das bleibt auch so. Alice Merton startet zun\u00e4chst etwas ruhiger am Klavier, zieht aber trotzdem direkt alle in ihren Bann. Kaum ist der erste Song vorbei, wechselt sie zum Bass, ab da gibt es mehr Energie und mehr Bewegung. Schon bei den ersten Songs klatschen alle mit. In den ersten Reihen gibt es diverse Fans, die jedes Wort von Alice Mertons Liedern mitsingen k\u00f6nnen und mit voller Energie dabei sind.\u00a0Diese Begeisterung \u00fcbertr\u00e4gt sich sofort auf den ganzen Raum.<\/p>\n<p>Merton selbst wirkt dabei total pr\u00e4sent, geht in den Songs auf und spielt mit der Energie des Publikums. Zwischen ruhigen Momenten und energievollen P\u2026<\/p>\n","protected":false},"excerpt":{"rendered":"Alice Merton f\u00fcllte die Hamburger Fabrik auf ihrer \u201eVisions\u201c-Tour Text und Fotos von Lena F\u00f6st Die 33-J\u00e4hrige, in&hellip;\n","protected":false},"author":2,"featured_media":890020,"comment_status":"","ping_status":"","sticky":false,"template":"","format":"standard","meta":{"footnotes":"","_share_on_mastodon":"0"},"categories":[1826],"tags":[29,14507,30,692,130825,195752,17002],"class_list":["post-890019","post","type-post","status-publish","format-standard","has-post-thumbnail","category-hamburg","tag-deutschland","tag-fabrik","tag-germany","tag-hamburg","tag-konzertreview","tag-no-roots","tag-rock-pop"],"share_on_mastodon":{"url":"https:\/\/pubeurope.com\/@de\/116277475160383636","error":""},"_links":{"self":[{"href":"https:\/\/www.europesays.com\/de\/wp-json\/wp\/v2\/posts\/890019","targetHints":{"allow":["GET"]}}],"collection":[{"href":"https:\/\/www.europesays.com\/de\/wp-json\/wp\/v2\/posts"}],"about":[{"href":"https:\/\/www.europesays.com\/de\/wp-json\/wp\/v2\/types\/post"}],"author":[{"embeddable":true,"href":"https:\/\/www.europesays.com\/de\/wp-json\/wp\/v2\/users\/2"}],"replies":[{"embeddable":true,"href":"https:\/\/www.europesays.com\/de\/wp-json\/wp\/v2\/comments?post=890019"}],"version-history":[{"count":0,"href":"https:\/\/www.europesays.com\/de\/wp-json\/wp\/v2\/posts\/890019\/revisions"}],"wp:featuredmedia":[{"embeddable":true,"href":"https:\/\/www.europesays.com\/de\/wp-json\/wp\/v2\/media\/890020"}],"wp:attachment":[{"href":"https:\/\/www.europesays.com\/de\/wp-json\/wp\/v2\/media?parent=890019"}],"wp:term":[{"taxonomy":"category","embeddable":true,"href":"https:\/\/www.europesays.com\/de\/wp-json\/wp\/v2\/categories?post=890019"},{"taxonomy":"post_tag","embeddable":true,"href":"https:\/\/www.europesays.com\/de\/wp-json\/wp\/v2\/tags?post=890019"}],"curies":[{"name":"wp","href":"https:\/\/api.w.org\/{rel}","templated":true}]}}