{"id":890068,"date":"2026-03-23T08:36:18","date_gmt":"2026-03-23T08:36:18","guid":{"rendered":"https:\/\/www.europesays.com\/de\/890068\/"},"modified":"2026-03-23T08:36:18","modified_gmt":"2026-03-23T08:36:18","slug":"moenchengladbach-wolfgang-speen","status":"publish","type":"post","link":"https:\/\/www.europesays.com\/de\/890068\/","title":{"rendered":"M\u00f6nchengladbach: Wolfgang Speen"},"content":{"rendered":"<p class=\"text_ohne_einzug richtext text-em-55 !leading-serif mx-6 desktop:mx-0\"> Bet\u00f6rendes Ultraminblau, strahlendes Gelb, brodelnde Rotnuancen \u2013 pastos, zuweilen furchenreich, immer im Wettstreit mit aus Bildtiefen blitzenden T\u00f6nen \u2013 pr\u00e4gen vordergr\u00fcndig Wolfgang Speens Malerei. Die Energie der fast reliefartig anmutenden Arbeiten bestimmt noch bis zum 12. April wirkm\u00e4chtig den Ausstellungsraum in der Kostenpflichtiger Inhalt <a href=\"https:\/\/rp-online.de\/nrw\/staedte\/moenchengladbach\/moenchengladbach-andreas-blum-stellt-im-ea-71-aus_aid-142268249\" rel=\"nofollow noopener\" target=\"_blank\">Galerie des Atelierhauses E71<\/a>. Charakteristisch f\u00fcr Speens Bildsprache ist ebenso eine raumgreifende Dynamik. Der fordernde Charakter gilt f\u00fcr die gro\u00dfen Leinw\u00e4nde wie auch f\u00fcr einige Kleinformate auf Papier, B\u00fctten, Pappe und Japanpapier.<\/p>\n<p class=\"richtext text-em-55 !leading-serif mx-6 desktop:mx-0\">\u201eAlchemie der Farben\u201c ist die Ausstellung betitelt. Der K\u00fcnstler stellt die Farben in der Regel nach altmeisterlichen Techniken selbst her, verwendet aber auch bildfremde Materialien wie Asphaltlack, Stein- und Marmormehl, Harze, Kreide, Eisensp\u00e4ne und Asche. Pastose Farbspuren treffen auf \u00d6l-Harz-Pigmentschichten in Lasurtechnik. Der Stabilit\u00e4t wegen w\u00e4hlt Speen doppelte Keilw\u00e4nde. Stehengelassene Farbverl\u00e4ufe an den breiten R\u00e4ndern lassen die Dichte der Schichten ahnen, in die auch Sande und Erden aus der ganzen Welt eingearbeitet sind. \u201eEs geht mir um das Bild hinter dem Bild\u201c, sagt der K\u00fcnstler zur prozessual angelegten Entstehung der Werke.<\/p>\n<p class=\"richtext text-em-55 !leading-serif mx-6 desktop:mx-0\">Er arbeitet mit Spachtel und Rakeln, auch mit den H\u00e4nden. Er g\u00f6nnt sich mit Techniken, wie Farbsch\u00fcttungen, Tr\u00f6pfeln, Ziehen, Abkratzen, maschinellem Schleifen von Farbe, weitere spontane Handlungsm\u00f6glichkeiten. Speen versteht seine gestische Malerei als Dialektik von Zerst\u00f6rung und Aufbau. An einer Seite sind einige kleinformatige Werke dicht geh\u00e4ngt. Der M\u00f6nchengladbacher bezeichnet diese Bilder als seine \u201eKammerst\u00fccke\u201c.<\/p>\n<p class=\"richtext text-em-55 !leading-serif mx-6 desktop:mx-0\">Er empfinde sie ebenso herausfordernd wie die gro\u00dfen Arbeiten, da auch die kleinen ihren Raum zur Entfaltung br\u00e4uchten. Der K\u00fcnstler beschreibt sich als Naturmensch, der sich von W\u00e4ldern, Geysiren und Wolkenformationen beeinflussen lasse. \u201eIch sauge die Natur auf, und w\u00e4hrend des Malens kommt das alles raus\u201c, sagt er. Por\u00f6s pulsierende Rotabstufungen einer Arbeit mit wenigen helleren und aufgeplatzten Partien assoziieren etwa ein Brodeln und Brennen.<br \/>Bildtitel, wie \u201eGenos\u201c, \u201eAssul\u201c, Salum\u201c, wirken assoziativ, geheimnisvoll. Speen, der Kunst und Germanistik studierte, erkl\u00e4rt sie als Kombinationen von Klanglauten, die gr\u00f6\u00dftm\u00f6glichen Spielraum f\u00fcr Gedankenspiele lassen. In den Fantasienamen als \u201eSteigb\u00fcgel\u201c f\u00fcr den Bildeinstieg sowie in mitunter angedeuteten Schriftz\u00fcgen erkennt Kunsthistorikerin Sigrid Blomen-Radermacher, auch Autorin unsrer Redaktion, eine f\u00fcr Speen charakteristische Verkn\u00fcpfung von Sprachbild und Bildsprache. Zur sehr gut besuchten <a href=\"https:\/\/rp-online.de\/thema\/vernissage\/\" rel=\"nofollow noopener\" target=\"_blank\">Vernissage<\/a> forderte sie auf, einzutauchen in die Farben und Materialit\u00e4t seiner Bilder.<\/p>\n<p class=\"italic richtext text-em-55 !leading-serif mx-6 desktop:mx-0\">\u00d6ffnungszeiten: Sa und So, 12 bis 16 Uhr und nach Vereinbarung.<\/p>\n","protected":false},"excerpt":{"rendered":"Bet\u00f6rendes Ultraminblau, strahlendes Gelb, brodelnde Rotnuancen \u2013 pastos, zuweilen furchenreich, immer im Wettstreit mit aus Bildtiefen blitzenden T\u00f6nen&hellip;\n","protected":false},"author":2,"featured_media":890069,"comment_status":"","ping_status":"","sticky":false,"template":"","format":"standard","meta":{"footnotes":"","_share_on_mastodon":"0"},"categories":[1849],"tags":[195768,3364,29,61484,548,663,3934,18562,30,13,3910,2705,4455,14,15,1209,12,195767,195766,155288,27898],"class_list":["post-890068","post","type-post","status-publish","format-standard","has-post-thumbnail","category-moenchengladbach","tag-bildsprache","tag-de","tag-deutschland","tag-e71","tag-eu","tag-europa","tag-europe","tag-farbe","tag-germany","tag-headlines","tag-kuenstler","tag-malerei","tag-moenchengladbach","tag-nachrichten","tag-news","tag-nordrhein-westfalen","tag-schlagzeilen","tag-speen","tag-speens","tag-techniken","tag-werke"],"share_on_mastodon":{"url":"https:\/\/pubeurope.com\/@de\/116277581417873529","error":""},"_links":{"self":[{"href":"https:\/\/www.europesays.com\/de\/wp-json\/wp\/v2\/posts\/890068","targetHints":{"allow":["GET"]}}],"collection":[{"href":"https:\/\/www.europesays.com\/de\/wp-json\/wp\/v2\/posts"}],"about":[{"href":"https:\/\/www.europesays.com\/de\/wp-json\/wp\/v2\/types\/post"}],"author":[{"embeddable":true,"href":"https:\/\/www.europesays.com\/de\/wp-json\/wp\/v2\/users\/2"}],"replies":[{"embeddable":true,"href":"https:\/\/www.europesays.com\/de\/wp-json\/wp\/v2\/comments?post=890068"}],"version-history":[{"count":0,"href":"https:\/\/www.europesays.com\/de\/wp-json\/wp\/v2\/posts\/890068\/revisions"}],"wp:featuredmedia":[{"embeddable":true,"href":"https:\/\/www.europesays.com\/de\/wp-json\/wp\/v2\/media\/890069"}],"wp:attachment":[{"href":"https:\/\/www.europesays.com\/de\/wp-json\/wp\/v2\/media?parent=890068"}],"wp:term":[{"taxonomy":"category","embeddable":true,"href":"https:\/\/www.europesays.com\/de\/wp-json\/wp\/v2\/categories?post=890068"},{"taxonomy":"post_tag","embeddable":true,"href":"https:\/\/www.europesays.com\/de\/wp-json\/wp\/v2\/tags?post=890068"}],"curies":[{"name":"wp","href":"https:\/\/api.w.org\/{rel}","templated":true}]}}