{"id":890268,"date":"2026-03-23T10:27:16","date_gmt":"2026-03-23T10:27:16","guid":{"rendered":"https:\/\/www.europesays.com\/de\/890268\/"},"modified":"2026-03-23T10:27:16","modified_gmt":"2026-03-23T10:27:16","slug":"78-jaehriger-schlaegt-frau-am-bahnhof","status":"publish","type":"post","link":"https:\/\/www.europesays.com\/de\/890268\/","title":{"rendered":"78-J\u00e4hriger schl\u00e4gt Frau am Bahnhof"},"content":{"rendered":"<p>    <a href=\"https:\/\/www.idowa.de\/storage\/image\/3\/6\/9\/9\/959963_fancybox_1FMhfl_osfsCN.webp\" data-fcms-id=\"959963\" data-fcms-treeid=\"64831\" class=\"openExtThumb-959963\" data-caption=\"&lt;p&gt;Daniel Karmann\/dpa&lt;\/p&gt;&lt;p&gt;Der Vorfall ereignete sich im N\u00fcrnberger Hauptbahnhof. (Symbolbild)&lt;\/p&gt;\" rel=\"nofollow noopener\" target=\"_blank\"><br \/>\n      <img decoding=\"async\" fetchpriority=\"high\" src=\"https:\/\/www.europesays.com\/de\/wp-content\/uploads\/2026\/03\/959963_s100_1FMhfl_mU5rHE.jpg\" alt=\"Der Vorfall ereignete sich im N\u00fcrnberger Hauptbahnhof. (Symbolbild)\" title=\"Der Vorfall ereignete sich im N\u00fcrnberger Hauptbahnhof. (Symbolbild)\" width=\"956\" height=\"538\"\/><br \/>\n    <\/a><\/p>\n<p class=\"copyright mb-0\">Daniel Karmann\/dpa<\/p>\n<p class=\"subline mb-0\">\n        Der Vorfall ereignete sich im N\u00fcrnberger Hauptbahnhof. (Symbolbild)\n       <\/p>\n<p>Von dpa<\/p>\n<p>\n        23. M\u00e4rz 2026<\/p>\n<p>          Stand: 11:17 Uhr<\/p>\n<p>Aufgrund eines \u00fcberf\u00fcllten Aufzuges hat ein 78-j\u00e4hriger Mann einer Frau im N\u00fcrnberger Hauptbahnhof ins Gesicht geschlagen. Die 59-J\u00e4hrige habe durch den Faustschlag eine Platzwunde \u00fcber dem Auge erlitten, teilte die Bundespolizei mit.<\/p>\n<p>Da die Frau ohne festen Wohnsitz ihr gesamtes Hab und Gut mit sich trug, habe sie in einem Aufzug die gesamte Kabine belegt. Der Rentner habe sich dennoch in den Lift zw\u00e4ngen wollen, wogegen sich die Frau den Angaben zufolge wehrte. In der Folge eskalierte der Streit und der Mann wurde handgreiflich.<\/p>\n<p>Eine Streife der Bundespolizei wurde auf die Situation am Sonntag aufmerksam. Mit Hilfe von \u00dcberwachungskameras konnte der Vorfall nachvollzogen werden. Eine Behandlung ihrer Wunde lehnte die 59-J\u00e4hrige ab. Gegen den Angreifer wird nun wegen K\u00f6rperverletzung ermittelt.<\/p>\n<p>\n      Dieser Artikel ist Teil eines automatisierten Angebots der Deutschen Presse-Agentur (dpa). Er wird von der idowa-Redaktion nicht bearbeitet oder gepr\u00fcft.\n    <\/p>\n","protected":false},"excerpt":{"rendered":"Daniel Karmann\/dpa Der Vorfall ereignete sich im N\u00fcrnberger Hauptbahnhof. (Symbolbild) Von dpa 23. M\u00e4rz 2026 Stand: 11:17 Uhr&hellip;\n","protected":false},"author":2,"featured_media":890269,"comment_status":"","ping_status":"","sticky":false,"template":"","format":"standard","meta":{"footnotes":"","_share_on_mastodon":"0"},"categories":[1837],"tags":[772,421,3364,29,3236,30,78519,3783],"class_list":["post-890268","post","type-post","status-publish","format-standard","has-post-thumbnail","category-nuernberg","tag-bayern","tag-bundespolizei","tag-de","tag-deutschland","tag-frauen","tag-germany","tag-hauptbahnhoefe","tag-nuernberg"],"share_on_mastodon":{"url":"https:\/\/pubeurope.com\/@de\/116278017839490731","error":""},"_links":{"self":[{"href":"https:\/\/www.europesays.com\/de\/wp-json\/wp\/v2\/posts\/890268","targetHints":{"allow":["GET"]}}],"collection":[{"href":"https:\/\/www.europesays.com\/de\/wp-json\/wp\/v2\/posts"}],"about":[{"href":"https:\/\/www.europesays.com\/de\/wp-json\/wp\/v2\/types\/post"}],"author":[{"embeddable":true,"href":"https:\/\/www.europesays.com\/de\/wp-json\/wp\/v2\/users\/2"}],"replies":[{"embeddable":true,"href":"https:\/\/www.europesays.com\/de\/wp-json\/wp\/v2\/comments?post=890268"}],"version-history":[{"count":0,"href":"https:\/\/www.europesays.com\/de\/wp-json\/wp\/v2\/posts\/890268\/revisions"}],"wp:featuredmedia":[{"embeddable":true,"href":"https:\/\/www.europesays.com\/de\/wp-json\/wp\/v2\/media\/890269"}],"wp:attachment":[{"href":"https:\/\/www.europesays.com\/de\/wp-json\/wp\/v2\/media?parent=890268"}],"wp:term":[{"taxonomy":"category","embeddable":true,"href":"https:\/\/www.europesays.com\/de\/wp-json\/wp\/v2\/categories?post=890268"},{"taxonomy":"post_tag","embeddable":true,"href":"https:\/\/www.europesays.com\/de\/wp-json\/wp\/v2\/tags?post=890268"}],"curies":[{"name":"wp","href":"https:\/\/api.w.org\/{rel}","templated":true}]}}