{"id":890312,"date":"2026-03-23T10:50:15","date_gmt":"2026-03-23T10:50:15","guid":{"rendered":"https:\/\/www.europesays.com\/de\/890312\/"},"modified":"2026-03-23T10:50:15","modified_gmt":"2026-03-23T10:50:15","slug":"geretsried-heimbewohnerin-kommt-nach-messerattacke-in-psychiatrische-klinik-bad-toelz-wolfratshausen","status":"publish","type":"post","link":"https:\/\/www.europesays.com\/de\/890312\/","title":{"rendered":"Geretsried: Heimbewohnerin kommt nach Messerattacke in psychiatrische Klinik &#8211; Bad T\u00f6lz-Wolfratshausen"},"content":{"rendered":"<p data-manual=\"paragraph\" data-schema-org-speakable=\"true\" class=\"css-1eosz7k\">Nach einer Messerattacke in einem Geretsrieder Pflegeheim hat das Landgericht <a href=\"https:\/\/www.sueddeutsche.de\/thema\/M%C3%BCnchen\" rel=\"nofollow noopener\" target=\"_blank\">M\u00fcnchen<\/a> II die zeitlich unbefristete Unterbringung der T\u00e4terin in einer geschlossenen psychiatrischen Einrichtung angeordnet. Die 51-J\u00e4hrige leidet laut Diagnose von \u00c4rzten an paranoider Schizophrenie und kann deshalb f\u00fcr die Tat strafrechtlich nicht zur Verantwortung gezogen werden. Nach \u00dcberzeugung des Gerichts versetzte die zweifache Mutter in der Nacht des 2. September 2024 einem Mitbewohner in der Pflegeeinrichtung mit einem Messer einen Stich in die Genitalien.<\/p>\n<p data-manual=\"paragraph\" data-schema-org-speakable=\"true\" class=\"css-1eosz7k\">Der Mann hatte die Frau in ihrem Zimmer besucht, um mit ihr Kaffee zu trinken. W\u00e4hrenddessen soll er sich ausgezogen und sie gefragt haben, ob sie mit ihm schlafen wolle. Daraufhin hatte die 51-J\u00e4hrige nach einem Messer gegriffen und zugestochen.\u00a0 Einem psychiatrischen Sachverst\u00e4ndigen hatte die Beschuldigte berichtet, sie habe ihren Mitbewohner f\u00fcr einen anderen Mann gehalten und zudem die Stimmen ihrer Kinder geh\u00f6rt. Diese h\u00e4tten ihr zugerufen: \u201eBring ihn um.\u201c Das Opfer erlitt eine stark blutende Wunde, die in der Wolfratshauser Kreisklinik versorgt wurde. Kurze Zeit sp\u00e4ter konnte der Mann wieder zur\u00fcck in die Pflegeeinrichtung in <a href=\"https:\/\/www.sueddeutsche.de\/thema\/Geretsried\" rel=\"nofollow noopener\" target=\"_blank\">Geretsried<\/a>.<\/p>\n<p data-manual=\"paragraph\" data-schema-org-speakable=\"true\" class=\"css-1eosz7k\">Die 51-J\u00e4hrige war bereits 2009 von einem Gericht zur Unterbringung in einer geschlossenen psychiatrischen Klinik verurteilt worden, nachdem sie eine Pflegerin in einem Heim in Roth bei N\u00fcrnberg mit einem Messer get\u00f6tet hatte. Im Laufe der Jahre wurde die Frau zwischenzeitlich auch in offene Abteilungen verlegt, weil sich ihr Zustand nach Ansicht ihrer \u00c4rzte gebessert hatte.<\/p>\n","protected":false},"excerpt":{"rendered":"Nach einer Messerattacke in einem Geretsrieder Pflegeheim hat das Landgericht M\u00fcnchen II die zeitlich unbefristete Unterbringung der T\u00e4terin&hellip;\n","protected":false},"author":2,"featured_media":890313,"comment_status":"","ping_status":"","sticky":false,"template":"","format":"standard","meta":{"footnotes":"","_share_on_mastodon":"0"},"categories":[1827],"tags":[84224,772,29,125396,2634,30,3233,1268,2339,149],"class_list":["post-890312","post","type-post","status-publish","format-standard","has-post-thumbnail","category-muenchen","tag-bad-toelz-wolfratshausen","tag-bayern","tag-deutschland","tag-geretsried","tag-gerichtsprozesse-in-muenchen","tag-germany","tag-landkreis-bad-toelz-wolfratshausen","tag-muenchen","tag-oberbayern","tag-sueddeutsche-zeitung"],"share_on_mastodon":{"url":"https:\/\/pubeurope.com\/@de\/116278108467002831","error":""},"_links":{"self":[{"href":"https:\/\/www.europesays.com\/de\/wp-json\/wp\/v2\/posts\/890312","targetHints":{"allow":["GET"]}}],"collection":[{"href":"https:\/\/www.europesays.com\/de\/wp-json\/wp\/v2\/posts"}],"about":[{"href":"https:\/\/www.europesays.com\/de\/wp-json\/wp\/v2\/types\/post"}],"author":[{"embeddable":true,"href":"https:\/\/www.europesays.com\/de\/wp-json\/wp\/v2\/users\/2"}],"replies":[{"embeddable":true,"href":"https:\/\/www.europesays.com\/de\/wp-json\/wp\/v2\/comments?post=890312"}],"version-history":[{"count":0,"href":"https:\/\/www.europesays.com\/de\/wp-json\/wp\/v2\/posts\/890312\/revisions"}],"wp:featuredmedia":[{"embeddable":true,"href":"https:\/\/www.europesays.com\/de\/wp-json\/wp\/v2\/media\/890313"}],"wp:attachment":[{"href":"https:\/\/www.europesays.com\/de\/wp-json\/wp\/v2\/media?parent=890312"}],"wp:term":[{"taxonomy":"category","embeddable":true,"href":"https:\/\/www.europesays.com\/de\/wp-json\/wp\/v2\/categories?post=890312"},{"taxonomy":"post_tag","embeddable":true,"href":"https:\/\/www.europesays.com\/de\/wp-json\/wp\/v2\/tags?post=890312"}],"curies":[{"name":"wp","href":"https:\/\/api.w.org\/{rel}","templated":true}]}}