{"id":890367,"date":"2026-03-23T11:21:20","date_gmt":"2026-03-23T11:21:20","guid":{"rendered":"https:\/\/www.europesays.com\/de\/890367\/"},"modified":"2026-03-23T11:21:20","modified_gmt":"2026-03-23T11:21:20","slug":"vor-augsburg-aus-rexbecaj-wohl-abloesefrei-im-sommer","status":"publish","type":"post","link":"https:\/\/www.europesays.com\/de\/890367\/","title":{"rendered":"Vor Augsburg-Aus? Rexbecaj wohl abl\u00f6sefrei im Sommer"},"content":{"rendered":"<p>In den vergangenen Spielen kam er als Joker, nun durfte er <a href=\"https:\/\/www.fussballdaten.de\/news\/torfestival-in-augsburg-stuttgart-beendet-fca-heimserie-67d0d1b6\/\" rel=\"nofollow noopener\" target=\"_blank\">gegen den VfB Stuttgart (2:5)<\/a> wieder starten. <a href=\"https:\/\/www.fussballdaten.de\/person\/elvis-rexhbecaj\/\" title=\"Profil von Elvis Rexhbecaj\" rel=\"nofollow noopener\" target=\"_blank\">Elvis Rexhbecaj<\/a> ist seit 2022 im Einsatz f\u00fcr den <a href=\"https:\/\/www.fussballdaten.de\/vereine\/fc-augsburg\/\" title=\"Profil von FC Augsburg\" rel=\"nofollow noopener\" target=\"_blank\">FC Augsburg<\/a>, doch nach vier Jahren scheint das Kapitel zu Ende zu gehen.<\/p>\n<p>Rexhbecaj: Angebote im vergangene Sommer<\/p>\n<p class=\"mb20 mt30\">Laut dem kicker, zeigt die Tendenz klar dahin, dass Rexhbecaj ab Sommer kein Spieler des FCA mehr sein wird. Im vergangenen Jahr h\u00e4tte es bereits zu einem Ende der Zusammenarbeit kommen k\u00f6nnen. Damals berichtete Sky, dass seit dem Winter 2025 Gespr\u00e4che \u00fcber eine Vertragsverl\u00e4ngerung liefen, denn das Arbeitspapier ist nur bis 2026 g\u00fcltig. Doch es gab nie einen Durchbruch, zudem wurde dem Sechser ein Angebot unterbreitet.<\/p>\n<p class=\"mb20 mt30\">Teams wie Ligarivale Hoffenheim, aber auch <a href=\"https:\/\/www.fussballdaten.de\/vereine\/besiktas-istanbul\/\" title=\"Profil von Besiktas Istanbul\" rel=\"nofollow noopener\" target=\"_blank\">Besiktas Istanbul<\/a> und <a href=\"https:\/\/www.fussballdaten.de\/vereine\/celtic-glasgow\/\" title=\"Profil von Celtic Glasgow\" rel=\"nofollow noopener\" target=\"_blank\">Celtic Glasgow<\/a> waren interessiert. Rexhbecaj ist aber gelieben, da Trainer Jess Thorup und Sportdirektor Marinko Jurendic entlassen wurden. Es gab Gespr\u00e4che, doch keine Offerten mehr. Der Wechsel zu Sandro Wagner und nun Manuel Baum lie\u00df die Zukunftsfrage in den Hintergrund r\u00fccken.<\/p>\n<p>\u201eKein Kommentar\u201c zur eigenen Zukunft<\/p>\n<p class=\"mb20 mt30\">Aber nur bis zum Januar, als Rexhbecaj nach dem <a href=\"https:\/\/www.fussballdaten.de\/news\/ereignisreiche-zweite-haelfte-remis-zwischen-augsburg-und-freiburg-9d2a6835\/\" rel=\"nofollow noopener\" target=\"_blank\">2:2 gegen den SC Freiburg<\/a> eben jene Frage gestellt bekam. \u00dcberraschend antwortete der eigentlich gespr\u00e4chige Mittelfeldspieler den Reportern \u2013 darunter Fussballdaten \u2013 zur\u00fcckhaltend: \u201eMeine pers\u00f6nliche Situation ist nicht wichtig, wir m\u00fcssen erst einmal punkten\u201c. Auf Nachfragen sagte er nur zwei Worte: \u201eKein Kommentar\u201c. Inzwischen sollte klar sein, dass er wohl Augsburg verlassen wird.<\/p>\n<p class=\"mb20 mt30\">Doch wohin k\u00f6nnte es den 28-J\u00e4hrigen ziehen? Weiter schreibt der\u00a0kicker, dass Rexhbecaj Angebote sowohl aus dem In- und auch Ausland vorliegen sollen. Konkret werden keine Teams genannt. Ihn interessiert jetzt erstmal sowieso das Erlangen des WM-Tickets mit Kosovo \u00fcber die Play-offs.<img loading=\"lazy\" decoding=\"async\" src=\"https:\/\/www.europesays.com\/de\/wp-content\/uploads\/2026\/03\/bf8a18f9a8cc40e1966e507b9db1ed1f.gif\" alt=\"\" width=\"1\" height=\"1\"\/><\/p>\n","protected":false},"excerpt":{"rendered":"In den vergangenen Spielen kam er als Joker, nun durfte er gegen den VfB Stuttgart (2:5) wieder starten.&hellip;\n","protected":false},"author":2,"featured_media":890368,"comment_status":"","ping_status":"","sticky":false,"template":"","format":"standard","meta":{"footnotes":"","_share_on_mastodon":"0"},"categories":[1846],"tags":[680,772,83110,77398,3364,29,132534,548,663,3934,483,30,13,8844,14,15,12],"class_list":["post-890367","post","type-post","status-publish","format-standard","has-post-thumbnail","category-augsburg","tag-augsburg","tag-bayern","tag-besiktas-istanbul","tag-celtic-glasgow","tag-de","tag-deutschland","tag-elvis-rexhbecaj","tag-eu","tag-europa","tag-europe","tag-fc-augsburg","tag-germany","tag-headlines","tag-hoffenheim","tag-nachrichten","tag-news","tag-schlagzeilen"],"share_on_mastodon":{"url":"https:\/\/pubeurope.com\/@de\/116278230098756363","error":""},"_links":{"self":[{"href":"https:\/\/www.europesays.com\/de\/wp-json\/wp\/v2\/posts\/890367","targetHints":{"allow":["GET"]}}],"collection":[{"href":"https:\/\/www.europesays.com\/de\/wp-json\/wp\/v2\/posts"}],"about":[{"href":"https:\/\/www.europesays.com\/de\/wp-json\/wp\/v2\/types\/post"}],"author":[{"embeddable":true,"href":"https:\/\/www.europesays.com\/de\/wp-json\/wp\/v2\/users\/2"}],"replies":[{"embeddable":true,"href":"https:\/\/www.europesays.com\/de\/wp-json\/wp\/v2\/comments?post=890367"}],"version-history":[{"count":0,"href":"https:\/\/www.europesays.com\/de\/wp-json\/wp\/v2\/posts\/890367\/revisions"}],"wp:featuredmedia":[{"embeddable":true,"href":"https:\/\/www.europesays.com\/de\/wp-json\/wp\/v2\/media\/890368"}],"wp:attachment":[{"href":"https:\/\/www.europesays.com\/de\/wp-json\/wp\/v2\/media?parent=890367"}],"wp:term":[{"taxonomy":"category","embeddable":true,"href":"https:\/\/www.europesays.com\/de\/wp-json\/wp\/v2\/categories?post=890367"},{"taxonomy":"post_tag","embeddable":true,"href":"https:\/\/www.europesays.com\/de\/wp-json\/wp\/v2\/tags?post=890367"}],"curies":[{"name":"wp","href":"https:\/\/api.w.org\/{rel}","templated":true}]}}