{"id":890434,"date":"2026-03-23T12:02:13","date_gmt":"2026-03-23T12:02:13","guid":{"rendered":"https:\/\/www.europesays.com\/de\/890434\/"},"modified":"2026-03-23T12:02:13","modified_gmt":"2026-03-23T12:02:13","slug":"buchmesse-leipzig-kommentar-lesefest-schlaegt-kulturkampf","status":"publish","type":"post","link":"https:\/\/www.europesays.com\/de\/890434\/","title":{"rendered":"Buchmesse Leipzig \u2013 Kommentar: Lesefest schl\u00e4gt Kulturkampf"},"content":{"rendered":"<p class=\"text\">\n<a href=\"https:\/\/www.mdr.de\/nachrichten\/sachsen\/leipzig\/leipzig-leipzig-land\/weimer-hoffnung-ausbau-nationalbibliothek-kultur-news-102.html\" title=\"Leipzig: Weimer macht Hoffnung auf Ausbau der Deutschen Nationalbibliothek\" rel=\"nofollow noopener\" target=\"_blank\">Wolfram Weimer<\/a> hat viele Versuche gemacht, sich rauszureden. Am Schluss bem\u00fchte er sogar J\u00fcrgen Habermas. Drei linke Buchhandlungen vom Deutschen <a href=\"https:\/\/www.mdr.de\/kultur\/buchmesse\/buchhandlungspreis-weimer-luege-absage-kultur-news-100.html\" title=\"Buchhandlungspreis-Absage: Anw\u00e4lte werfen Weimer L\u00fcge vor\" rel=\"nofollow noopener\" target=\"_blank\">Buchhandlungspreis<\/a> auszuschlie\u00dfen, allein auf der Grundlage von Informationen des Verfassungsschutzes, die aber die Betroffenen und die \u00d6ffentlichkeit nicht kennen d\u00fcrfen \u2013 mit dieser Entscheidung habe er eine <a href=\"https:\/\/www.mdr.de\/kultur\/buchmesse\/weimer-buchhandlungspreis-buchmesse-kommentar-kultur-news-100.html\" title=\"Kommentar zum Deutschen Buchhandlungspreis: Weimer l\u00e4sst die Branche im Stich\" rel=\"nofollow noopener\" target=\"_blank\">Debatte<\/a> angesto\u00dfen, ganz im Sinne von J\u00fcrgen Habermas.\n<\/p>\n<p class=\"text\">\nDer <a href=\"https:\/\/www.mdr.de\/kultur\/buchmesse\/leipzig-eroeffnung-jergovic-buchpreis-wolfram-weimer-protest-kultur-news-104.html\" title=\"Protest und Preisverleihung: Buhrufe f\u00fcr Weimer bei Buchmesse-Auftakt\" rel=\"nofollow noopener\" target=\"_blank\">Kulturstaatsminister<\/a> lag schon oft weit daneben mit seinen \u00c4u\u00dferungen. Weiter als mit dieser kann man aber kaum daneben liegen. Denn in den Werken des Philosophen J\u00fcrgen Habermas geht es um den &#8222;herrschaftsfreien Diskurs&#8220;. Gegen Buchhandlungen mit Geheimdienstinformationen vorzugehen, ist aber alles andere als eine &#8222;herrschaftsfreie&#8220; Geste des Staates. Eine gr\u00f6\u00dfere Herrschaftsgeste kann man sich im Bereich der Kulturf\u00f6rderung und der Kulturpolitik kaum vorstellen.\n<\/p>\n<blockquote>\n<p class=\"text\">Der Kulturstaatsminister lag schon oft weit daneben mit seinen \u00c4u\u00dferungen. Weiter als mit dieser kann man aber kaum daneben liegen.<\/p>\n<p>Kristine Harthauer<\/p>\n<\/blockquote>\n<p><a name=\"Buchbranche\">Buchbranche<\/a> im Widerstandsmodus<\/p>\n<p class=\"text\">\nDie positive Nachricht der diesj\u00e4hrigen Buchmesse ist: Die Buchbranche hat fast geschlossen Widerstand geleistet gegen diesen Akt des kulturpolitischen Feudalismus. So unterst\u00fctzt der <a href=\"https:\/\/www.mdr.de\/kultur\/buchmesse\/leipzig-weimer-kritik-protest-buchhandlungspreis-kultur-news-100.html\" title=\"Leipziger Buchmesse 2026: Proteste gegen Weimer begleiten Auftakt\" rel=\"nofollow noopener\" target=\"_blank\">B\u00f6rsenverein<\/a> des Deutschen Buchhandels die drei ausgeschlossenen Buchhandlungen juristisch. Sie wollen klagen, auch dagegen, dass Wolfram Weimer sie ohne Begr\u00fcndung extremistisch genannt hat.\n<\/p>\n<p class=\"text\">\nViele, die man in den Messehallen fragt, halten sich mit R\u00fccktrittsforderungen nicht zur\u00fcck. Und der Hanser-Verlag hat sogar eine Party veranstaltet f\u00fcr ausdr\u00fccklich alle Buchhandlungen, auch f\u00fcr die drei, gegen die Weimer das scharfe Schwert des Verfassungsschutzes schwingt.\n<\/p>\n<blockquote>\n<p class=\"text\">B\u00fccher garantieren Meinungsfreiheit.<\/p>\n<p>Kristine Harthauer<\/p>\n<\/blockquote>\n<p class=\"text\">\nParty ist ein gutes Stichwort: Die Leipziger Buchmesse ist eine gro\u00dfe Party \u2013 unterhaltsam, anregend, aber eben auch politisch und widerst\u00e4ndig. Durch die Hallen sind zahlreiche Veranstaltungsinseln verteilt: Sie hei\u00dfen Caf\u00e9 Europa, Wortwelten, Horizonte. Dort wird gelesen und diskutiert \u2013 Demokratie, KI, globale Krisen. Die Stuhlreihen sind fast immer gut gef\u00fcllt.\n<\/p>\n<p><a name=\"Buchmesse\">Auf der Buchmesse<\/a> in Leipzig: Dialoge auf Augenh\u00f6he<\/p>\n<p class=\"text\">\nUnd in der Buchbar k\u00f6nnen Lesefans an einem langen Holztisch auf Tuchf\u00fchlung gehen mit Autorinnen und Autoren. Manche setzen sich strategisch in die Mitte des Tisches, Schriftstellerinnen links und rechts neben sich. Manche Besucherinnen und Besucher sind dort seit Jahren Stammg\u00e4ste. In die Reporter-Mikrofone verraten sie ihr Credo: Die Autoren kommen zu mir, nicht ich muss zu ihnen kommen! Ein Dialog auf Augenh\u00f6he, ganz anders als der <a href=\"https:\/\/www.mdr.de\/kultur\/buchmesse\/leipzig-fitzek-thriller-horror-star-bestseller-interview-kultur-news-100.html\" title=\"Star Autor Fitzek: &quot;Gut, dass ich nicht sofort gehypt wurde&quot;\" rel=\"nofollow noopener\" target=\"_blank\">Star-Rummel<\/a> auf der gro\u00dfen B\u00fchne.\n<\/p>\n<p class=\"text\">\nNat\u00fcrlich pilgern die Lesefans auch zu den Stars der Szene. Doch es ist der Mix, der die Leipziger Buchmesse so besonders macht: Mal <a href=\"https:\/\/www.mdr.de\/kultur\/buchmesse\/denis-scheck-buch-roman-krimi-lyrik-tipps-druckfrisch-108.html\" title=\"Denis Scheck: Diese 23 B\u00fccher muss man 2026 gelesen haben\" rel=\"nofollow noopener\" target=\"_blank\">Lesefest<\/a>, mal gro\u00dfes literarisches Klassentreffen \u2013 Leipzig zeigt sich nahbar und vielf\u00e4ltig. Werte, die weit \u00fcber die Buchmesse hinausreichen, die, man muss es in diesen Zeiten sagen, die Demokratie st\u00e4rken k\u00f6nnen.\n<\/p>\n<p><a name=\"Kulturkampf\">Kulturkampf<\/a> eines \u00fcberforderten Kulturstaatsministers<\/p>\n<p class=\"text\">\nAber nicht alles ist rosig und glitzernd, wie die Buchcover der zahlreichen <a href=\"https:\/\/www.mdr.de\/kultur\/buchmesse\/leipzig-young-new-adult-trend-booktok-108.html\" title=\"Leipziger Buchmesse 2026: Von &quot;Heated Rivalry&quot; bis &quot;Save Me&quot; \u2013 was steckt hinter dem New-Adult-Hype?\" rel=\"nofollow noopener\" target=\"_blank\">New-Adult-B\u00fccher <\/a>vermuten lassen: <a href=\"https:\/\/www.mdr.de\/kultur\/buchmesse\/krise-buchbranche-verlage-buchhandlungen-kultur-news-102.html\" title=\"Leipziger Buchmesse 2026: Krise der Buchbranche \u2013 Zahlen, Gr\u00fcnde, Forderungen\" rel=\"nofollow noopener\" target=\"_blank\">Verlage k\u00e4mpfen<\/a> mit gestiegenen Kosten f\u00fcr Papier und Druck. Die Lesekompetenzen von Kindern und Jugendlichen nehmen dramatisch ab. Das sind die Themen, die die Kulturpolitik besch\u00e4ftigen sollten. Und nicht ein Kulturkampf, den ein offenbar \u00fcberforderter Kulturstaatsminister unn\u00f6tigerweise vom Zaun bricht.\n<\/p>\n<p class=\"text\">\nBei der Solidarit\u00e4ts-Party f\u00fcr die <a href=\"https:\/\/www.mdr.de\/kultur\/buchmesse\/buchhandlungspreis-weimer-hauptpreis-wittenberg-leipzig-kultur-news-100.html\" title=\"Leipzig: Preis f\u00fcr die beste Buchhandlung geht an Kinderbuchladen &quot;Serifee&quot;\" rel=\"nofollow noopener\" target=\"_blank\">Buchhandlungen<\/a> lautete das Motto \u00fcbrigens: Buchhandlungen sind der beste <a href=\"https:\/\/www.mdr.de\/altpapier\/das-altpapier-4580.html\" title=\"Kolumne: Das Altpapier am 13. M\u00e4rz 2026 \u2013 Weimer w\u00fcrde auch Heine \u00fcberpr\u00fcfen\" rel=\"nofollow noopener\" target=\"_blank\">Verfassungsschutz<\/a>. Ein treffender Satz, den man nach vier Tagen Leipziger B\u00fccher-Party noch zuspitzen kann: Denn B\u00fccher garantieren <a href=\"https:\/\/www.mdr.de\/nachrichten\/deutschland\/gesellschaft\/meinungsfreiheit-einschraenkung-interview-nida-ruemelin-100.html\" title=\"Interview mit Julian Nida-R\u00fcmelin: Wie steht es um die Meinungsfreiheit in Deutschland?\" rel=\"nofollow noopener\" target=\"_blank\">Meinungsfreiheit<\/a>.\n<\/p>\n<p class=\"text\">\nRedaktionelle Bearbeitung: lm<\/p>\n","protected":false},"excerpt":{"rendered":"Wolfram Weimer hat viele Versuche gemacht, sich rauszureden. Am Schluss bem\u00fchte er sogar J\u00fcrgen Habermas. Drei linke Buchhandlungen&hellip;\n","protected":false},"author":2,"featured_media":890435,"comment_status":"","ping_status":"","sticky":false,"template":"","format":"standard","meta":{"footnotes":"","_share_on_mastodon":"0"},"categories":[1832],"tags":[86,1785,78492,70,96,3364,17421,193875,29,89,98,92,30,99,4778,95,87,88,91,80,84,33045,66,30364,90,71,915,100,101,93,81,85,82,11314,97,83,859,4969,94,419,30363],"class_list":["post-890434","post","type-post","status-publish","format-standard","has-post-thumbnail","category-leipzig","tag-artour","tag-buecher","tag-buchhandlungen","tag-buchmesse","tag-buehne","tag-de","tag-debatte","tag-deutscher-buchhandlungspreis","tag-deutschland","tag-erlebnis-musik","tag-feature","tag-film","tag-germany","tag-hoerspiele","tag-juergen-habermas","tag-kino","tag-kino-royal","tag-kinoroyal","tag-klassik","tag-kultur","tag-kulturfernsehen","tag-kulturkampf","tag-kulturnachrichten","tag-kulturstaatsminister","tag-lebenslaeufe","tag-leipzig","tag-leipziger-buchmesse","tag-lesezeit","tag-lesung","tag-literatur","tag-mdr","tag-mdr-figaro","tag-mdr-kultur","tag-meinungsfreiheit","tag-oper","tag-radio","tag-sachsen","tag-skandal","tag-theater","tag-verfassungsschutz","tag-wolfram-weimer"],"share_on_mastodon":{"url":"","error":"Validation failed: Text character limit of 500 exceeded"},"_links":{"self":[{"href":"https:\/\/www.europesays.com\/de\/wp-json\/wp\/v2\/posts\/890434","targetHints":{"allow":["GET"]}}],"collection":[{"href":"https:\/\/www.europesays.com\/de\/wp-json\/wp\/v2\/posts"}],"about":[{"href":"https:\/\/www.europesays.com\/de\/wp-json\/wp\/v2\/types\/post"}],"author":[{"embeddable":true,"href":"https:\/\/www.europesays.com\/de\/wp-json\/wp\/v2\/users\/2"}],"replies":[{"embeddable":true,"href":"https:\/\/www.europesays.com\/de\/wp-json\/wp\/v2\/comments?post=890434"}],"version-history":[{"count":0,"href":"https:\/\/www.europesays.com\/de\/wp-json\/wp\/v2\/posts\/890434\/revisions"}],"wp:featuredmedia":[{"embeddable":true,"href":"https:\/\/www.europesays.com\/de\/wp-json\/wp\/v2\/media\/890435"}],"wp:attachment":[{"href":"https:\/\/www.europesays.com\/de\/wp-json\/wp\/v2\/media?parent=890434"}],"wp:term":[{"taxonomy":"category","embeddable":true,"href":"https:\/\/www.europesays.com\/de\/wp-json\/wp\/v2\/categories?post=890434"},{"taxonomy":"post_tag","embeddable":true,"href":"https:\/\/www.europesays.com\/de\/wp-json\/wp\/v2\/tags?post=890434"}],"curies":[{"name":"wp","href":"https:\/\/api.w.org\/{rel}","templated":true}]}}