{"id":890669,"date":"2026-03-23T14:11:15","date_gmt":"2026-03-23T14:11:15","guid":{"rendered":"https:\/\/www.europesays.com\/de\/890669\/"},"modified":"2026-03-23T14:11:15","modified_gmt":"2026-03-23T14:11:15","slug":"carl-grossberg-ausstellung-in-wuppertal-sachlich-emotional-aktuell","status":"publish","type":"post","link":"https:\/\/www.europesays.com\/de\/890669\/","title":{"rendered":"Carl Grossberg-Ausstellung in Wuppertal \u2013 sachlich, emotional, aktuell"},"content":{"rendered":"<p class=\"text_ohne_einzug richtext text-em-55 !leading-serif mx-6 desktop:mx-0\">Eine Br\u00fccke mit roten Pfeilern \u00fcberspannt bunte, im Sonnenlicht leuchtende Stadth\u00e4user. Dieses Motiv d\u00fcrfte vielen Wuppertalerinnen und Wuppertalern vertraut sein, denn es geh\u00f6rt seit 1929 zur Sammlung des Von der Heydt-Museums und zeigt die Schwarzbachbr\u00fccke. Geschaffen wurde es von Carl Grossberg, dem das Museum nun eine umfassende Ausstellung widmet. Die Vernissage fand gestern um 11.30 Uhr im Von der Heydt-Museum statt. Auf der illustren Rednerliste standen B\u00fcrgermeister Heiner Fragemann, NRW-Kulturministerin Ina Brandes, Marc Kanzler (Vorstandsvorsitzender der Werner Jackst\u00e4dt-Stiftung), Axel J\u00fctz (Vorstandsvorsitzender der Stadtsparkasse) und Museumsdirektor Roland M\u00f6nig.<\/p>\n","protected":false},"excerpt":{"rendered":"Eine Br\u00fccke mit roten Pfeilern \u00fcberspannt bunte, im Sonnenlicht leuchtende Stadth\u00e4user. Dieses Motiv d\u00fcrfte vielen Wuppertalerinnen und Wuppertalern&hellip;\n","protected":false},"author":2,"featured_media":890670,"comment_status":"","ping_status":"","sticky":false,"template":"","format":"standard","meta":{"footnotes":"","_share_on_mastodon":"0"},"categories":[1840],"tags":[2076,193828,195895,3364,29,30,41013,18517,89654,2264,27860,1209,195896,71642,8250,10421,4418,21745],"class_list":["post-890669","post","type-post","status-publish","format-standard","has-post-thumbnail","category-wuppertal","tag-ausstellung","tag-brandes","tag-carl-grossberg","tag-de","tag-deutschland","tag-germany","tag-gezeigten","tag-heydt","tag-moenig","tag-museum","tag-museumsdirektor","tag-nordrhein-westfalen","tag-sachlich","tag-sachlichkeit","tag-vorstandsvorsitzender","tag-werk","tag-wuppertal","tag-zeigt"],"share_on_mastodon":{"url":"https:\/\/pubeurope.com\/@de\/116278898826953560","error":""},"_links":{"self":[{"href":"https:\/\/www.europesays.com\/de\/wp-json\/wp\/v2\/posts\/890669","targetHints":{"allow":["GET"]}}],"collection":[{"href":"https:\/\/www.europesays.com\/de\/wp-json\/wp\/v2\/posts"}],"about":[{"href":"https:\/\/www.europesays.com\/de\/wp-json\/wp\/v2\/types\/post"}],"author":[{"embeddable":true,"href":"https:\/\/www.europesays.com\/de\/wp-json\/wp\/v2\/users\/2"}],"replies":[{"embeddable":true,"href":"https:\/\/www.europesays.com\/de\/wp-json\/wp\/v2\/comments?post=890669"}],"version-history":[{"count":0,"href":"https:\/\/www.europesays.com\/de\/wp-json\/wp\/v2\/posts\/890669\/revisions"}],"wp:featuredmedia":[{"embeddable":true,"href":"https:\/\/www.europesays.com\/de\/wp-json\/wp\/v2\/media\/890670"}],"wp:attachment":[{"href":"https:\/\/www.europesays.com\/de\/wp-json\/wp\/v2\/media?parent=890669"}],"wp:term":[{"taxonomy":"category","embeddable":true,"href":"https:\/\/www.europesays.com\/de\/wp-json\/wp\/v2\/categories?post=890669"},{"taxonomy":"post_tag","embeddable":true,"href":"https:\/\/www.europesays.com\/de\/wp-json\/wp\/v2\/tags?post=890669"}],"curies":[{"name":"wp","href":"https:\/\/api.w.org\/{rel}","templated":true}]}}