{"id":890767,"date":"2026-03-23T15:07:20","date_gmt":"2026-03-23T15:07:20","guid":{"rendered":"https:\/\/www.europesays.com\/de\/890767\/"},"modified":"2026-03-23T15:07:20","modified_gmt":"2026-03-23T15:07:20","slug":"kult-outfits-und-spektakel-musical-zurueck-in-die-zukunft-hebt-ab","status":"publish","type":"post","link":"https:\/\/www.europesays.com\/de\/890767\/","title":{"rendered":"Kult-Outfits und Spektakel: Musical &#8222;Zur\u00fcck in die Zukunft&#8220; hebt ab"},"content":{"rendered":"<p>\n                Stand: 23.03.2026 12:20 Uhr<\/p>\n<p class=\"preface\">Der Film &#8222;Zur\u00fcck in die Zukunft&#8220; von 1985 ist Kult. Nun hat die Musicalfassung im Operettenhaus in Hamburg Deutschlandpremiere gefeiert: mit einem fantastischen Jan Kersjes als Doc Brown. Bei der Premiere dabei war Bob Gale, der Original-Drehbuchautor des Films.<\/p>\n<p class=\"textauthor\">von Petra Volquardsen<\/p>\n<p class=\"\">Es knallt und zischt und dann steht er da: der legend\u00e4re DeLorean mit der eingebauten Zeitmaschine, dem Fluxkompensator. Der B\u00fchnen-DeLorean, eine originalgetreue Replik des futuristischen Sportwagens aus den 1980er-Jahren, ist mit reichlich Spezialeffekten ausgestattet.<\/p>\n<p>                    <a href=\"https:\/\/www.europesays.com\/de\/wp-content\/uploads\/2026\/03\/delorean-106.webp.webp\" class=\"zoomimage\" title=\"Bild vergr\u00f6\u00dfern\"><\/p>\n<p>        <img decoding=\"async\" src=\"https:\/\/www.europesays.com\/de\/wp-content\/uploads\/2026\/03\/delorean-106.webp.webp\" alt=\"Innenansicht des DeLorean\" title=\"Innenansicht des extra angefertigten DeLorean | Mathias Heller\/NDR.de\" class=\"responsive\" loading=\"lazy\"\/><\/p>\n<p>                    <\/a><\/p>\n<p>                    Innenansicht des extra angefertigten DeLorean<\/p>\n<p class=\"\">Jan Kersjes, der in Hamburg unter anderem schon als King George in Hamilton auf der B\u00fchne stand, spielt den exzentrischen Wissenschaftler Doc Brown. Wie auch im Film ist Doc Browns Werkstatt auf der Musicalb\u00fchne ein herrliches Durcheinander an Uhren und wundersamen Maschinen. Das Musical bleibt dabei eng dran an der Filmvorlage. Marty McFly, gespielt von Raphael Gro\u00df, reist zur\u00fcck ins Jahr 1955 und muss dort seine Eltern miteinander verkuppeln.<\/p>\n<p>    40 Mal abgelehnt, heute Kult<\/p>\n<p class=\"\">Manche der Premiereng\u00e4ste haben sich stilecht in Schale geworfen. Tragen &#8222;Zur\u00fcck in die Zukunft&#8220;-Shirts oder &#8211; wie damals Hauptdarsteller Michael J. Fox &#8211; die legend\u00e4re rote Steppweste.<\/p>\n<blockquote><p>\n        Das ist ein original Marty-McFly-Outfit. Ich hatte das als Zw\u00f6lfj\u00e4hriger schon an und bin mit dem Skateboard damit in die Schule gefahren! <\/p>\n<p>                Premierengast<\/p>\n<\/blockquote>\n<p class=\"\">Fast, erz\u00e4hlt Drehbuchautor Bob Gale, der zur Premiere nach Hamburg gekommen ist, h\u00e4tte es den Film damals gar nicht gegeben. Niemand wollte ihn machen. Mehr als 40 Mal wurde das Drehbuch abgelehnt. Gale hat auch das Musical geschrieben.<\/p>\n<p>    Spektakul\u00e4re Show mit den gro\u00dfen Hits<\/p>\n<p class=\"\">Trotz aller \u00c4hnlichkeit zur Filmvorlage ist manches anders auf der Musicalb\u00fchne. So werden der DeLorean und die Zeitmaschine per Sprachsteuerung aktiviert. Die meisten Songs sind speziell f\u00fcrs Musical entstanden. Aber wie im Film sind auch ein paar gro\u00dfe Hits, wie &#8222;<a href=\"https:\/\/www.ndr.de\/ndr1niedersachsen\/geschichte-zum-hit\/Huey-Lewis-The-News-The-Power-of-Love,hueylewis102.html\" title=\"Huey Lewis &amp; The News - &quot;The Power of Love&quot;\" rel=\"nofollow noopener\" target=\"_blank\">Power of Love<\/a>&#8220; von Huey Lewis &amp; The News oder &#8222;<a href=\"https:\/\/www.ndr.de\/ndr1niedersachsen\/geschichte-zum-hit\/Chuck-Berry-Johnny-B-Goode,berry105.html\" title=\"Chuck Berry - &quot;Johnny B. Goode&quot;\" rel=\"nofollow noopener\" target=\"_blank\">Johnny B. Goode<\/a>&#8220; von Chuck Berry, dabei.<\/p>\n<p>    Dramatischer Moment mit Doc Brown an der Rathausuhr<\/p>\n<p class=\"\">Vor allem im zweiten Teil wird es dann richtig spektakul\u00e4r: Wenn zum Beispiel Doc Brown hoch oben vor der Rathausuhr steht, um den Blitzeinschlag einzufangen und so die n\u00f6tige Energie f\u00fcr die Zeitmaschine zu gewinnen &#8211; und der DeLorean schlie\u00dflich sogar abhebt und \u00fcber dem Publikum schwebt. Nat\u00fcrlich gibt es auch das ber\u00fchmte Filmzitat: &#8222;Stra\u00dfen? Wo wir hinfahren, brauchen wir keine Stra\u00dfen.&#8220;<\/p>\n<p class=\"\">Wer aufmerksam zuh\u00f6rt, stellt auch fest, dass eine der markantesten NDR Stimmen auftaucht: Peter Urban ist als Off-Stimme ein kleines Puzzleteil des Musicals.<\/p>\n<p>    Kurzweilig und unterhaltsam<\/p>\n<p class=\"\">Ob aus einem Film &#8211; gerade aus einem so bekannten &#8211; wirklich auch noch ein Musical werden muss, ist oft die Frage. Bei &#8222;Zur\u00fcck in die Zukunft&#8220; aber geht die Musicalversion auf, wie die Publikumsreaktionen zeigen: &#8222;Man kennt den Film, man wei\u00df, wie die Story ausgeht dennoch ist es unfassbar, wie das Ganze umgesetzt wurde&#8220;, sagt ein Besucher. Kurzum: &#8222;Zur\u00fcck in die Zukunft&#8220; ist eine kurzweilige und unterhaltsame Show, die Spa\u00df macht.<\/p>\n<p>        <img decoding=\"async\" src=\"https:\/\/www.europesays.com\/de\/wp-content\/uploads\/2026\/03\/delorean-102.webp.webp\" alt=\"Ein DeLorean steht auf der B\u00fchne\" title=\"Ein DeLorean steht auf der B\u00fchne | Ulrich Perrey\/dpa\" class=\"responsive\" loading=\"lazy\"\/><\/p>\n<p>Das Kultauto aus &#8222;Zur\u00fcck in die Zukunft&#8220; ist nun nach dem Broadway auf der Reeperbahn zu erleben &#8211; mit viel Licht und Qualm. <\/p>\n<p>        <img decoding=\"async\" src=\"https:\/\/www.europesays.com\/de\/wp-content\/uploads\/2026\/02\/zukunft-102.webp.webp\" alt=\" Christopher Lloyd (wei\u00dfer Overrall) und Michael J. Fox\" title=\" Christopher Lloyd (wei\u00dfer Overrall) und Michael J. Fox | picture alliance \/ Sammlung Richter | -\" class=\"responsive\" loading=\"lazy\"\/><\/p>\n<p>Damals Zukunft, heute Vergangenheit. Nicht alles, was der Film, der vor 40 Jahren in die Kinos kam, prophezeite, ist auch tats\u00e4chlich eingetreten.<\/p>\n<p>        <img decoding=\"async\" src=\"https:\/\/www.europesays.com\/de\/wp-content\/uploads\/2026\/03\/zurueckindiezukunft166.webp.webp\" alt=\"Szene aus &quot;Zur\u00fcck in die Zukunft III&quot; von 1989 mit Christopher Lloyd (l.) und Michael J. Fox\" title=\"Szene aus &quot;Zur\u00fcck in die Zukunft III&quot; von 1989 mit Christopher Lloyd (l.) und Michael J. Fox | picture alliance\/United Archives , United Archives\/Impress\" class=\"responsive\" loading=\"lazy\"\/><\/p>\n<p>In dem Hollywood-Film &#8222;Zur\u00fcck in die Zukunft&#8220;, der vor 40 Jahren in die Kinos kam, reiste Michael J. Fox als Marty McFly zuerst in die 1950er-Jahre und dann ins Jahr 2015.<\/p>\n","protected":false},"excerpt":{"rendered":"Stand: 23.03.2026 12:20 Uhr Der Film &#8222;Zur\u00fcck in die Zukunft&#8220; von 1985 ist Kult. Nun hat die Musicalfassung&hellip;\n","protected":false},"author":2,"featured_media":890768,"comment_status":"","ping_status":"","sticky":false,"template":"","format":"standard","meta":{"footnotes":"","_share_on_mastodon":"0"},"categories":[1771],"tags":[195915,1778,29,72263,214,30,692,95,136327,1777,12368,64169,195914,215,44473],"class_list":["post-890767","post","type-post","status-publish","format-standard","has-post-thumbnail","category-kino","tag-power-of-love","tag-cinema","tag-deutschland","tag-doc-brown","tag-entertainment","tag-germany","tag-hamburg","tag-kino","tag-marty-mcfly","tag-movie","tag-musical","tag-musicals","tag-premierebericht","tag-unterhaltung","tag-zurueck-in-die-zukunft"],"share_on_mastodon":{"url":"https:\/\/pubeurope.com\/@de\/116279119164013529","error":""},"_links":{"self":[{"href":"https:\/\/www.europesays.com\/de\/wp-json\/wp\/v2\/posts\/890767","targetHints":{"allow":["GET"]}}],"collection":[{"href":"https:\/\/www.europesays.com\/de\/wp-json\/wp\/v2\/posts"}],"about":[{"href":"https:\/\/www.europesays.com\/de\/wp-json\/wp\/v2\/types\/post"}],"author":[{"embeddable":true,"href":"https:\/\/www.europesays.com\/de\/wp-json\/wp\/v2\/users\/2"}],"replies":[{"embeddable":true,"href":"https:\/\/www.europesays.com\/de\/wp-json\/wp\/v2\/comments?post=890767"}],"version-history":[{"count":0,"href":"https:\/\/www.europesays.com\/de\/wp-json\/wp\/v2\/posts\/890767\/revisions"}],"wp:featuredmedia":[{"embeddable":true,"href":"https:\/\/www.europesays.com\/de\/wp-json\/wp\/v2\/media\/890768"}],"wp:attachment":[{"href":"https:\/\/www.europesays.com\/de\/wp-json\/wp\/v2\/media?parent=890767"}],"wp:term":[{"taxonomy":"category","embeddable":true,"href":"https:\/\/www.europesays.com\/de\/wp-json\/wp\/v2\/categories?post=890767"},{"taxonomy":"post_tag","embeddable":true,"href":"https:\/\/www.europesays.com\/de\/wp-json\/wp\/v2\/tags?post=890767"}],"curies":[{"name":"wp","href":"https:\/\/api.w.org\/{rel}","templated":true}]}}