{"id":890877,"date":"2026-03-23T16:13:12","date_gmt":"2026-03-23T16:13:12","guid":{"rendered":"https:\/\/www.europesays.com\/de\/890877\/"},"modified":"2026-03-23T16:13:12","modified_gmt":"2026-03-23T16:13:12","slug":"kommentar-zu-trainer-wagner-beim-1-fc-koeln-ein-quereinsteiger-ist-ein-wagnis-jeder-trainerwechsel-ist-ein-wagnis-sport","status":"publish","type":"post","link":"https:\/\/www.europesays.com\/de\/890877\/","title":{"rendered":"Kommentar zu Trainer Wagner beim 1. FC K\u00f6ln: Ein Quereinsteiger ist ein Wagnis? Jeder Trainerwechsel ist ein Wagnis! &#8211; Sport"},"content":{"rendered":"<p data-manual=\"paragraph\" data-schema-org-speakable=\"true\" class=\"css-1vw426e\">Diego Simeone wird von seinen Trainerkollegen um zwei Dinge beneidet: um die Best\u00e4ndigkeit des Engagements, das er seit 2011 mit Atl\u00e9tico Madrid unterh\u00e4lt, und um seine Uniform, die er seit fast 14 Jahren anlegt, wenn er im Stadion sein Team betreut. Simeone tr\u00e4gt immer, wirklich immer einen schwarzen Anzug, schwarze Schuhe, ein schwarzes Hemd und eine schwarze Krawatte. Daf\u00fcr wurde er zwar schon heftig kritisiert, aber nicht von den Atl\u00e9tico-Bossen, sondern von Mode\u00e4stheten, die eine schwarze Krawatte zum schwarzen Hemd ablehnen.<\/p>\n<p data-manual=\"paragraph\" data-schema-org-speakable=\"true\" class=\"css-1eosz7k\">So nebens\u00e4chlich, wie es scheint, ist die Frage der Dienstkleidung bei Profifu\u00dfballtrainern nicht. Simeone, 55, braucht sich am Spieltag nicht um die Kleiderwahl Gedanken zu machen. Er muss niemanden beeindrucken und kann sich aufs Wesentliche konzentrieren. Lukas Kwasniok, 44, hingegen hat als Trainer des <a href=\"https:\/\/www.sueddeutsche.de\/thema\/1._FC_K%C3%B6ln\" rel=\"nofollow noopener\" target=\"_blank\">1. FC K\u00f6ln<\/a> einige \u00dcberlegungen dazu angestellt, wie er ins Stadion gehen m\u00f6chte. Anfangs der Saison hat er ein Trikot getragen, das als Zeichen der Identifikation im eigenen Publikum erst mal gut ankam \u2013 bis die Meinungen dann doch auseinandergingen. Als er im Dezember den Weihnachtspullover aus dem Fanshop als Dienstkleidung w\u00e4hlte, war das Echo eindeutig: Bitte nicht, lautete mehrheitlich das Votum.<\/p>\n<p><a href=\"https:\/\/www.sueddeutsche.de\/sport\/borussia-dortmund-sportdirektor-nils-ole-book-elversberg-li.3457431\" aria-label=\"Artikelverlinkung:\" data-track-szde=\"{&quot;event&quot;:&quot;teaser_clicked&quot;,&quot;teaser_clicked&quot;:{&quot;article_title&quot;:&quot;der_kaderarchitekt_der_eine_kleine_gemeinde_sehr_gross_machte&quot;,&quot;doctype&quot;:&quot;&quot;,&quot;label&quot;:&quot;&quot;,&quot;main_topic&quot;:&quot;fussball&quot;,&quot;object_id&quot;:&quot;li.3457431&quot;,&quot;pcat&quot;:&quot;metered&quot;,&quot;section&quot;:&quot;sport&quot;,&quot;teaser_type&quot;:&quot;article_teaser_top&quot;}}\" data-manual=\"teaser-url\" data-tb-link=\"\" aria-labelledby=\"teaser-httpswwwsueddeutschedesportborussia-dortmund-sportdirektor-nils-ole-book-elversberg-li3457431\" class=\"css-14tg8sh\" rel=\"nofollow noopener\" target=\"_blank\"><img decoding=\"async\" src=\"https:\/\/www.europesays.com\/de\/wp-content\/uploads\/2026\/03\/1774282392_121_f1002af5-5bee-4e9e-a7ad-ca42ab245a76.jpg\"   alt=\"\" loading=\"lazy\" class=\"css-8atqhb\"\/><\/p>\n<p>Ole Book zum BVB<\/p>\n<p>:Der Kaderarchitekt, der eine kleine Gemeinde sehr gro\u00df machte<\/p>\n<p class=\"css-a6ecqs\" data-manual=\"teaser-text\" data-tb-description=\"\" data-schema-org-speakable=\"true\">Ole Book gilt als Kopf hinter dem Erfolg der SV Elversberg, unter anderem die Entdeckung von Nick Woltemade machte ihn bekannt. Nun muss er beim BVB in einer anderen Fu\u00dfballdimension bestehen.<\/p>\n<p data-manual=\"paragraph\" data-schema-org-speakable=\"true\" class=\"css-1eosz7k\">Selbstverst\u00e4ndlich ist Kwasniok jetzt nicht wegen des irritierenden Pullovers entlassen worden. Ein wenig diskreditiert hat ihn die Wahl aber schon, denn vieles, was Kwasniok als Cheftrainer des 1. FC K\u00f6ln unternommen hat, richtete sich scheinbar zielstrebig auf seine \u00e4u\u00dfere Wirkung. Offenherzigkeit ist Teil seines Wesens, aber zunehmend oft verlor er zwischen charmanten Vortr\u00e4gen und weitschweifigen, manchmal wehleidigen (Ich-)Erz\u00e4hlungen die Linie. Das f\u00fchrte auch im Spielerkader zu Diskussionen.<\/p>\n<p data-manual=\"paragraph\" data-schema-org-speakable=\"true\" class=\"css-1eosz7k\">Als <a href=\"https:\/\/www.sueddeutsche.de\/thema\/Fu%C3%9Fball\" rel=\"nofollow noopener\" target=\"_blank\">Fu\u00dfball<\/a>-Lehrer wird Kwasniok in der Szene gesch\u00e4tzt und geachtet. Er hat eine gute Auffassungsgabe und Ideen f\u00fcr ein eigenes Spiel, hin und wieder zu viele Ideen. Auch da fehlt ihm \u00f6fter die freiwillige Selbstkontrolle. Dass der Klub die Verantwortung f\u00fcr den Abstiegskampf im Saisonfinale jetzt in die H\u00e4nde des Assistenten und Mitgestalters Ren\u00e9 Wagner legt, zeugt von dem st\u00e4ndigen Dilemma, das Kwasniok auf seine Art im Klub erzeugte.<\/p>\n<p>Wie gut sich Wechsel auswirken k\u00f6nnen, zeigen die aktuellen Beispiele Urs Fischer und Merlin Polzin<\/p>\n<p data-manual=\"paragraph\" data-schema-org-speakable=\"true\" class=\"css-1eosz7k\">Viele werden es nun f\u00fcr ein massives Wagnis halten, dass der 1. FC K\u00f6ln einen 37 Jahre alten Seiteneinsteiger ohne vorzeigbare Spielerkarriere und eigene Cheftrainer-Erfahrung damit beauftragt, die Mannschaft durch den in dieser Saison besonders t\u00fcckischen Abstiegskampf zu f\u00fchren. Ein Wagnis ist ein Trainerwechsel immer. Der Fall des VfL Wolfsburg zeigt allerdings, wie ein solches Besetzungsmodell schiefgehen kann. Daniel Bauer, zuvor Junioren-Coach, bekam im Dezember einen langfristigen Vertrag als Instrukteur des Profiteams, nachdem der VfL in den ersten vier Probeeins\u00e4tzen sieben Punkte geholt hatte. Danach gab es in elf Spielen f\u00fcnf Punkte, und Bauer wurde entlassen \u2013 m\u00f6glicherweise zu sp\u00e4t. Die Situation des Klubs erscheint aktuell so verfahren, dass sie auch der als \u201eRetter\u201c eilig herbeigerufene Routinier Dieter Hecking wom\u00f6glich nicht mehr korrigieren kann.<\/p>\n<p data-manual=\"paragraph\" data-schema-org-speakable=\"true\" class=\"css-1eosz7k\">Immer wieder melden akademische Institute, die offenbar nichts Besseres zu tun haben, anhand statistisch begr\u00fcndeter \u201eStudien\u201c, dass der schnelle Trainerwechsel kaum Wirkung bringt. In der Summe mag das stimmen, im Einzelfall aber nicht, und nur auf den kommt es an: Urs Fischer veranschaulicht es gerade auf seine seelenruhige Art in Mainz, Merlin Polzin \u2013 eine experimentelle Variante wie Bauer in Wolfsburg und Wagner in K\u00f6ln \u2013 hat sich beim Hamburger SV durchgesetzt. Bei Ren\u00e9 Wagner hat der 1. FC K\u00f6ln angeblich eine Absicherung in der Hinterhand \u2013 im Notfall k\u00f6nnte im Finale des Finales erneut <a href=\"https:\/\/www.sueddeutsche.de\/thema\/Friedhelm_Funkel\" rel=\"nofollow noopener\" target=\"_blank\">Friedhelm Funkel<\/a>, 72, im Feuerwehrauto vorfahren. So wie im Aufstiegsfinale im Vorjahr und wie im Jahr 2021 in der Abstiegsrelegation. Funkel w\u00e4re dann auf seine Weise ein Langzeitmodell wie Diego Simeone.<\/p>\n","protected":false},"excerpt":{"rendered":"Diego Simeone wird von seinen Trainerkollegen um zwei Dinge beneidet: um die Best\u00e4ndigkeit des Engagements, das er seit&hellip;\n","protected":false},"author":2,"featured_media":890878,"comment_status":"","ping_status":"","sticky":false,"template":"","format":"standard","meta":{"footnotes":"","_share_on_mastodon":"0"},"categories":[1828],"tags":[623,299,29,36001,347,30,1420,148,1209,265,149],"class_list":["post-890877","post","type-post","status-publish","format-standard","has-post-thumbnail","category-koeln","tag-1-fc-koeln","tag-bundesliga","tag-deutschland","tag-friedhelm-funkel","tag-fussball","tag-germany","tag-koeln","tag-leserdiskussion","tag-nordrhein-westfalen","tag-sport","tag-sueddeutsche-zeitung"],"share_on_mastodon":{"url":"https:\/\/pubeurope.com\/@de\/116279378410986064","error":""},"_links":{"self":[{"href":"https:\/\/www.europesays.com\/de\/wp-json\/wp\/v2\/posts\/890877","targetHints":{"allow":["GET"]}}],"collection":[{"href":"https:\/\/www.europesays.com\/de\/wp-json\/wp\/v2\/posts"}],"about":[{"href":"https:\/\/www.europesays.com\/de\/wp-json\/wp\/v2\/types\/post"}],"author":[{"embeddable":true,"href":"https:\/\/www.europesays.com\/de\/wp-json\/wp\/v2\/users\/2"}],"replies":[{"embeddable":true,"href":"https:\/\/www.europesays.com\/de\/wp-json\/wp\/v2\/comments?post=890877"}],"version-history":[{"count":0,"href":"https:\/\/www.europesays.com\/de\/wp-json\/wp\/v2\/posts\/890877\/revisions"}],"wp:featuredmedia":[{"embeddable":true,"href":"https:\/\/www.europesays.com\/de\/wp-json\/wp\/v2\/media\/890878"}],"wp:attachment":[{"href":"https:\/\/www.europesays.com\/de\/wp-json\/wp\/v2\/media?parent=890877"}],"wp:term":[{"taxonomy":"category","embeddable":true,"href":"https:\/\/www.europesays.com\/de\/wp-json\/wp\/v2\/categories?post=890877"},{"taxonomy":"post_tag","embeddable":true,"href":"https:\/\/www.europesays.com\/de\/wp-json\/wp\/v2\/tags?post=890877"}],"curies":[{"name":"wp","href":"https:\/\/api.w.org\/{rel}","templated":true}]}}