{"id":891311,"date":"2026-03-23T20:15:15","date_gmt":"2026-03-23T20:15:15","guid":{"rendered":"https:\/\/www.europesays.com\/de\/891311\/"},"modified":"2026-03-23T20:15:15","modified_gmt":"2026-03-23T20:15:15","slug":"frauen-des-1-fc-koeln-in-nuernberg-in-erfolgsspur-zurueckgekehrt","status":"publish","type":"post","link":"https:\/\/www.europesays.com\/de\/891311\/","title":{"rendered":"Frauen des 1. FC K\u00f6ln in N\u00fcrnberg in Erfolgsspur zur\u00fcckgekehrt"},"content":{"rendered":"<p>Die Fu\u00dfballerinnen des 1. FC K\u00f6ln sind in N\u00fcrnberg in die Erfolgsspur zur\u00fcckgekehrt und gewannen nach f\u00fcnf sieglosen Spielen endlich wieder in der Bundesliga. Von Trainerin Britta Carlson gab es Anerkennung f\u00fcr die Leistungen.<\/p>\n<p id=\"h-\">Trainerin Britta Carlson lobte ihre Mannschaft f\u00fcr die Anpassung an einen oftmals destruktiven Gegner \u2013 und freute sich f\u00fcr die beiden K\u00f6lner Torsch\u00fctzinnen.<\/p>\n<p><a href=\"https:\/\/www.europesays.com\/de\/wp-content\/uploads\/2026\/03\/Britta-Carlson-2.jpg\"><img loading=\"lazy\" decoding=\"async\" width=\"1600\" height=\"1200\" data-id=\"69258\" src=\"https:\/\/www.europesays.com\/de\/wp-content\/uploads\/2026\/03\/Britta-Carlson-2.jpg\" alt=\"Britta Carlson vom 1. FC K\u00f6ln\" class=\"wp-image-69258\"  \/><\/a>Britta Carlson vom 1. FC K\u00f6ln<\/p>\n<p><img decoding=\"async\" style=\"width: 15px;\" src=\"https:\/\/www.europesays.com\/de\/wp-content\/uploads\/2025\/04\/whatsapp-logo.webp.webp\" alt=\"\"\/>\u00a0Ihr wollt immer aktuell informiert sein? Folgt dem <a href=\"https:\/\/whatsapp.com\/channel\/0029VaCxFqM8vd1GzNMmCM2w\" rel=\"nofollow noopener\" target=\"_blank\">WhatsApp-Kanal von come-on-fc.com<\/a>.<\/p>\n<p> <img loading=\"lazy\" decoding=\"async\" src=\"https:\/\/www.europesays.com\/de\/wp-content\/uploads\/2026\/03\/8787448b76ed4814a82a6d9ee9c39256.gif\" width=\"1\" height=\"1\" alt=\"\"\/>Teil\u2019 diesen Beitrag mit deinen Freunden:<\/p>\n<p>Das Duell im Max-Morlock-Stadion war kein fu\u00dfballerischer Leckerbissen f\u00fcr die rund 1000 Zuschauer sowie die Fans vor den TV-Bildschirmen. Die Partie war zerfahren und von vielen Unterbrechungen gepr\u00e4gt. \u201eDas Spiel ist genauso gekommen, wie wir es erwartet haben, dass du gegen einen sehr destruktiven Gegner spielst, der immer wieder gef\u00e4hrlich ist durch seine schnellen Offensivkr\u00e4fte. Wir wussten, dass es schwer wird, hier Fu\u00dfball zu spielen. Wir haben uns darauf vorbereitet und gut darauf eingestellt\u201c, analysierte K\u00f6lns Trainerin Britta Carlson.<\/p>\n<p>Lob von Carlson<\/p>\n<p>Die Fu\u00dfball-Lehrerin \u00e4rgerte sich, dass ihre Mannschaft nach der 2:0-F\u00fchrung nicht nachlegte und so fr\u00fch f\u00fcr klare Verh\u00e4ltnisse gesorgt hat: \u201eWir m\u00fcssen eigentlich das 3:0 machen, vielleicht auch das 4:0 und kriegen durch eine Unachtsamkeit bei einem schnell ausgef\u00fchrten Freisto\u00df, bei dem wir nicht pr\u00e4sent sind oder nicht alle den Ball anschauen, ein unn\u00f6tiges Gegentor.\u201c Die Trainerin freute sich insbesondere f\u00fcr die beiden K\u00f6lner Torsch\u00fctzinnen Laura Donhauser und Sandra Jessen: \u201eLaura ist eine Spielerin, die sich immer komplett f\u00fcrs Team einsetzt, immer Gas gibt. Sie hatte sich schon sehr viele M\u00f6glichkeiten in dieser Saison erarbeitet, aber nicht genutzt.\u201c<\/p>\n<p>Sandra Jessen beendete ihre Torflaute in N\u00fcrnberg nach 520 Minuten. \u201eIch glaube, das hat sie schon belastet, dass sie so lange nicht getroffen hat, weil sie immer wieder flei\u00dfig ist\u201c, konstatierte Carlson, \u201eheute hat sie auch ganz viele Wege vorne mit Pauline Bremer gemacht und sich das Tor hart erarbeitet.\u201c Jessen ist mit nunmehr zehn Saisontreffern immer noch in den Top Ten der Torj\u00e4gerliste der Bundesliga.<\/p>\n<p>Frauen jetzt mit 28 Punkten<\/p>\n<p>Die FC-Frauen verbesserten ihr Punktekonto mit dem Sieg am Dutzendteich auf 28 Z\u00e4hler auf, sind auf dem achten Platz allerdings auch wie festzementiert. Das wiederum wird am Gei\u00dfbockheim jedoch niemanden st\u00f6ren, denn im vergangenen Sommer h\u00e4tte man diese Zwischenbilanz f\u00fcnf Spieltage vor dem Saisonende sofort unterschrieben. Am Wochenende winkt den FC-Frauen die ganz gro\u00dfe TV-B\u00fchne: Das Heimspiel gegen Eintracht Frankfurt wird aufgrund der L\u00e4nderspielpause der Herren-Bundesliga live in der ARD \u00fcbertragen. Die Partie beginnt mit Blick auf die 20-Uhr-Tagesschau deswegen zur ungew\u00f6hnlichen Ansto\u00dfzeit um 17:55 Uhr. Dieser Rahmen d\u00fcrfte zweifellos f\u00fcr eine Extra-Motivation bei der Mannschaft sorgen.<\/p>\n","protected":false},"excerpt":{"rendered":"Die Fu\u00dfballerinnen des 1. FC K\u00f6ln sind in N\u00fcrnberg in die Erfolgsspur zur\u00fcckgekehrt und gewannen nach f\u00fcnf sieglosen&hellip;\n","protected":false},"author":2,"featured_media":891312,"comment_status":"","ping_status":"","sticky":false,"template":"","format":"standard","meta":{"footnotes":"","_share_on_mastodon":"0"},"categories":[1828],"tags":[11214,623,195999,192130,30908,30909,29,25655,7579,25656,192131,30,1420,196000,1209],"class_list":["post-891311","post","type-post","status-publish","format-standard","has-post-thumbnail","category-koeln","tag-11214","tag-1-fc-koeln","tag-1-fc-koeln-1-fc-nuernberg","tag-1-fc-koeln-frauen","tag-1-fc-koeln-nachrichten","tag-1-fc-koeln-news","tag-deutschland","tag-effzeh","tag-fc","tag-fc-koeln","tag-frauen-fc","tag-germany","tag-koeln","tag-koeln-gegen-nuernberg","tag-nordrhein-westfalen"],"share_on_mastodon":{"url":"https:\/\/pubeurope.com\/@de\/116280330284415519","error":""},"_links":{"self":[{"href":"https:\/\/www.europesays.com\/de\/wp-json\/wp\/v2\/posts\/891311","targetHints":{"allow":["GET"]}}],"collection":[{"href":"https:\/\/www.europesays.com\/de\/wp-json\/wp\/v2\/posts"}],"about":[{"href":"https:\/\/www.europesays.com\/de\/wp-json\/wp\/v2\/types\/post"}],"author":[{"embeddable":true,"href":"https:\/\/www.europesays.com\/de\/wp-json\/wp\/v2\/users\/2"}],"replies":[{"embeddable":true,"href":"https:\/\/www.europesays.com\/de\/wp-json\/wp\/v2\/comments?post=891311"}],"version-history":[{"count":0,"href":"https:\/\/www.europesays.com\/de\/wp-json\/wp\/v2\/posts\/891311\/revisions"}],"wp:featuredmedia":[{"embeddable":true,"href":"https:\/\/www.europesays.com\/de\/wp-json\/wp\/v2\/media\/891312"}],"wp:attachment":[{"href":"https:\/\/www.europesays.com\/de\/wp-json\/wp\/v2\/media?parent=891311"}],"wp:term":[{"taxonomy":"category","embeddable":true,"href":"https:\/\/www.europesays.com\/de\/wp-json\/wp\/v2\/categories?post=891311"},{"taxonomy":"post_tag","embeddable":true,"href":"https:\/\/www.europesays.com\/de\/wp-json\/wp\/v2\/tags?post=891311"}],"curies":[{"name":"wp","href":"https:\/\/api.w.org\/{rel}","templated":true}]}}