{"id":891349,"date":"2026-03-23T20:38:13","date_gmt":"2026-03-23T20:38:13","guid":{"rendered":"https:\/\/www.europesays.com\/de\/891349\/"},"modified":"2026-03-23T20:38:13","modified_gmt":"2026-03-23T20:38:13","slug":"so-will-klingbeil-jetzt-sich-selbst-und-die-spd-retten-politik","status":"publish","type":"post","link":"https:\/\/www.europesays.com\/de\/891349\/","title":{"rendered":"So will Klingbeil jetzt sich selbst und die SPD retten | Politik"},"content":{"rendered":"<p><b>Die SPD taumelt nach den j\u00fcngsten Wahlklatschen, die Parteichefs Lars Klingbeil (48) und B\u00e4rbel Bas (57) stehen unter Druck wie nie. Im SPD-Pr\u00e4sidium boten beide am Montagvormittag indirekt den R\u00fccktritt an. Abgelehnt! Beide SPD-Chefs sollen (zumindest vorerst) weitermachen.<\/b><\/p>\n<p>Vor allem Klingbeil hat einen Plan, wie es mit der SPD weitergehen soll \u2013 und mit ihm selbst. Denn: Er will gerne Parteichef, Finanzminister und Vizekanzler bleiben. Damit es so kommt, muss er sowohl die gesamte SPD-F\u00fchrung, weitere SPD-Spitzenpolitiker und den Bundeskanzler, CDU-Chef Friedrich Merz (70), einbinden. <\/p>\n<p>Mit BILDplus erfahren Sie, was Klingbeil vorhat. <\/p>\n","protected":false},"excerpt":{"rendered":"Die SPD taumelt nach den j\u00fcngsten Wahlklatschen, die Parteichefs Lars Klingbeil (48) und B\u00e4rbel Bas (57) stehen unter&hellip;\n","protected":false},"author":2,"featured_media":891350,"comment_status":"","ping_status":"","sticky":false,"template":"","format":"standard","meta":{"footnotes":"","_share_on_mastodon":"0"},"categories":[2],"tags":[72389,29,30,13,2388,193222,14,15,12,184,138370,45,10,8,9,11],"class_list":["post-891349","post","type-post","status-publish","format-standard","has-post-thumbnail","category-deutschland","tag-bas-baerbel","tag-deutschland","tag-germany","tag-headlines","tag-klingbeil-lars","tag-landtagswahlen-rheinland-pfalz","tag-nachrichten","tag-news","tag-schlagzeilen","tag-spd","tag-team-first","tag-texttospeech","tag-top-news","tag-top-meldungen","tag-topmeldungen","tag-topnews"],"share_on_mastodon":{"url":"https:\/\/pubeurope.com\/@de\/116280420390533660","error":""},"_links":{"self":[{"href":"https:\/\/www.europesays.com\/de\/wp-json\/wp\/v2\/posts\/891349","targetHints":{"allow":["GET"]}}],"collection":[{"href":"https:\/\/www.europesays.com\/de\/wp-json\/wp\/v2\/posts"}],"about":[{"href":"https:\/\/www.europesays.com\/de\/wp-json\/wp\/v2\/types\/post"}],"author":[{"embeddable":true,"href":"https:\/\/www.europesays.com\/de\/wp-json\/wp\/v2\/users\/2"}],"replies":[{"embeddable":true,"href":"https:\/\/www.europesays.com\/de\/wp-json\/wp\/v2\/comments?post=891349"}],"version-history":[{"count":0,"href":"https:\/\/www.europesays.com\/de\/wp-json\/wp\/v2\/posts\/891349\/revisions"}],"wp:featuredmedia":[{"embeddable":true,"href":"https:\/\/www.europesays.com\/de\/wp-json\/wp\/v2\/media\/891350"}],"wp:attachment":[{"href":"https:\/\/www.europesays.com\/de\/wp-json\/wp\/v2\/media?parent=891349"}],"wp:term":[{"taxonomy":"category","embeddable":true,"href":"https:\/\/www.europesays.com\/de\/wp-json\/wp\/v2\/categories?post=891349"},{"taxonomy":"post_tag","embeddable":true,"href":"https:\/\/www.europesays.com\/de\/wp-json\/wp\/v2\/tags?post=891349"}],"curies":[{"name":"wp","href":"https:\/\/api.w.org\/{rel}","templated":true}]}}