{"id":891425,"date":"2026-03-23T21:20:12","date_gmt":"2026-03-23T21:20:12","guid":{"rendered":"https:\/\/www.europesays.com\/de\/891425\/"},"modified":"2026-03-23T21:20:12","modified_gmt":"2026-03-23T21:20:12","slug":"stromausfall-in-dresden-hunderte-haushalte-in-cotta-betroffen","status":"publish","type":"post","link":"https:\/\/www.europesays.com\/de\/891425\/","title":{"rendered":"Stromausfall in Dresden: Hunderte Haushalte in Cotta betroffen"},"content":{"rendered":"<p class=\"text\">\nIn Dresden-Cotta ist am Montagabend in mehreren Stra\u00dfen in der N\u00e4he des Emerich-Ambros-Ufers der Strom ausgefallen. Der Versorger Sachsen Energie <a href=\"https:\/\/serviceplattform.sachsen-netze.de\/#\" title=\"Ausfall Sachsen Energie\" data-ctrl-link=\"{&#039;id&#039;: &#039;57b01b99-186a-4832-8c77-7c5c95ee6a3f&#039;,&#039;type&#039;:&#039;external&#039;,&#039;window&#039;:{&#039;type&#039;:&#039;empty&#039;,&#039;config&#039;:{&#039;title&#039;:&#039;Ausfall Sachsen Energie&#039;,&#039;top&#039;:&#039;0&#039;,&#039;left&#039;:&#039;0&#039;,&#039;width&#039;:&#039;0&#039;,&#039;height&#039;:&#039;0&#039;,&#039;status&#039;:&#039;0&#039;,&#039;menubar&#039;:&#039;0&#039;,&#039;location&#039;:&#039;0&#039;,&#039;scroll&#039;:&#039;0&#039;,&#039;toolbar&#039;:&#039;0&#039;,&#039;resizable&#039;:&#039;0&#039;}}}\" rel=\"nofollow noopener\" target=\"_blank\">teilte auf seiner Internetseite mit,<\/a> dass 715 Haushalte von der St\u00f6rung betroffen sind (Stand 22 Uhr).\n<\/p>\n<p class=\"text\">\nDie Polizei best\u00e4tigte MDR SACHSEN den Ausfall, konnte aber noch nichts zu den Gr\u00fcnden sagen. Auch wie lang die St\u00f6rung noch dauert, ist bislang unklar.<\/p>\n","protected":false},"excerpt":{"rendered":"In Dresden-Cotta ist am Montagabend in mehreren Stra\u00dfen in der N\u00e4he des Emerich-Ambros-Ufers der Strom ausgefallen. Der Versorger&hellip;\n","protected":false},"author":2,"featured_media":891426,"comment_status":"","ping_status":"","sticky":false,"template":"","format":"standard","meta":{"footnotes":"","_share_on_mastodon":"0"},"categories":[1835],"tags":[85415,3364,29,2386,30,81,14,121,859,10846,5667],"class_list":["post-891425","post","type-post","status-publish","format-standard","has-post-thumbnail","category-dresden","tag-cotta","tag-de","tag-deutschland","tag-dresden","tag-germany","tag-mdr","tag-nachrichten","tag-polizei","tag-sachsen","tag-sachsen-energie","tag-stromausfall"],"share_on_mastodon":{"url":"https:\/\/pubeurope.com\/@de\/116280585527084599","error":""},"_links":{"self":[{"href":"https:\/\/www.europesays.com\/de\/wp-json\/wp\/v2\/posts\/891425","targetHints":{"allow":["GET"]}}],"collection":[{"href":"https:\/\/www.europesays.com\/de\/wp-json\/wp\/v2\/posts"}],"about":[{"href":"https:\/\/www.europesays.com\/de\/wp-json\/wp\/v2\/types\/post"}],"author":[{"embeddable":true,"href":"https:\/\/www.europesays.com\/de\/wp-json\/wp\/v2\/users\/2"}],"replies":[{"embeddable":true,"href":"https:\/\/www.europesays.com\/de\/wp-json\/wp\/v2\/comments?post=891425"}],"version-history":[{"count":0,"href":"https:\/\/www.europesays.com\/de\/wp-json\/wp\/v2\/posts\/891425\/revisions"}],"wp:featuredmedia":[{"embeddable":true,"href":"https:\/\/www.europesays.com\/de\/wp-json\/wp\/v2\/media\/891426"}],"wp:attachment":[{"href":"https:\/\/www.europesays.com\/de\/wp-json\/wp\/v2\/media?parent=891425"}],"wp:term":[{"taxonomy":"category","embeddable":true,"href":"https:\/\/www.europesays.com\/de\/wp-json\/wp\/v2\/categories?post=891425"},{"taxonomy":"post_tag","embeddable":true,"href":"https:\/\/www.europesays.com\/de\/wp-json\/wp\/v2\/tags?post=891425"}],"curies":[{"name":"wp","href":"https:\/\/api.w.org\/{rel}","templated":true}]}}