{"id":891470,"date":"2026-03-23T21:44:13","date_gmt":"2026-03-23T21:44:13","guid":{"rendered":"https:\/\/www.europesays.com\/de\/891470\/"},"modified":"2026-03-23T21:44:13","modified_gmt":"2026-03-23T21:44:13","slug":"berlin-jetzt-redet-der-regierende-buergermeister-ich-habe-meinen-job-gemacht-regional","status":"publish","type":"post","link":"https:\/\/www.europesays.com\/de\/891470\/","title":{"rendered":"Berlin: Jetzt redet der Regierende B\u00fcrgermeister: \u201eIch habe meinen Job gemacht\u201c | Regional"},"content":{"rendered":"<p><a class=\"skip-content skip-content--link\" href=\"#in-content-skip-link-target-v-0-0\">TTS-Player \u00fcberspringen\u21b5<\/a><a id=\"in-content-skip-link-target-v-0-0\" class=\"skip-content--target-link-hidden skip-content skip-content--target-link\" href=\"#in-content-skip-link-target-v-0-0\">Artikel weiterlesen<\/a><\/p>\n<p>Berlin \u2013 <b>Berlins Regierender B\u00fcrgermeister Kai Wegner (52, CDU) sieht sich seit l\u00e4ngerem Vorw\u00fcrfen ausgesetzt. Er habe mehrmals gelogen, hei\u00dft es, als es um die Aufarbeitung des Tages ging, an dem ein Brandanschlag von Linksextremisten auf das Berliner Stromnetz zehntausenden B\u00fcrgern K\u00e4lte und Dunkelheit brachte.\u00a0<\/b><\/p>\n<p>Wegner erw\u00e4hnte zun\u00e4chst nicht, dass er f\u00fcr eine Stunde zum Tennisspiel das Homeoffice verlie\u00df. Es gab Vorw\u00fcrfe, er habe sich nicht rechtzeitig und ausreichend gek\u00fcmmert.\u00a0<br \/>\nIm Gespr\u00e4ch mit der B.Z. sagt er jetzt: \u201eJa, ich habe kommunikative Fehler gemacht und m\u00f6chte mich daf\u00fcr bei allen Berlinerinnen und Berlinern entschuldigen. Es tut mir aufrichtig leid.\u201c Aber: Er habe nicht bewusst get\u00e4uscht, das will Wegner klarstellen. Und:\u00a0\u201eIch habe meinen Job gemacht!\u201c<\/p>\n<p>Am 3. Januar 2026, um 8.07 Uhr, bekam er die erste Nachricht von Innensenatorin Iris Spranger. Da war von 19.000 betroffenen <a href=\"https:\/\/www.bild.de\/politik\/inland\/strom-anschlag-in-berlin-experte-warnt-vor-blackout-in-staedten-695bbccafb77630dac278269\" class=\"text-link\" rel=\"nofollow noopener\" target=\"_blank\">Haushalten die Rede, die keinen Strom mehr bek\u00e4men<\/a>, und dass am Abend gegen 18.30 Uhr der Schaden behoben sein werde.<\/p>\n<p>Mehr zum Thema<\/p>\n<p>Vor diesem Hintergrund kommunizierte Wegner im weiteren Verlauf des Vormittags \u00fcber Textnachrichten mit seinem Stab. Um 12.07 Uhr folgte der erste Lagebericht der Wirtschaftssenatorin Franziska Giffey. Nun hatte sich die Zahl der betroffenen Haushalte auf 45.000 erh\u00f6ht und es war unklar, wann der <a href=\"https:\/\/www.bild.de\/ratgeber\/geld\/strom\/strom-und-energiepreise-alle-infos-78276768.bild.html\" class=\"text-link\" rel=\"nofollow noopener\" target=\"_blank\">Strom<\/a> wieder flie\u00dfen w\u00fcrde.\u00a0Wegner telefonierte hierauf mit der zust\u00e4ndigen Senatorin Giffey und auch mit seiner Senatskanzlei. Dann ging er von 13 bis 14 Uhr auf den Tennisplatz \u2013\u00a0\u201eum den Kopf freizubekommen\u201c, wie er in einem Interview mit WELT sp\u00e4ter sagte.<\/p>\n<p>M\u00f6glicherweise erstmalige Gro\u00dfschadenslage<\/p>\n<p>Um 14.30 Uhr wurde der Ernst der Lage deutlicher. Stromnetz <a href=\"https:\/\/www.bild.de\/regional\/berlin\/berlin-regional\/home-15823246.bild.html\" class=\"text-link\" rel=\"nofollow noopener\" target=\"_blank\">Berlin<\/a> gab bekannt, dass der Schaden doch gr\u00f6\u00dfer sei und nicht vor dem folgenden Donnerstag behoben sein k\u00f6nnte. Damit war offensichtlich, dass hier eine Dimension erreicht war, die sehr viele Menschen in ihrem Alltag beeintr\u00e4chtigen w\u00fcrde: \u00a0\u201eMir wurde dann im Laufe des weiteren Tages klar, dass wir m\u00f6glicherweise erstmalig f\u00fcr Berlin die Gro\u00dfschadenslage ausrufen m\u00fcssen.\u201c<\/p>\n<p>Mehr zum Thema<\/p>\n<p>Mit diesem Verwaltungsakt konnte die Koordination der Eins\u00e4tze vom Bezirksamt Steglitz-Zehlendorf in die Hand des Senats gelegt werden. Nur so konnten au\u00dferdem die ehrenamtlichen Helfer von DRK, THW usw. in den kommenden Tagen im Einsatz gehalten und die Bundeswehr um Hilfe gebeten werden. \u00dcber die Pr\u00e4sidentin des Abgeordnetenhauses lie\u00df Kai Wegner Kontakt zu Brigadegeneral Horst Busch aufnehmen, um ihn f\u00fcr den Krisenstab zu gewinnen. Busch ist Kommandeur des Landeskommandos Berlin der Bundeswehr.\u00a0<\/p>\n<p>\u201eEine emotional angespannte Situation\u201c<\/p>\n<p>Zus\u00e4tzlich beriet sich Wegner mit der Polizeif\u00fchrung und dem Innensenat. Dabei ging es auch um die Gro\u00dfschadenslage, die ein Regierender B\u00fcrgermeister allerdings nicht anordnen kann, sie muss durch die Innensenatorin ausgerufen werden. Am fr\u00fchen Abend nahm Wegner dann Kontakt mit dem Bundeskanzleramt und dem Bundesinnenministerium auf und nahm an der Sitzung des Berliner Krisenstabes teil.<\/p>\n<p>Gegen Vorw\u00fcrfe, zu wenig getan zu haben, wehrt er sich: \u201eEs war eine emotional angespannte Situation. Aufgrund meiner Fehler in der Kommunikation ist ein Eindruck entstanden, den ich sehr bedauere. Tats\u00e4chlich habe ich mich mit aller Kraft um die Bew\u00e4ltigung dieser Krise gek\u00fcmmert, als absehbar war, welche Dimension das annimmt.\u201c<\/p>\n<p>Auf die Frage, weshalb er denn nicht schon am Tage des <a href=\"https:\/\/www.bild.de\/themen\/ereignisse\/braende-und-feuer-kcCBhSDxfE9cAkTeE6kA\" class=\"text-link\" rel=\"nofollow noopener\" target=\"_blank\">Brandanschlags<\/a>, sondern erst am n\u00e4chsten Tag vor Ort bei den Helfern und Opfern erschien, sagt der Regierende ganz entschieden: \u201eDa h\u00e4tte ich niemandem geholfen, im Gegenteil, ich h\u00e4tte die Arbeiten behindert, ich h\u00e4tte nur gest\u00f6rt und Hilfsarbeiten unterbrochen.\u201c<\/p>\n","protected":false},"excerpt":{"rendered":"TTS-Player \u00fcberspringen\u21b5Artikel weiterlesen Berlin \u2013 Berlins Regierender B\u00fcrgermeister Kai Wegner (52, CDU) sieht sich seit l\u00e4ngerem Vorw\u00fcrfen ausgesetzt.&hellip;\n","protected":false},"author":2,"featured_media":891471,"comment_status":"","ping_status":"","sticky":false,"template":"","format":"standard","meta":{"footnotes":"","_share_on_mastodon":"0"},"categories":[1825],"tags":[296,8389,181674,29,30,5667,45,72535],"class_list":["post-891470","post","type-post","status-publish","format-standard","has-post-thumbnail","category-berlin","tag-berlin","tag-buergermeister","tag-deep-news","tag-deutschland","tag-germany","tag-stromausfall","tag-texttospeech","tag-wegner-kai"],"share_on_mastodon":{"url":"https:\/\/pubeurope.com\/@de\/116280679962344199","error":""},"_links":{"self":[{"href":"https:\/\/www.europesays.com\/de\/wp-json\/wp\/v2\/posts\/891470","targetHints":{"allow":["GET"]}}],"collection":[{"href":"https:\/\/www.europesays.com\/de\/wp-json\/wp\/v2\/posts"}],"about":[{"href":"https:\/\/www.europesays.com\/de\/wp-json\/wp\/v2\/types\/post"}],"author":[{"embeddable":true,"href":"https:\/\/www.europesays.com\/de\/wp-json\/wp\/v2\/users\/2"}],"replies":[{"embeddable":true,"href":"https:\/\/www.europesays.com\/de\/wp-json\/wp\/v2\/comments?post=891470"}],"version-history":[{"count":0,"href":"https:\/\/www.europesays.com\/de\/wp-json\/wp\/v2\/posts\/891470\/revisions"}],"wp:featuredmedia":[{"embeddable":true,"href":"https:\/\/www.europesays.com\/de\/wp-json\/wp\/v2\/media\/891471"}],"wp:attachment":[{"href":"https:\/\/www.europesays.com\/de\/wp-json\/wp\/v2\/media?parent=891470"}],"wp:term":[{"taxonomy":"category","embeddable":true,"href":"https:\/\/www.europesays.com\/de\/wp-json\/wp\/v2\/categories?post=891470"},{"taxonomy":"post_tag","embeddable":true,"href":"https:\/\/www.europesays.com\/de\/wp-json\/wp\/v2\/tags?post=891470"}],"curies":[{"name":"wp","href":"https:\/\/api.w.org\/{rel}","templated":true}]}}