{"id":891597,"date":"2026-03-23T22:57:38","date_gmt":"2026-03-23T22:57:38","guid":{"rendered":"https:\/\/www.europesays.com\/de\/891597\/"},"modified":"2026-03-23T22:57:38","modified_gmt":"2026-03-23T22:57:38","slug":"1-fc-koeln-exklusiv-funkel-haelt-sich-trainer-comeback-weiter-offen","status":"publish","type":"post","link":"https:\/\/www.europesays.com\/de\/891597\/","title":{"rendered":"1. FC K\u00f6ln | Exklusiv! Funkel h\u00e4lt sich Trainer-Comeback weiter offen"},"content":{"rendered":"\n<p>Nach der Entlassung von Cheftrainer Lukas Kwasniok herrscht beim abstiegsbedrohten Fu\u00dfball-Bundesligisten 1. FC K\u00f6ln weiter gro\u00dfe Unruhe. Rund um das Trainerbeben in K\u00f6ln-M\u00fcngersdorf und der Bef\u00f6rderung von Ren\u00e9 Wagner zum Interimstrainer hat nun Friedhelm Funkel gegen\u00fcber RTL\/ntv und sport.de erneut in Aussicht gestellt, selbst noch mal auf die Trainerbank zur\u00fcckkehren zu k\u00f6nnen.<\/p>\n<p>Zur Trennung vom bisherigen Coach Lukas Kwasniok zeigte Friedhelm Funkel in dem exklusiven Interview mit <strong>RTL\/ntv<\/strong> und <strong>sport.de<\/strong>\u00a0durchaus Verst\u00e4ndnis, auch wenn er Kwasniok inhaltlich verteidigt: &#8222;Man kann Lukas eigentlich gar nicht so viel vorwerfen. Gerade inhaltlich und was er mit der Mannschaft auf dem Platz gemacht hat. Die Mannschaft hat \u00fcberwiegend, ich sag mal zu 80, 85 Prozent wirklich immer gute Spiele gemacht.&#8220;<\/p>\n<p>Dennoch sei die Bilanz entscheidend gewesen: &#8222;18 Spiele, zwei Siege nur \u2013 das ist einfach zu wenig, um aus dem Abstiegskampf rauszukommen&#8220;, f\u00fcgte der 72-J\u00e4hrige hinzu. De facto rangiert der Effzeh aktuell nur auf Tabellenplatz 15 mit nur zwei Punkten Vorsprung auf den Relegationsplatz.<\/p>\n<p>F\u00fcr Funkel ist ohnehin klar, dass bei dem speziellen und emotionalen Umfeld in der Domstadt beileibe nicht jeder Trainertyp funktioniert: &#8222;In K\u00f6ln darf man ja nicht zu viel Ruhe ausstrahlen. Dann sagt man: Ja, der schl\u00e4ft ja ein, der Trainer.&#8220;\u00a0Gleichzeitig warnte er vor zu viel Emotionalit\u00e4t: &#8222;Ich sage immer, weniger ist manchmal mehr.&#8220;<\/p>\n<p>Funkel schlie\u00dft R\u00fcckkehr explizit nicht aus<\/p>\n<p>Hoffnung setzt das Bundesliga-Urgestein nun auf Interimscoach Ren\u00e9 Wagner. Die Ausgangslage f\u00fcr den bef\u00f6rderten Linienchef der K\u00f6lner\u00a0bewertete Funkel\u00a0optimistisch: &#8222;Die Spiele, die der FC noch vor der Brust hat, stimmen mich total optimistisch, dass die hundertprozentig die Klasse halten.&#8220; Dennoch bleibt die Aufgabe klar: &#8222;Sie m\u00fcssen Spiele gewinnen.&#8220;<\/p>\n<p>Besonders brisant: Immer wieder wurde Funkel selbst als m\u00f6glicher Retter gehandelt. Doch dazu stellt er unmissverst\u00e4ndlich klar: &#8222;Nein, es gab keinen Kontakt zum 1. FC K\u00f6ln. Und es ist schon richtig so, wie sie sich jetzt entschieden haben.&#8220;<\/p>\n<p>Trotzdem schlie\u00dft der Altmeister eine vierte Amtszeit als Coach beim 1. FC K\u00f6ln oder auch anderswo explizit nicht aus: &#8222;Ich bin gesund, ich bin immer noch gerne im Stadion und w\u00fcrde, wenn es der Situation entspricht, wo ich mich mit identifizieren kann, nicht ausschlie\u00dfen, nochmal irgendwann auf die Trainerbank zur\u00fcckzukehren.&#8220;<\/p>\n","protected":false},"excerpt":{"rendered":"Nach der Entlassung von Cheftrainer Lukas Kwasniok herrscht beim abstiegsbedrohten Fu\u00dfball-Bundesligisten 1. FC K\u00f6ln weiter gro\u00dfe Unruhe. Rund&hellip;\n","protected":false},"author":2,"featured_media":891598,"comment_status":"","ping_status":"","sticky":false,"template":"","format":"standard","meta":{"footnotes":"","_share_on_mastodon":"0"},"categories":[1828],"tags":[623,299,29,36001,347,30,1420,46924,1209,196036,863,887,4443],"class_list":["post-891597","post","type-post","status-publish","format-standard","has-post-thumbnail","category-koeln","tag-1-fc-koeln","tag-bundesliga","tag-deutschland","tag-friedhelm-funkel","tag-fussball","tag-germany","tag-koeln","tag-lukasz-kwasniok","tag-nordrhein-westfalen","tag-rene-wagner","tag-sport-allgemein","tag-top-fussball","tag-transfers-und-geruechte"],"share_on_mastodon":{"url":"https:\/\/pubeurope.com\/@de\/116280966988814404","error":""},"_links":{"self":[{"href":"https:\/\/www.europesays.com\/de\/wp-json\/wp\/v2\/posts\/891597","targetHints":{"allow":["GET"]}}],"collection":[{"href":"https:\/\/www.europesays.com\/de\/wp-json\/wp\/v2\/posts"}],"about":[{"href":"https:\/\/www.europesays.com\/de\/wp-json\/wp\/v2\/types\/post"}],"author":[{"embeddable":true,"href":"https:\/\/www.europesays.com\/de\/wp-json\/wp\/v2\/users\/2"}],"replies":[{"embeddable":true,"href":"https:\/\/www.europesays.com\/de\/wp-json\/wp\/v2\/comments?post=891597"}],"version-history":[{"count":0,"href":"https:\/\/www.europesays.com\/de\/wp-json\/wp\/v2\/posts\/891597\/revisions"}],"wp:featuredmedia":[{"embeddable":true,"href":"https:\/\/www.europesays.com\/de\/wp-json\/wp\/v2\/media\/891598"}],"wp:attachment":[{"href":"https:\/\/www.europesays.com\/de\/wp-json\/wp\/v2\/media?parent=891597"}],"wp:term":[{"taxonomy":"category","embeddable":true,"href":"https:\/\/www.europesays.com\/de\/wp-json\/wp\/v2\/categories?post=891597"},{"taxonomy":"post_tag","embeddable":true,"href":"https:\/\/www.europesays.com\/de\/wp-json\/wp\/v2\/tags?post=891597"}],"curies":[{"name":"wp","href":"https:\/\/api.w.org\/{rel}","templated":true}]}}