{"id":891657,"date":"2026-03-23T23:31:15","date_gmt":"2026-03-23T23:31:15","guid":{"rendered":"https:\/\/www.europesays.com\/de\/891657\/"},"modified":"2026-03-23T23:31:15","modified_gmt":"2026-03-23T23:31:15","slug":"musikhistoriker-charles-burney-kam-vor-300-jahren-zur-welt","status":"publish","type":"post","link":"https:\/\/www.europesays.com\/de\/891657\/","title":{"rendered":"Musikhistoriker Charles Burney kam vor 300 Jahren zur Welt"},"content":{"rendered":"<p><img loading=\"lazy\" decoding=\"async\" src=\"https:\/\/www.europesays.com\/de\/wp-content\/uploads\/2026\/03\/26_mannheim_sonstige_charles-burney_von-joshua_Reynolds_foto-national-portrait-gallery-london_gemein.jpeg\" alt=\"Reynolds, Joshua, 1723 1792; Charles Burney\" width=\"600\" height=\"729\" class=\"size-full wp-image-631048\"  \/>Reynolds, Joshua; Charles Burney; National Portrait Gallery, London; http:\/\/www.artuk.org\/artworks\/charles-burney-157658Mannheim \/ Metropolregion Rhein-Neckar(red\/ak) \u2013 Sein Wunsch, ein Buch \u00fcber europ\u00e4ische Musikgeschichte zu schreiben, f\u00fchrte den Engl\u00e4nder Charles Burney im August 1772 ins Barockschloss Mannheim an den Hof des Kurf\u00fcrsten Carl Theodor. In Schloss und Schlossgarten Schwetzingen, der Sommerresidenz des Herrschers, lauschte er dem Hoforchester \u2013 und war sofort vom Ensemble begeistert. In seinem Tagebuch vermerkte er: \u201edas Orchester des Churf\u00fcrsten (\u2026), welches mit Recht durch ganz Europa so ber\u00fchmt ist\u201c. Am 7. April w\u00e4re der britische Musikhistoriker, Komponist und Organist 300 Jahre alt geworden.<\/p>\n<p>Ein Leben f\u00fcr die Musik<br \/>Charles Burney wurde vor genau 300 Jahren, am 7. April 1726, in Shrewsbury im Westen Englands geboren. Bereits in seiner Kindheit und Jugend zeigte er gro\u00dfes Interesse und Verst\u00e4ndnis f\u00fcr Musik. Mit Hilfe seines Stiefbruders, des Organisten James Burney, verfeinerte er mit 15 Jahren seine musikalischen Kenntnisse und wurde 1744 Sch\u00fcler des Komponisten Thomas Arne in London. Hier konnte er sogar Violine und Viola im Orchester des heute weltber\u00fchmten deutschen Komponisten Georg Friedrich H\u00e4ndel spielen. In den folgenden Jahren verdiente Charles Burney seinen Unterhalt als Organist. Als ihm die Universit\u00e4t von Oxford 1769 den Titel \u201eDoctor of Music\u201c verlieh, fasste er den wegweisenden Entschluss, ein Buch \u00fcber die europ\u00e4ische Musikgeschichte zu schreiben. Im Juni 1770 war es dann so weit: Von London aus trat er seine Forschungsreise an, die ihn durch ganz Europa f\u00fchren sollte.<\/p>\n<p>Besuch in Mannheim und Schwetzingen<br \/>Neben anderen wichtigen europ\u00e4ischen Kulturzentren wie Paris, Venedig, Genf und Rom f\u00fchrte ihn sein Weg auch nach Mannheim, an den Hof des Kurf\u00fcrsten Carl Theodor. Der Monarch liebte die sch\u00f6nen K\u00fcnste und hatte ein renommiertes Ensemble aus rund 75 Musikern zusammengestellt. Von ihrer Virtuosit\u00e4t konnte sich Charles Burney im August 1772 selbst \u00fcberzeugen. Zu einer Opernauff\u00fchrung im Schloss Schwetzingen schrieb er in sein Tagebuch: \u201eIch fand wirklich alles daran, was mich der allgemeine Ruf hatte erwarten lassen. \u2026 Es sind wirklich mehr Solospieler und gute Komponisten in diesem, als vielleicht in irgend einem Orchester in Europa\u201c. Auch f\u00fcr den Kurf\u00fcrsten selbst fand er lobende Worte: \u201eMusik scheint Sr. Churf\u00fcrstl. Durchl. liebster und best\u00e4ndigster Zeitvertreib zu seyn; und die Opern und Concerte, wozu alle seine Unterthanen Zutritt haben, bilden durchs ganze Churf\u00fcrstenthum den musikalischen Geschmack.\u201c<\/p>\n<p>Ein renommiertes Orchester<br \/>Mit der \u201eMannheimer Schule\u201c setzte das Orchester von Kurf\u00fcrst Carl Theodor neue Ma\u00dfst\u00e4be. Der musikverliebte Herrscher \u2013 er spielte selbst Fl\u00f6te und Cello \u2013 f\u00f6rderte die Musiker nicht nur finanziell, sondern sorgte auch f\u00fcr ein herausragendes Ausbildungssystem. Dadurch entstand ein Ensemble, das zu den innovativsten und besten Hofkapellen Europas z\u00e4hlte. Grundsteine der modernen Oper wurden in Mannheim gelegt, ebenso wie die Einf\u00fchrung eines einheitlichen Bogenstrichs im Orchester. Die Musik der \u201eMannheimer Schule\u201c klingt bis heute im \u201eErlebnisraum Hofmusik\u201c im Barockschloss Mannheim nach. Dort k\u00f6nnen die Besucherinnen und Besucher neben zahlreichen originalen Streichinstrumenten und anderen Objekten auch der Musik lauschen \u2013 ganz wie Charles Burney seiner Zeit. <\/p>\n<p>Chronist der europ\u00e4ischen Musik<br \/>Mit diesen Eindr\u00fccken setzte er seine Reise fort. Seine Erkenntnisse ver\u00f6ffentlichte er in verschiedenen Reiseberichten und in seinem Gro\u00dfwerk \u201eA General History of Music\u201c, dessen erster Band 1776 in England erschien und dem noch drei weitere folgen sollten1783 zog es den ber\u00fchmt gewordenen Musikhistoriker und Komponisten nach Chelsea \u2013 heute ein Teil von London \u2013, wo er als Organist am College arbeitete. Am 12. April 1814 starb der Musikhistoriker dort. Eine Gedenktafel in der Westminster Abbey erinnert an ihn.<\/p>\n<p>Quelle: Staatlichen Schl\u00f6sser und G\u00e4rten Baden-W\u00fcrttemberg<\/p>\n<p class=\"post-modified-info\">Zuletzt aktualisiert am 23. M\u00e4rz 2026, 21:14<\/p>\n","protected":false},"excerpt":{"rendered":"Reynolds, Joshua; Charles Burney; National Portrait Gallery, London; http:\/\/www.artuk.org\/artworks\/charles-burney-157658Mannheim \/ Metropolregion Rhein-Neckar(red\/ak) \u2013 Sein Wunsch, ein Buch \u00fcber&hellip;\n","protected":false},"author":2,"featured_media":891658,"comment_status":"","ping_status":"","sticky":false,"template":"","format":"standard","meta":{"footnotes":"","_share_on_mastodon":"0"},"categories":[1845],"tags":[5587,1634,6329,1797,3364,29,548,663,3934,598,30,13,2917,5998,4036,2096,25488,25489,810,9668,14,14480,15,97,4894,4562,5206,28951,12,13597,966,1978,17315,5162,14876,103],"class_list":["post-891657","post","type-post","status-publish","format-standard","has-post-thumbnail","category-mannheim","tag-baden","tag-baden-wuerttemberg","tag-band","tag-buch","tag-de","tag-deutschland","tag-eu","tag-europa","tag-europe","tag-garten","tag-germany","tag-headlines","tag-hilfe","tag-leben","tag-london","tag-mannheim","tag-metropolregion","tag-metropolregion-rhein-neckar","tag-musik","tag-musiker","tag-nachrichten","tag-neckar","tag-news","tag-oper","tag-orchester","tag-reise","tag-rhein","tag-rhein-neckar","tag-schlagzeilen","tag-schloss","tag-schule","tag-schueler","tag-schwetzingen","tag-universitaet","tag-verstaendnis","tag-welt"],"share_on_mastodon":{"url":"https:\/\/pubeurope.com\/@de\/116281100626902964","error":""},"_links":{"self":[{"href":"https:\/\/www.europesays.com\/de\/wp-json\/wp\/v2\/posts\/891657","targetHints":{"allow":["GET"]}}],"collection":[{"href":"https:\/\/www.europesays.com\/de\/wp-json\/wp\/v2\/posts"}],"about":[{"href":"https:\/\/www.europesays.com\/de\/wp-json\/wp\/v2\/types\/post"}],"author":[{"embeddable":true,"href":"https:\/\/www.europesays.com\/de\/wp-json\/wp\/v2\/users\/2"}],"replies":[{"embeddable":true,"href":"https:\/\/www.europesays.com\/de\/wp-json\/wp\/v2\/comments?post=891657"}],"version-history":[{"count":0,"href":"https:\/\/www.europesays.com\/de\/wp-json\/wp\/v2\/posts\/891657\/revisions"}],"wp:featuredmedia":[{"embeddable":true,"href":"https:\/\/www.europesays.com\/de\/wp-json\/wp\/v2\/media\/891658"}],"wp:attachment":[{"href":"https:\/\/www.europesays.com\/de\/wp-json\/wp\/v2\/media?parent=891657"}],"wp:term":[{"taxonomy":"category","embeddable":true,"href":"https:\/\/www.europesays.com\/de\/wp-json\/wp\/v2\/categories?post=891657"},{"taxonomy":"post_tag","embeddable":true,"href":"https:\/\/www.europesays.com\/de\/wp-json\/wp\/v2\/tags?post=891657"}],"curies":[{"name":"wp","href":"https:\/\/api.w.org\/{rel}","templated":true}]}}