{"id":891777,"date":"2026-03-24T00:39:22","date_gmt":"2026-03-24T00:39:22","guid":{"rendered":"https:\/\/www.europesays.com\/de\/891777\/"},"modified":"2026-03-24T00:39:22","modified_gmt":"2026-03-24T00:39:22","slug":"mehrere-airlines-betroffen-lufthansa-streicht-nahost-fluege-bis-herbst","status":"publish","type":"post","link":"https:\/\/www.europesays.com\/de\/891777\/","title":{"rendered":"Mehrere Airlines betroffen: Lufthansa streicht Nahost-Fl\u00fcge bis Herbst"},"content":{"rendered":"<p>Mehrere Airlines betroffenLufthansa streicht Nahost-Fl\u00fcge bis Herbst<\/p>\n<p>23.03.2026, 20:52 Uhr <\/p>\n<p>Artikel anh\u00f6ren(02:23 min)<\/p>\n<p><img decoding=\"async\" class=\"Image_img__fQCi0 Image_Img_16_9__4BLfH widget-picture-inline_maximizable__t_E7h\" loading=\"eager\" fetchpriority=\"high\" src=\"https:\/\/www.europesays.com\/de\/wp-content\/uploads\/2026\/03\/Ein-Bauarbeiten-steht-auf-der-Start-und-Landebahn-waehrend-eine-Lufthansa-Maschine-im-Hintergrund-fa.webp\" alt=\"Ein-Bauarbeiten-steht-auf-der-Start-und-Landebahn-waehrend-eine-Lufthansa-Maschine-im-Hintergrund-faehrt-Am-Frankfurter-Flughafen-wird-die-am-staerksten-belastete-Start-und-Landebahn-saniert-Noch-bis-in-die-Nacht-zum-24-Maerz-Dienstag-dauern-die-Arbeiten-an-dem-vier-Kilometer-langen-Asphaltband-Center-unmittelbar-vor-den-Passagier-Terminals\"\/>Sicherheitsrisiken und betriebliche Gr\u00fcnde f\u00fchrt die Lufthansa f\u00fcr die eigene Entscheidung an. (Foto: picture alliance\/dpa)TeilenFolgen auf:<a href=\"https:\/\/www.whatsapp.com\/channel\/0029Va5cdVJD8SDp5YZgYF01\" title=\"Auf WhatsApp folgen\" target=\"_blank\" rel=\"nofollow noopener\"><img decoding=\"async\" src=\"https:\/\/www.n-tv.de\/socialIcons\/whatsapp.svg\" alt=\"whatsapp\" class=\"ArticleShare_icon__FsrC2\"\/><\/a><a href=\"https:\/\/news.google.com\/publications\/CAAiEPMdif5mpRNxiLOeUpHCwwsqFAgKIhDzHYn-ZqUTcYiznlKRwsML?hl=de&amp;gl=DE&amp;ceid=DE%3Ade\" title=\"Auf Google News folgen\" target=\"_blank\" rel=\"nofollow noopener\"><img decoding=\"async\" src=\"https:\/\/www.n-tv.de\/socialIcons\/google.svg\" alt=\"whatsapp\" class=\"ArticleShare_icon__FsrC2\"\/><\/a><\/p>\n<p class=\"Typography_text-m__XI0da Typography_weight-bold__uT6mq storyline_lead_text_leadtext__q_wg8\">Der Krieg im Nahen Osten schr\u00e4nkt den Luftverkehr in der gesamten Golfregion massiv ein. W\u00e4hrend einzelne Fl\u00fcge wieder stattfinden, legt sich die Lufthansa langfristig fest: Bis Ende Oktober sollen viele Ziele in der Gegend nicht angesteuert werden.<\/p>\n<p class=\"Typography_text-default__P3otY Typography_weight-normal__pqUbH storyline_paragraph_p__qSR5N\">Die Airlines des Lufthansa-Konzerns meiden wegen des Iran-Kriegs viele Ziele in Nahost noch f\u00fcr l\u00e4ngere Zeit. Einzelne Flugh\u00e4fen wie Abu Dhabi, Amman, Beirut, Dammam, Riad, Erbil, Maskat und Teheran sollen bis zum 24. Oktober nicht mehr angeflogen werden, wie das Unternehmen mitteilte. <\/p>\n<p class=\"Typography_text-default__P3otY Typography_weight-normal__pqUbH storyline_paragraph_p__qSR5N\">Es f\u00fchrt daf\u00fcr Sicherheitsrisiken und betriebliche Gr\u00fcnde an. Eine k\u00fcrzere Frist w\u00e4hlt in dieser Flughafen-Gruppe nur die Direktflugtochter Eurowings, die Beirut und Erbil zun\u00e4chst nur bis zum 30. April ausgesetzt hat.<\/p>\n<p class=\"Typography_text-default__P3otY Typography_weight-normal__pqUbH storyline_paragraph_p__qSR5N\">Die genannten Fristen gelten f\u00fcr die Airlines Lufthansa, Swiss, Austrian Airlines, Brussels Airlines, ITA Airways, Edelweiss und Lufthansa Cargo. Die Flugh\u00e4fen in Dubai und Tel Aviv sollen sie bis zum 31. Mai nicht anfliegen. Frachtfl\u00fcge der Lufthansa Cargo und Eurowings-Passagierfl\u00fcge in Israels Metropole pausieren zun\u00e4chst bis zum 30. April.<\/p>\n<p class=\"Typography_text-default__P3otY Typography_weight-normal__pqUbH storyline_paragraph_p__qSR5N\">Seit dem Beginn des Kriegs von Israel und den USA ist der Luftverkehr im Nahen Osten massiv eingeschr\u00e4nkt. Wichtige Drehkreuze f\u00fcr Flugreisende, wie Dubai, Abu Dhabi oder Katar sind nur erschwert erreichbar. Unter anderem in Dubai d\u00fcrfen derzeit keine ausl\u00e4ndischen Airlines operieren. <\/p>\n<p class=\"Typography_text-default__P3otY Typography_weight-normal__pqUbH storyline_paragraph_p__qSR5N\">Der Luftraum Katars ist bis auf einen kleinen Streifen geschlossen. Seit dem 18. M\u00e4rz werden jedoch wieder vereinzelte Fl\u00fcge durchgef\u00fchrt, wie der Hamad International Airport mitteilte. Die gro\u00dfen Flugh\u00e4fen in der Golfregion wurden wiederholt zum Ziel iranischer Drohnen- und Raketenangriffe. <\/p>\n<p class=\"Typography_text-default__P3otY Typography_weight-normal__pqUbH storyline_paragraph_p__qSR5N\">Auch der Flugverkehr nach Israel bleibt weiter stark eingeschr\u00e4nkt. Der gr\u00f6\u00dfte Flughafen des Landes, Ben Gurion, nahe Tel Aviv war erst in der vergangenen Woche nach Angaben der Armee von &#8222;Tr\u00fcmmerteilen&#8220; einer iranischen Rakete getroffen worden.<\/p>\n<p class=\"Typography_text-s__wu_cm Typography_weight-normal__pqUbH Typography_color-darkgrey__sZEnP article-detail-footer_source__KslPc\">Quelle: ntv.de, lme\/dpa<\/p>\n","protected":false},"excerpt":{"rendered":"Mehrere Airlines betroffenLufthansa streicht Nahost-Fl\u00fcge bis Herbst 23.03.2026, 20:52 Uhr Artikel anh\u00f6ren(02:23 min) Sicherheitsrisiken und betriebliche Gr\u00fcnde f\u00fchrt&hellip;\n","protected":false},"author":2,"featured_media":891778,"comment_status":"","ping_status":"","sticky":false,"template":"","format":"standard","meta":{"footnotes":"","_share_on_mastodon":"0"},"categories":[134],"tags":[3411,175,170,169,29,30,345,4046,1746,2108,171,174,5796,173,172,55],"class_list":["post-891777","post","type-post","status-publish","format-standard","has-post-thumbnail","category-unternehmen-maerkte","tag-airlines","tag-business","tag-companies","tag-companies-markets","tag-deutschland","tag-germany","tag-iran","tag-krieg","tag-luftfahrt","tag-lufthansa","tag-markets","tag-maerkte","tag-naher-osten","tag-unternehmen","tag-unternehmen-maerkte","tag-wirtschaft"],"share_on_mastodon":{"url":"https:\/\/pubeurope.com\/@de\/116281368199972230","error":""},"_links":{"self":[{"href":"https:\/\/www.europesays.com\/de\/wp-json\/wp\/v2\/posts\/891777","targetHints":{"allow":["GET"]}}],"collection":[{"href":"https:\/\/www.europesays.com\/de\/wp-json\/wp\/v2\/posts"}],"about":[{"href":"https:\/\/www.europesays.com\/de\/wp-json\/wp\/v2\/types\/post"}],"author":[{"embeddable":true,"href":"https:\/\/www.europesays.com\/de\/wp-json\/wp\/v2\/users\/2"}],"replies":[{"embeddable":true,"href":"https:\/\/www.europesays.com\/de\/wp-json\/wp\/v2\/comments?post=891777"}],"version-history":[{"count":0,"href":"https:\/\/www.europesays.com\/de\/wp-json\/wp\/v2\/posts\/891777\/revisions"}],"wp:featuredmedia":[{"embeddable":true,"href":"https:\/\/www.europesays.com\/de\/wp-json\/wp\/v2\/media\/891778"}],"wp:attachment":[{"href":"https:\/\/www.europesays.com\/de\/wp-json\/wp\/v2\/media?parent=891777"}],"wp:term":[{"taxonomy":"category","embeddable":true,"href":"https:\/\/www.europesays.com\/de\/wp-json\/wp\/v2\/categories?post=891777"},{"taxonomy":"post_tag","embeddable":true,"href":"https:\/\/www.europesays.com\/de\/wp-json\/wp\/v2\/tags?post=891777"}],"curies":[{"name":"wp","href":"https:\/\/api.w.org\/{rel}","templated":true}]}}